{"id":5908,"date":"2023-01-04T10:16:04","date_gmt":"2023-01-04T13:16:04","guid":{"rendered":"https:\/\/aguaslindasnoticias.com.br\/index.php\/2023\/01\/04\/consulta-publica-sobre-revisao-da-poligonal-do-parque-ecologico-do-paranoa\/"},"modified":"2023-01-04T10:16:04","modified_gmt":"2023-01-04T13:16:04","slug":"consulta-publica-sobre-revisao-da-poligonal-do-parque-ecologico-do-paranoa","status":"publish","type":"post","link":"https:\/\/aguaslindasnoticias.com.br\/index.php\/2023\/01\/04\/consulta-publica-sobre-revisao-da-poligonal-do-parque-ecologico-do-paranoa\/","title":{"rendered":"Consulta p\u00fablica sobre revis\u00e3o da poligonal do Parque Ecol\u00f3gico do Parano\u00e1"},"content":{"rendered":"\n<p>Marcado para 9 de dezembro, encontro apresenta a proposta de aumento de mais de 200% na \u00e1rea oficial da unidade de conserva\u00e7\u00e3o<\/p>\n\n\n\n<p>Ag\u00eancia Bras\u00edlia* | Edi\u00e7\u00e3o: Chico Neto<\/p>\n\n\n\n<p>O Instituto Bras\u00edlia Ambiental convida a popula\u00e7\u00e3o do Distrito Federal a participar de consulta p\u00fablica sobre a redefini\u00e7\u00e3o da poligonal do Parque Ecol\u00f3gico do Parano\u00e1, tema que inclui a recategoriza\u00e7\u00e3o da \u00c1rea de Relevante Interesse Ecol\u00f3gico (Arie) Parano\u00e1 Sul.<\/p>\n\n\n\n<figure class=\"wp-block-image\"><img decoding=\"async\" src=\"http:\/\/agenciabrasilia.df.gov.br\/wp-conteudo\/uploads\/2022\/11\/10.11.-Parque-Ecologico-do-Paranoa.-Foto-Paulo-H.-Carvalho-Agencia-Brasilia4.jpeg\" alt=\"\" class=\"wp-image-447520\"\/><figcaption>Amplia\u00e7\u00e3o do espa\u00e7o do parque \u00e9 o principal assunto a ser discutido durante a audi\u00eancia, da qual interessados poder\u00e3o participar presencialmente ou por acompanhamento remoto | Foto: Paulo H. Carvalho\/Ag\u00eancia Bras\u00edlia<\/figcaption><\/figure>\n\n\n\n<p>O encontro ser\u00e1 realizado em 9 de dezembro, das 9h \u00e0s 12h, na Coordena\u00e7\u00e3o Regional de Ensino do Parano\u00e1 (DF-250, Km 3, S\u00edtio Rosas, Regi\u00e3o dos Lagos). Tamb\u00e9m ser\u00e1 poss\u00edvel participar virtualmente, por meio dos canais a serem disponibilizados no site do Bras\u00edlia Ambiental.<\/p>\n\n\n\n<p>A consulta p\u00fablica \u00e9 mais um instrumento para garantir transpar\u00eancia \u00e0s a\u00e7\u00f5es do Governo do Distrito Federal, incluindo a sociedade no debate sobre temas de interesse coletivo. Desta forma, a discuss\u00e3o \u00e9 ampliada, o que propicia a obten\u00e7\u00e3o de mais informa\u00e7\u00f5es, opini\u00f5es e colabora\u00e7\u00f5es para refinar a proposi\u00e7\u00e3o.&nbsp; Posteriormente, o processo dessa consulta ser\u00e1 disponibilizado no site do instituto.<\/p>\n\n\n\n<p>Confira&nbsp;<a href=\"http:\/\/www.brasiliaambiental.df.gov.br\/wp-content\/uploads\/2022\/11\/Proposta-redefinicao-de-poligonal-recategorizacao-PEP-e-ARIE-Paranoa-Sul.pdf\">aqui<\/a>&nbsp;a proposta de redefini\u00e7\u00e3o de poligonal, recategoriza\u00e7\u00e3o e amplia\u00e7\u00e3o do Parque Ecol\u00f3gico do Parano\u00e1.<\/p>\n\n\n\n<p>*<em>Com informa\u00e7\u00f5es do Bras\u00edlia Ambiental<\/em><\/p>\n","protected":false},"excerpt":{"rendered":"<p>Marcado para 9 de dezembro, encontro apresenta a proposta de aumento de mais de 200% na \u00e1rea oficial da unidade de conserva\u00e7\u00e3o Ag\u00eancia Bras\u00edlia* | Edi\u00e7\u00e3o: Chico Neto O Instituto Bras\u00edlia Ambiental convida a popula\u00e7\u00e3o do Distrito Federal a participar de consulta p\u00fablica sobre a redefini\u00e7\u00e3o da poligonal do Parque Ecol\u00f3gico do Parano\u00e1, tema que [&hellip;]<\/p>\n","protected":false},"author":1,"featured_media":0,"comment_status":"open","ping_status":"open","sticky":false,"template":"","format":"standard","meta":{"footnotes":""},"categories":[],"tags":[],"class_list":["post-5908","post","type-post","status-publish","format-standard","hentry"],"_links":{"self":[{"href":"https:\/\/aguaslindasnoticias.com.br\/index.php\/wp-json\/wp\/v2\/posts\/5908","targetHints":{"allow":["GET"]}}],"collection":[{"href":"https:\/\/aguaslindasnoticias.com.br\/index.php\/wp-json\/wp\/v2\/posts"}],"about":[{"href":"https:\/\/aguaslindasnoticias.com.br\/index.php\/wp-json\/wp\/v2\/types\/post"}],"author":[{"embeddable":true,"href":"https:\/\/aguaslindasnoticias.com.br\/index.php\/wp-json\/wp\/v2\/users\/1"}],"replies":[{"embeddable":true,"href":"https:\/\/aguaslindasnoticias.com.br\/index.php\/wp-json\/wp\/v2\/comments?post=5908"}],"version-history":[{"count":0,"href":"https:\/\/aguaslindasnoticias.com.br\/index.php\/wp-json\/wp\/v2\/posts\/5908\/revisions"}],"wp:attachment":[{"href":"https:\/\/aguaslindasnoticias.com.br\/index.php\/wp-json\/wp\/v2\/media?parent=5908"}],"wp:term":[{"taxonomy":"category","embeddable":true,"href":"https:\/\/aguaslindasnoticias.com.br\/index.php\/wp-json\/wp\/v2\/categories?post=5908"},{"taxonomy":"post_tag","embeddable":true,"href":"https:\/\/aguaslindasnoticias.com.br\/index.php\/wp-json\/wp\/v2\/tags?post=5908"}],"curies":[{"name":"wp","href":"https:\/\/api.w.org\/{rel}","templated":true}]}}