{"id":5907,"date":"2023-01-04T10:16:04","date_gmt":"2023-01-04T13:16:04","guid":{"rendered":"https:\/\/aguaslindasnoticias.com.br\/index.php\/2023\/01\/04\/distritais-aprovam-atualizacao-do-plano-diretor-de-publicidade-em-primeiro-turno\/"},"modified":"2023-01-04T10:16:04","modified_gmt":"2023-01-04T13:16:04","slug":"distritais-aprovam-atualizacao-do-plano-diretor-de-publicidade-em-primeiro-turno","status":"publish","type":"post","link":"https:\/\/aguaslindasnoticias.com.br\/index.php\/2023\/01\/04\/distritais-aprovam-atualizacao-do-plano-diretor-de-publicidade-em-primeiro-turno\/","title":{"rendered":"Distritais aprovam atualiza\u00e7\u00e3o do Plano Diretor de Publicidade em primeiro turno"},"content":{"rendered":"\n<p>Foto: Silvio Abdon\/CLDF<\/p>\n\n\n\n<figure class=\"wp-block-image\"><img decoding=\"async\" src=\"https:\/\/www.cl.df.gov.br\/documents\/10162\/26227872\/2211392SA+%2836%29.jpg\/5c1cd736-9208-8d3a-e7ea-b566c7a58dfd?t=1667939830404\" alt=\"As mudan\u00e7as s\u00e3o necess\u00e1rias para a adequa\u00e7\u00e3o do Plano Diretor \u00e0 nova Lei de Licita\u00e7\u00f5es\"\/><\/figure>\n\n\n\n<p>As mudan\u00e7as s\u00e3o necess\u00e1rias para a adequa\u00e7\u00e3o do Plano Diretor \u00e0 nova Lei de Licita\u00e7\u00f5es<\/p>\n\n\n\n<p>A C\u00e2mara Legislativa do Distrito Federal aprovou na tarde desta ter\u00e7a-feira (8), durante sess\u00e3o ordin\u00e1ria, um substitutivo ao projeto de lei n\u00ba 2.649\/2022, do deputado Hermeto (MDB), que altera reda\u00e7\u00f5es de artigos da legisla\u00e7\u00e3o que estabeleceu o Plano Diretor de Publicidade das regi\u00f5es administrativas, especialmente em rela\u00e7\u00e3o ao uso de outdoors. O substitutivo foi aprovado em primeiro turno com 13 votos favor\u00e1veis e ainda precisa ser analisado em segunda vota\u00e7\u00e3o, antes de seguir \u00e0 san\u00e7\u00e3o do governador Ibaneis Rocha.<\/p>\n\n\n\n<p>De acordo com a justificativa do autor, as mudan\u00e7as s\u00e3o necess\u00e1rias para a adequa\u00e7\u00e3o do Plano Diretor \u00e0 nova Lei de Licita\u00e7\u00f5es. \u201cA necessidade \u00e9 premente e visa a corrigir referidos dispositivos, inclusive quanto ao seu conte\u00fado material, visto que, com a revoga\u00e7\u00e3o da Lei de 1993 e a mesma deixando de existir, n\u00e3o h\u00e1 como se manter preceito legal no \u00e2mbito do DF que fa\u00e7a men\u00e7\u00e3o \u00e0 lei j\u00e1 n\u00e3o existente no mundo jur\u00eddico\u201d, ponderou Hermeto.<\/p>\n\n\n\n<p>As altera\u00e7\u00f5es propostas, segundo o deputado, alinham a exigibilidade de pr\u00e9via licita\u00e7\u00e3o para o licenciamento mediante a permiss\u00e3o e\/ou a concess\u00e3o de uso dos espa\u00e7os p\u00fablicos, nos casos aplic\u00e1veis. Segundo o distrital, o projeto atende \u201cde forma eficaz e eficiente tanto o interesse p\u00fablico, do estado (DF) e da sociedade, e tamb\u00e9m o interesse privado, das empresas locais de m\u00eddia exterior e de seus anunciantes, garantindo o alcance dos anseios desejados pela norma&#8221;.<\/p>\n\n\n\n<p><strong>Lu\u00eds Cl\u00e1udio Alves &#8211; Ag\u00eancia CLDF<\/strong><\/p>\n","protected":false},"excerpt":{"rendered":"<p>Foto: Silvio Abdon\/CLDF As mudan\u00e7as s\u00e3o necess\u00e1rias para a adequa\u00e7\u00e3o do Plano Diretor \u00e0 nova Lei de Licita\u00e7\u00f5es A C\u00e2mara Legislativa do Distrito Federal aprovou na tarde desta ter\u00e7a-feira (8), durante sess\u00e3o ordin\u00e1ria, um substitutivo ao projeto de lei n\u00ba 2.649\/2022, do deputado Hermeto (MDB), que altera reda\u00e7\u00f5es de artigos da legisla\u00e7\u00e3o que estabeleceu o [&hellip;]<\/p>\n","protected":false},"author":1,"featured_media":0,"comment_status":"open","ping_status":"open","sticky":false,"template":"","format":"standard","meta":{"footnotes":""},"categories":[],"tags":[],"class_list":["post-5907","post","type-post","status-publish","format-standard","hentry"],"_links":{"self":[{"href":"https:\/\/aguaslindasnoticias.com.br\/index.php\/wp-json\/wp\/v2\/posts\/5907","targetHints":{"allow":["GET"]}}],"collection":[{"href":"https:\/\/aguaslindasnoticias.com.br\/index.php\/wp-json\/wp\/v2\/posts"}],"about":[{"href":"https:\/\/aguaslindasnoticias.com.br\/index.php\/wp-json\/wp\/v2\/types\/post"}],"author":[{"embeddable":true,"href":"https:\/\/aguaslindasnoticias.com.br\/index.php\/wp-json\/wp\/v2\/users\/1"}],"replies":[{"embeddable":true,"href":"https:\/\/aguaslindasnoticias.com.br\/index.php\/wp-json\/wp\/v2\/comments?post=5907"}],"version-history":[{"count":0,"href":"https:\/\/aguaslindasnoticias.com.br\/index.php\/wp-json\/wp\/v2\/posts\/5907\/revisions"}],"wp:attachment":[{"href":"https:\/\/aguaslindasnoticias.com.br\/index.php\/wp-json\/wp\/v2\/media?parent=5907"}],"wp:term":[{"taxonomy":"category","embeddable":true,"href":"https:\/\/aguaslindasnoticias.com.br\/index.php\/wp-json\/wp\/v2\/categories?post=5907"},{"taxonomy":"post_tag","embeddable":true,"href":"https:\/\/aguaslindasnoticias.com.br\/index.php\/wp-json\/wp\/v2\/tags?post=5907"}],"curies":[{"name":"wp","href":"https:\/\/api.w.org\/{rel}","templated":true}]}}