{"id":5906,"date":"2023-01-04T10:16:04","date_gmt":"2023-01-04T13:16:04","guid":{"rendered":"https:\/\/aguaslindasnoticias.com.br\/index.php\/2023\/01\/04\/inclusao-de-pais-como-beneficiarios-do-gdf-saude-e-aprovada-pela-cesc\/"},"modified":"2023-01-04T10:16:04","modified_gmt":"2023-01-04T13:16:04","slug":"inclusao-de-pais-como-beneficiarios-do-gdf-saude-e-aprovada-pela-cesc","status":"publish","type":"post","link":"https:\/\/aguaslindasnoticias.com.br\/index.php\/2023\/01\/04\/inclusao-de-pais-como-beneficiarios-do-gdf-saude-e-aprovada-pela-cesc\/","title":{"rendered":"Inclus\u00e3o de pais como benefici\u00e1rios do GDF SA\u00daDE \u00e9 aprovada pela CESC"},"content":{"rendered":"\n<p>Foto: Ag\u00eancia Bras\u00edlia<\/p>\n\n\n\n<figure class=\"wp-block-image\"><img decoding=\"async\" src=\"https:\/\/www.cl.df.gov.br\/documents\/21991200\/26224652\/carteirinha.jpeg\/ab808df3-1ddf-b2fd-94f8-2a8fb04672ef?t=1667849934957\" alt=\"O PL foi proposto pelo deputado Rafael Prudente\"\/><\/figure>\n\n\n\n<p>O PL foi proposto pelo deputado Rafael Prudente<\/p>\n\n\n\n<p>A inclus\u00e3o de pais e m\u00e3es como benefici\u00e1rios junto \u00e0 Assist\u00eancia Suplementar \u00e0 Sa\u00fade do Distrito Federal, GDF-SA\u00daDE-DF, objetivo do Projeto de Lei 1.696\/2021, foi aprovada pela Comiss\u00e3o de Educa\u00e7\u00e3o, Sa\u00fade e Cultura (CESC) da C\u00e2mara Legislativa em reuni\u00e3o na tarde desta segunda-feira (7).<\/p>\n\n\n\n<p>Proposto pelo deputado&nbsp;<a href=\"https:\/\/www.cl.df.gov.br\/web\/guest\/rafael-prudente-2019-2022\">Rafael Prudente&nbsp;<\/a>(MDB), o projeto altera a Lei 3.831\/2006 a fim de permitir a inclus\u00e3o, desde que comprovada a depend\u00eancia econ\u00f4mica dos pais e m\u00e3es em rela\u00e7\u00e3o aos benefici\u00e1rios titulares. Contudo, o parlamentar alerta que o estado de depend\u00eancia econ\u00f4mica deve ser habitual e efetivo, n\u00e3o se admitindo casos de depend\u00eancia meramente tempor\u00e1ria ou eventual.<\/p>\n\n\n\n<p>Em seu parecer favor\u00e1vel \u00e0 mat\u00e9ria, o deputado Leandro Grass (PV) citou que, durante o prazo regimental, foi apresentada emenda aditiva pelo deputado Cl\u00e1udio Abrantes (PSD), que altera o art. 5\u00ba da Lei no 3.831\/2006, para integrar ao rol de benefici\u00e1rios do GDF-SA\u00daDE-DF as carreiras policiais civis do DF.<\/p>\n\n\n\n<p>O projeto de Prudente, aprovado pela CESC com a emenda aditiva de Abrantes, ser\u00e1 apreciado pelas comiss\u00f5es de Economia, Or\u00e7amento e Finan\u00e7as (CEOF) e Constitui\u00e7\u00e3o e Justi\u00e7a (CCJ), antes de ir \u00e0 vota\u00e7\u00e3o pelo plen\u00e1rio.<\/p>\n\n\n\n<p>Com transmiss\u00e3o ao vivo pela TV C\u00e2mara Legislativa (canal 9.3) e&nbsp;<a href=\"https:\/\/www.youtube.com\/watch?v=uFCrO4BOrRQ&amp;list=PLgjufDVoPk_NJlqfd9x5KyI80FcsTb1eW&amp;index=1\">Youtube<\/a>, e tradu\u00e7\u00e3o simult\u00e2nea em Libras, a reuni\u00e3o do colegiado contou com os deputados Arlete Sampaio (PT), Leandro Grass (PV) e Fernando Fernandes (PROS).<\/p>\n\n\n\n<p><strong>Franci Moraes &#8211; Ag\u00eancia CLDF<\/strong><\/p>\n","protected":false},"excerpt":{"rendered":"<p>Foto: Ag\u00eancia Bras\u00edlia O PL foi proposto pelo deputado Rafael Prudente A inclus\u00e3o de pais e m\u00e3es como benefici\u00e1rios junto \u00e0 Assist\u00eancia Suplementar \u00e0 Sa\u00fade do Distrito Federal, GDF-SA\u00daDE-DF, objetivo do Projeto de Lei 1.696\/2021, foi aprovada pela Comiss\u00e3o de Educa\u00e7\u00e3o, Sa\u00fade e Cultura (CESC) da C\u00e2mara Legislativa em reuni\u00e3o na tarde desta segunda-feira (7). [&hellip;]<\/p>\n","protected":false},"author":1,"featured_media":0,"comment_status":"open","ping_status":"open","sticky":false,"template":"","format":"standard","meta":{"footnotes":""},"categories":[],"tags":[],"class_list":["post-5906","post","type-post","status-publish","format-standard","hentry"],"_links":{"self":[{"href":"https:\/\/aguaslindasnoticias.com.br\/index.php\/wp-json\/wp\/v2\/posts\/5906","targetHints":{"allow":["GET"]}}],"collection":[{"href":"https:\/\/aguaslindasnoticias.com.br\/index.php\/wp-json\/wp\/v2\/posts"}],"about":[{"href":"https:\/\/aguaslindasnoticias.com.br\/index.php\/wp-json\/wp\/v2\/types\/post"}],"author":[{"embeddable":true,"href":"https:\/\/aguaslindasnoticias.com.br\/index.php\/wp-json\/wp\/v2\/users\/1"}],"replies":[{"embeddable":true,"href":"https:\/\/aguaslindasnoticias.com.br\/index.php\/wp-json\/wp\/v2\/comments?post=5906"}],"version-history":[{"count":0,"href":"https:\/\/aguaslindasnoticias.com.br\/index.php\/wp-json\/wp\/v2\/posts\/5906\/revisions"}],"wp:attachment":[{"href":"https:\/\/aguaslindasnoticias.com.br\/index.php\/wp-json\/wp\/v2\/media?parent=5906"}],"wp:term":[{"taxonomy":"category","embeddable":true,"href":"https:\/\/aguaslindasnoticias.com.br\/index.php\/wp-json\/wp\/v2\/categories?post=5906"},{"taxonomy":"post_tag","embeddable":true,"href":"https:\/\/aguaslindasnoticias.com.br\/index.php\/wp-json\/wp\/v2\/tags?post=5906"}],"curies":[{"name":"wp","href":"https:\/\/api.w.org\/{rel}","templated":true}]}}