{"id":5905,"date":"2023-01-04T10:16:04","date_gmt":"2023-01-04T13:16:04","guid":{"rendered":"https:\/\/aguaslindasnoticias.com.br\/index.php\/2023\/01\/04\/cesc-aprova-pets-no-cotidiano-das-escolas\/"},"modified":"2023-01-04T10:16:04","modified_gmt":"2023-01-04T13:16:04","slug":"cesc-aprova-pets-no-cotidiano-das-escolas","status":"publish","type":"post","link":"https:\/\/aguaslindasnoticias.com.br\/index.php\/2023\/01\/04\/cesc-aprova-pets-no-cotidiano-das-escolas\/","title":{"rendered":"CESC aprova pets no cotidiano das escolas"},"content":{"rendered":"\n<p>Foto: Freepik<\/p>\n\n\n\n<figure class=\"wp-block-image\"><img decoding=\"async\" src=\"https:\/\/www.cl.df.gov.br\/documents\/21991200\/26224883\/foto-recortada-de-crianca-acariciando-gato-malhado-na-sala-de-aula-da-escola-amigavel-para-animais-de-estimacao-copie-o-espaco_236854-36170+%281%29.jpg\/4796ad37-f61e-0043-c1a8-4fa0dbe93a78?t=1667853070471\" alt=\"Para o autor do PL, Reginaldo Sardinha, os animais ajudam no combate \u00e0 ansiedade e ao estresse dos alunos\"\/><\/figure>\n\n\n\n<p>Para o autor do PL, Reginaldo Sardinha, os animais ajudam no combate \u00e0 ansiedade e ao estresse dos alunos<\/p>\n\n\n\n<p>Em reuni\u00e3o na tarde desta segunda-feira (7), a Comiss\u00e3o de Educa\u00e7\u00e3o, Sa\u00fade e Cultura (CESC) da C\u00e2mara Legislativa aprovou o Projeto de Lei 2.835\/2022, que institui o Programa de Educa\u00e7\u00e3o para a Posse Respons\u00e1vel de Animais Dom\u00e9sticos (Pet-Escolar) nos ensinos fundamental e m\u00e9dio das escolas p\u00fablicas do DF.<\/p>\n\n\n\n<p>O autor, deputado&nbsp;<a href=\"https:\/\/www.cl.df.gov.br\/web\/guest\/reginaldo-sardinha-2019-2022\">Reginaldo Sardinha&nbsp;<\/a>(PL), entende que animais domesticados no cotidiano escolar podem combater a ansiedade e o estresse dos alunos. \u201cUltimamente tem sido comum a utiliza\u00e7\u00e3o de animais como terapia em diversas situa\u00e7\u00f5es, como no aux\u00edlio a tratamentos de doen\u00e7as, em unidades de sa\u00fade, asilos e outros locais com resultados exitosos\u201d, argumenta. Sardinha citou, entre outros exemplos, a Escola Classe Granja do Torto, que ganhou destaque por utilizar animais na adapta\u00e7\u00e3o e inclus\u00e3o de tr\u00eas alunos autistas.<\/p>\n\n\n\n<p><strong>Posse consciente<\/strong><\/p>\n\n\n\n<p>Al\u00e9m da import\u00e2ncia da posse consciente, o objetivo da proposta \u00e9 transmitir informa\u00e7\u00f5es aos alunos acerca do cuidado que se deve ter com os animais. De acordo com o texto, o Pet-Escolar deve abordar assuntos como o consentimento e aceita\u00e7\u00e3o do animal por parte das fam\u00edlias, e a disponibilidade de tempo e de recursos financeiros para despesas com vacina\u00e7\u00e3o, verm\u00edfugos, abrigo, etc. Os temas podem ser ministrados em parcerias com entidades protetoras de animais, Conselho Regional de Medicina Veterin\u00e1ria do Distrito Federal, Batalh\u00e3o de Policiamento com C\u00e3es e profissionais credenciados em adestramento animal.<\/p>\n\n\n\n<p>Antes de ir a plen\u00e1rio, a mat\u00e9ria passar\u00e1 pela an\u00e1lise das comiss\u00f5es de Desenvolvimento Econ\u00f4mico Sustent\u00e1vel, Ci\u00eancia, Tecnologia, Meio Ambiente e Turismo (CDESCTMAT) e Constitui\u00e7\u00e3o e Justi\u00e7a (CCJ).<\/p>\n\n\n\n<p>Com tradu\u00e7\u00e3o simult\u00e2nea em Libras e transmiss\u00e3o ao vivo pela TV C\u00e2mara Legislativa (canal 9.3) e&nbsp;<a href=\"https:\/\/www.youtube.com\/watch?v=uFCrO4BOrRQ&amp;list=PLgjufDVoPk_NJlqfd9x5KyI80FcsTb1eW&amp;index=1\">Youtube<\/a>, a reuni\u00e3o da CESC contou com a participa\u00e7\u00e3o dos deputados Fernando Fernandes (PROS), Arlete Sampaio (PT) e Leandro Grass (PV). A pr\u00f3xima reuni\u00e3o do colegiado acontecer\u00e1 no dia 21 deste m\u00eas.<\/p>\n\n\n\n<p><strong>Franci Moraes &#8211; Ag\u00eancia CLDF<\/strong><\/p>\n","protected":false},"excerpt":{"rendered":"<p>Foto: Freepik Para o autor do PL, Reginaldo Sardinha, os animais ajudam no combate \u00e0 ansiedade e ao estresse dos alunos Em reuni\u00e3o na tarde desta segunda-feira (7), a Comiss\u00e3o de Educa\u00e7\u00e3o, Sa\u00fade e Cultura (CESC) da C\u00e2mara Legislativa aprovou o Projeto de Lei 2.835\/2022, que institui o Programa de Educa\u00e7\u00e3o para a Posse Respons\u00e1vel [&hellip;]<\/p>\n","protected":false},"author":1,"featured_media":0,"comment_status":"open","ping_status":"open","sticky":false,"template":"","format":"standard","meta":{"footnotes":""},"categories":[],"tags":[],"class_list":["post-5905","post","type-post","status-publish","format-standard","hentry"],"_links":{"self":[{"href":"https:\/\/aguaslindasnoticias.com.br\/index.php\/wp-json\/wp\/v2\/posts\/5905","targetHints":{"allow":["GET"]}}],"collection":[{"href":"https:\/\/aguaslindasnoticias.com.br\/index.php\/wp-json\/wp\/v2\/posts"}],"about":[{"href":"https:\/\/aguaslindasnoticias.com.br\/index.php\/wp-json\/wp\/v2\/types\/post"}],"author":[{"embeddable":true,"href":"https:\/\/aguaslindasnoticias.com.br\/index.php\/wp-json\/wp\/v2\/users\/1"}],"replies":[{"embeddable":true,"href":"https:\/\/aguaslindasnoticias.com.br\/index.php\/wp-json\/wp\/v2\/comments?post=5905"}],"version-history":[{"count":0,"href":"https:\/\/aguaslindasnoticias.com.br\/index.php\/wp-json\/wp\/v2\/posts\/5905\/revisions"}],"wp:attachment":[{"href":"https:\/\/aguaslindasnoticias.com.br\/index.php\/wp-json\/wp\/v2\/media?parent=5905"}],"wp:term":[{"taxonomy":"category","embeddable":true,"href":"https:\/\/aguaslindasnoticias.com.br\/index.php\/wp-json\/wp\/v2\/categories?post=5905"},{"taxonomy":"post_tag","embeddable":true,"href":"https:\/\/aguaslindasnoticias.com.br\/index.php\/wp-json\/wp\/v2\/tags?post=5905"}],"curies":[{"name":"wp","href":"https:\/\/api.w.org\/{rel}","templated":true}]}}