{"id":5904,"date":"2023-01-04T10:16:04","date_gmt":"2023-01-04T13:16:04","guid":{"rendered":"https:\/\/aguaslindasnoticias.com.br\/index.php\/2023\/01\/04\/parlamentares-pedem-urgencia-em-normas-que-permitem-novas-atividades-no-scs\/"},"modified":"2023-01-04T10:16:04","modified_gmt":"2023-01-04T13:16:04","slug":"parlamentares-pedem-urgencia-em-normas-que-permitem-novas-atividades-no-scs","status":"publish","type":"post","link":"https:\/\/aguaslindasnoticias.com.br\/index.php\/2023\/01\/04\/parlamentares-pedem-urgencia-em-normas-que-permitem-novas-atividades-no-scs\/","title":{"rendered":"Parlamentares pedem urg\u00eancia em normas que permitem novas atividades no SCS"},"content":{"rendered":"\n<p>Foto: Pedro Ventura\/Ag\u00eancia Bras\u00edlia<\/p>\n\n\n\n<figure class=\"wp-block-image\"><img decoding=\"async\" src=\"https:\/\/www.cl.df.gov.br\/documents\/21991200\/26228408\/24101539890_14d4b48a31_k.jpg\/a3b46f18-d57d-eae2-0a17-54b926d89845?t=1667942261711\" alt=\"A proposta n\u00e3o prev\u00ea a possibilidade de moradia no SCS\"\/><\/figure>\n\n\n\n<p>A proposta n\u00e3o prev\u00ea a possibilidade de moradia no SCS<\/p>\n\n\n\n<p>Em sess\u00e3o plen\u00e1ria realizada nesta ter\u00e7a-feira (08), os deputados distritais se pronunciaram sobre a urg\u00eancia de revisar as normas que estabelecem regras para o uso e a ocupa\u00e7\u00e3o do Setor Comercial Sul (SCS). Tal revis\u00e3o deve permitir a extens\u00e3o de usos comerciais e de presta\u00e7\u00e3o de servi\u00e7os, conforme j\u00e1 consta de minuta do projeto de lei complementar que est\u00e1 sendo elaborado pela Secretaria de Estado de Desenvolvimento Urbano e Habita\u00e7\u00e3o (Seduh).<\/p>\n\n\n\n<p><img decoding=\"async\" width=\"351\" src=\"https:\/\/www.cl.df.gov.br\/documents\/10162\/26227872\/2211392SA+%2823%29.jpg\/a78981b5-2b0a-0cf0-97f2-373cde02376d?t=1667939832022\">O deputado Chico Vigilante (PT) registrou que j\u00e1 realizou audi\u00eancia p\u00fablica sobre o assunto e como continuidade da quest\u00e3o a Seduh realiza&nbsp;consulta p\u00fablica.&nbsp;Segundo Vigilante, \u201cteremos cerca de 300 novas destina\u00e7\u00f5es permitidas no SCS, dentre elas faculdades, cursos de p\u00f3s-gradua\u00e7\u00e3o, creches, educa\u00e7\u00e3o profissional de n\u00edvel t\u00e9cnico e tecnologia da informa\u00e7\u00e3o. No que depender de n\u00f3s, vamos aprovar essa proposta ainda nesse ano. Feliz por ter iniciado esse debate\u201d.<\/p>\n\n\n\n<p><img decoding=\"async\" width=\"378\" src=\"https:\/\/www.cl.df.gov.br\/documents\/10162\/26227872\/2211392SA+%2819%29.jpg\/b0b0386c-931c-2029-b05e-04a4ce7a879d?t=1667940898272\">A deputada Julia Lucy (Uni\u00e3o) avisou que em novembro haver\u00e1 duas audi\u00eancias p\u00fablicas para discutir altera\u00e7\u00f5es no Plano de Preserva\u00e7\u00e3o do Conjunto Urban\u00edstico de Bras\u00edlia (PPCUB), incluindo a o SCS que est\u00e1 prevista para ser realizada no pr\u00f3ximo dia 17. \u201cNo SCS, por exemplo, hoje n\u00e3o se pode instalar uma faculdade. Vamos levar essas duas discuss\u00f5es \u00e0 frente, sobretudo do Setor Comercial Sul\u201d, afirmou a parlamentar. A distrital registrou ainda que j\u00e1 no pr\u00f3ximo dia 17 ser\u00e1 realizada audi\u00eancia p\u00fablica para debater o&nbsp;PPCUB&nbsp;na Vila Planalto.<\/p>\n\n\n\n<p>A Seduh realizou hoje audi\u00eancia p\u00fablica sobre o assunto e, como a&nbsp;mat\u00e9ria ainda n\u00e3o tramita na C\u00e2mara Legislativa do Distrito Federal (CLDF), os pr\u00f3ximos passos s\u00e3o a equipe da Seduh finalizar a minuta, fazendo os ajustes t\u00e9cnicos necess\u00e1rios na proposta. Na sequ\u00eancia, o texto deve ser encaminhado para a delibera\u00e7\u00e3o do Conplan e, no momento seguinte, enviado para an\u00e1lise dos parlamentares na CLDF. A proposta n\u00e3o prev\u00ea a possibilidade de moradia no SCS.<\/p>\n\n\n\n<h4 class=\"wp-block-heading\">Educa\u00e7\u00e3o<\/h4>\n\n\n\n<figure class=\"wp-block-image\"><img decoding=\"async\" src=\"https:\/\/www.cl.df.gov.br\/documents\/10162\/26227872\/2211392SA+%2830%29.jpg\/94154f3c-81c8-6bb5-d163-7f5e93da9d0c?t=1667941320505\" alt=\"\"\/><\/figure>\n\n\n\n<p>A educa\u00e7\u00e3o tamb\u00e9m foi tema dos pronunciamentos. O deputado Jo\u00e3o Cardoso (Avante) falou sobre a necessidade de alterar o PL 3.015\/2022, que disp\u00f5em acerca do Plano Diretor de Publicidade das Regi\u00f5es Administrativas do Distrito Federal.<\/p>\n\n\n\n<p>Segundo o parlamentar, \u201co projeto n\u00e3o veio de uma forma que atenda as demandas da educa\u00e7\u00e3o e por isso fiz uma emenda propondo a prorroga\u00e7\u00e3o do mandato dos atuais diretores das escolas at\u00e9 o dia 30 de dezembro de 2023, sendo que a proposta tem a data at\u00e9 o fim de mar\u00e7o\u201d. Al\u00e9m disso, Cardoso apresentou mais duas emendas \u00e0 proposta. A primeira \u00e9 para definir o prazo da avalia\u00e7\u00e3o individual, necess\u00e1ria para o servidor poder se candidatar a cargo na diretoria. Outra emenda \u00e9 para determinar a obrigatoriedade que o conselho escolar conte com ao menos um&nbsp;membro&nbsp;da carreira de assist\u00eancia \u00e0 educa\u00e7\u00e3o e um representante&nbsp;dos trabalhadores nas escolas particulares.<\/p>\n\n\n\n<p><strong>Francisco Esp\u00ednola &#8211; Ag\u00eancia CLDF<\/strong><\/p>\n","protected":false},"excerpt":{"rendered":"<p>Foto: Pedro Ventura\/Ag\u00eancia Bras\u00edlia A proposta n\u00e3o prev\u00ea a possibilidade de moradia no SCS Em sess\u00e3o plen\u00e1ria realizada nesta ter\u00e7a-feira (08), os deputados distritais se pronunciaram sobre a urg\u00eancia de revisar as normas que estabelecem regras para o uso e a ocupa\u00e7\u00e3o do Setor Comercial Sul (SCS). Tal revis\u00e3o deve permitir a extens\u00e3o de usos [&hellip;]<\/p>\n","protected":false},"author":1,"featured_media":0,"comment_status":"open","ping_status":"open","sticky":false,"template":"","format":"standard","meta":{"footnotes":""},"categories":[],"tags":[],"class_list":["post-5904","post","type-post","status-publish","format-standard","hentry"],"_links":{"self":[{"href":"https:\/\/aguaslindasnoticias.com.br\/index.php\/wp-json\/wp\/v2\/posts\/5904","targetHints":{"allow":["GET"]}}],"collection":[{"href":"https:\/\/aguaslindasnoticias.com.br\/index.php\/wp-json\/wp\/v2\/posts"}],"about":[{"href":"https:\/\/aguaslindasnoticias.com.br\/index.php\/wp-json\/wp\/v2\/types\/post"}],"author":[{"embeddable":true,"href":"https:\/\/aguaslindasnoticias.com.br\/index.php\/wp-json\/wp\/v2\/users\/1"}],"replies":[{"embeddable":true,"href":"https:\/\/aguaslindasnoticias.com.br\/index.php\/wp-json\/wp\/v2\/comments?post=5904"}],"version-history":[{"count":0,"href":"https:\/\/aguaslindasnoticias.com.br\/index.php\/wp-json\/wp\/v2\/posts\/5904\/revisions"}],"wp:attachment":[{"href":"https:\/\/aguaslindasnoticias.com.br\/index.php\/wp-json\/wp\/v2\/media?parent=5904"}],"wp:term":[{"taxonomy":"category","embeddable":true,"href":"https:\/\/aguaslindasnoticias.com.br\/index.php\/wp-json\/wp\/v2\/categories?post=5904"},{"taxonomy":"post_tag","embeddable":true,"href":"https:\/\/aguaslindasnoticias.com.br\/index.php\/wp-json\/wp\/v2\/tags?post=5904"}],"curies":[{"name":"wp","href":"https:\/\/api.w.org\/{rel}","templated":true}]}}