{"id":5899,"date":"2023-01-04T10:16:04","date_gmt":"2023-01-04T13:16:04","guid":{"rendered":"https:\/\/aguaslindasnoticias.com.br\/index.php\/2023\/01\/04\/inclusao-de-imigrantes-e-refugiados-leva-sao-sebastiao-ao-vale-do-silicio\/"},"modified":"2023-01-04T10:16:04","modified_gmt":"2023-01-04T13:16:04","slug":"inclusao-de-imigrantes-e-refugiados-leva-sao-sebastiao-ao-vale-do-silicio","status":"publish","type":"post","link":"https:\/\/aguaslindasnoticias.com.br\/index.php\/2023\/01\/04\/inclusao-de-imigrantes-e-refugiados-leva-sao-sebastiao-ao-vale-do-silicio\/","title":{"rendered":"Inclus\u00e3o de imigrantes e refugiados leva S\u00e3o Sebasti\u00e3o ao Vale do Sil\u00edcio"},"content":{"rendered":"\n<p>Premiada pelo programa ImigraSS, equipe da administra\u00e7\u00e3o regional integra comitiva do Sebrae em visita ao principal polo de tecnologia do mundo, nos EUA<\/p>\n\n\n\n<p>H\u00e9dio Ferreira J\u00fanior, da Ag\u00eancia Bras\u00edlia | Edi\u00e7\u00e3o: Rosualdo Rodrigues<\/p>\n\n\n\n<p>Respons\u00e1vel por mapear, identificar problemas e propor pol\u00edticas p\u00fablicas de melhoria da qualidade de vida de estrangeiros e refugiados residentes em S\u00e3o Sebasti\u00e3o, o programa ImigraSS levou a regi\u00e3o administrativa ao Vale do Sil\u00edcio. De 5 a 11 de novembro, uma comitiva de nove servidores do Governo do Distrito Federal (GDF) faz uma imers\u00e3o no polo onde est\u00e3o as principais empresas e startups de tecnologia do mundo, nos Estados Unidos.<\/p>\n\n\n\n<blockquote class=\"wp-block-quote is-layout-flow wp-block-quote-is-layout-flow\"><p>\u201cLevamos representantes de todas as categorias do pr\u00eamio para que eles possam aprender durante esta semana de imers\u00e3o e trazer esses ensinamentos para serem aplicados aqui no Distrito Federal\u201dRose Rainha, diretora t\u00e9cnica do Sebrae-DF<\/p><\/blockquote>\n\n\n\n<p>A viagem \u2013 que tem status de miss\u00e3o com palestras e visitas t\u00e9cnicas, e n\u00e3o se designa como um passeio \u2013 \u00e9 a gratifica\u00e7\u00e3o do Pr\u00eamio Cidade Empreendedora, onde o ImigraSS levou o 1\u00ba lugar geral e o 1\u00ba lugar na categoria Inclus\u00e3o Produtiva. A a\u00e7\u00e3o foi elaborada e desenvolvida pela Administra\u00e7\u00e3o Regional de S\u00e3o Sebasti\u00e3o.<\/p>\n\n\n\n<p>\u201cLevamos representantes de todas as categorias do pr\u00eamio para que eles possam aprender durante esta semana de imers\u00e3o e trazer esses ensinamentos para serem aplicados aqui no Distrito Federal\u201d, afirma a diretora t\u00e9cnica do Sebrae-DF, Rose Rainha. Gerente de Estrat\u00e9gia e Pol\u00edticas P\u00fablicas da institui\u00e7\u00e3o, Jorge Adriano Soares da Silva destaca o potencial&nbsp; humano e a estrutura oferecida por Bras\u00edlia. \u201cN\u00f3s temos bons empreendedores e todas as demais condi\u00e7\u00f5es de fazer Bras\u00edlia se tornar um polo de empreendedorismo e inova\u00e7\u00e3o\u201d.<\/p>\n\n\n\n<p>A ideia de tra\u00e7ar um perfil das pessoas que deixaram seus pa\u00edses e fixaram resid\u00eancia em S\u00e3o Sebasti\u00e3o surgiu logo no come\u00e7o da gest\u00e3o, em 2019. Rec\u00e9m-empossado no cargo, o ent\u00e3o administrador Alan Valim pediu \u00e0 equipe um relat\u00f3rio com os principais desafios dos 100 primeiros dias de governo e o que a administra\u00e7\u00e3o regional poderia fazer para resolv\u00ea-los.<\/p>\n\n\n\n<figure class=\"wp-block-image\"><img decoding=\"async\" src=\"http:\/\/agenciabrasilia.df.gov.br\/wp-conteudo\/uploads\/2022\/11\/Foto-Arquivo-Agencia-Brasilia-1.jpeg\" alt=\"\" class=\"wp-image-446675\"\/><figcaption>A Administra\u00e7\u00e3o Regional de S\u00e3o Sebasti\u00e3o foi a primeira do DF a emitir autoriza\u00e7\u00e3o para empreendedores de rua estrangeiros, situa\u00e7\u00e3o at\u00e9 ent\u00e3o impossibilitada | Foto: Arquivo Ag\u00eancia Bras\u00edlia<\/figcaption><\/figure>\n\n\n\n<p>Uma das principais quest\u00f5es apontadas pelo documento foi a grande quantidade de imigrantes e refugiados venezuelanos vivendo na cidade \u2013 o que, em segundo momento, se mostrou bem maior com a presen\u00e7a tamb\u00e9m de pessoas de outras nacionalidades, como haitianos, nigerianos e colombianos.<\/p>\n\n\n\n<p>Iniciou-se ali um trabalho de campo com visitas \u00e0s entidades que faziam esse acolhimento e em busca de tratativas para proporcionar o m\u00ednimo de dignidade a esses cidad\u00e3os \u2013 al\u00e9m de entender os impactos que isso traria a rede de servi\u00e7os p\u00fablicos de S\u00e3o Sebasti\u00e3o.<\/p>\n\n\n\n<p>\u201cImportante ressaltar a alta vulnerabilidade dessas pessoas que estavam sem documentos, recursos financeiros, fam\u00edlia, amigos, vestu\u00e1rio e, longe de suas p\u00e1trias, ainda enfrentam a barreira do idioma e de outras problemas inerentes \u00e0s suas situa\u00e7\u00f5es de imigrante e\/ou refugiado\u201d, explica o ex-administrador Valim.<\/p>\n\n\n\n<p>Tratativas foram realizadas com a Organiza\u00e7\u00e3o das Na\u00e7\u00f5es Unidas (ONU), por meio da Alto Comissariado das Na\u00e7\u00f5es Unidas para Refugiados (Acnur), Minist\u00e9rio dos Direitos Humanos, Sesc, Senai, Universidade de Bras\u00edlia (UnB), Associa\u00e7\u00e3o Comercial de S\u00e3o Sebasti\u00e3o, Embaixada da Venezuela, C\u00e1ritas e Associa\u00e7\u00e3o de Pastores.<\/p>\n\n\n\n<p>A partir da\u00ed foram institu\u00eddas pol\u00edticas p\u00fablicas de inclus\u00e3o desses estrangeiros com a disponibiliza\u00e7\u00e3o de vagas de emprego, cursos profissionalizantes, aulas de portugu\u00eas, cestas b\u00e1sicas e conv\u00eanio com a embaixada para acolhimento e emiss\u00e3o de documentos. J\u00e1 a Administra\u00e7\u00e3o Regional de S\u00e3o Sebasti\u00e3o foi a primeira do DF a emitir autoriza\u00e7\u00e3o para empreendedores de rua estrangeiros, situa\u00e7\u00e3o at\u00e9 ent\u00e3o impossibilitada.<\/p>\n\n\n\n<p>\u201cEsse \u00e9 mais um reconhecimento do trabalho social desenvolvido pela Administra\u00e7\u00e3o Regional de S\u00e3o Sebasti\u00e3o\u201d, diz o administrador regional Ataliba Rodrigues.<\/p>\n","protected":false},"excerpt":{"rendered":"<p>Premiada pelo programa ImigraSS, equipe da administra\u00e7\u00e3o regional integra comitiva do Sebrae em visita ao principal polo de tecnologia do mundo, nos EUA H\u00e9dio Ferreira J\u00fanior, da Ag\u00eancia Bras\u00edlia | Edi\u00e7\u00e3o: Rosualdo Rodrigues Respons\u00e1vel por mapear, identificar problemas e propor pol\u00edticas p\u00fablicas de melhoria da qualidade de vida de estrangeiros e refugiados residentes em S\u00e3o [&hellip;]<\/p>\n","protected":false},"author":1,"featured_media":0,"comment_status":"open","ping_status":"open","sticky":false,"template":"","format":"standard","meta":{"footnotes":""},"categories":[],"tags":[],"class_list":["post-5899","post","type-post","status-publish","format-standard","hentry"],"_links":{"self":[{"href":"https:\/\/aguaslindasnoticias.com.br\/index.php\/wp-json\/wp\/v2\/posts\/5899","targetHints":{"allow":["GET"]}}],"collection":[{"href":"https:\/\/aguaslindasnoticias.com.br\/index.php\/wp-json\/wp\/v2\/posts"}],"about":[{"href":"https:\/\/aguaslindasnoticias.com.br\/index.php\/wp-json\/wp\/v2\/types\/post"}],"author":[{"embeddable":true,"href":"https:\/\/aguaslindasnoticias.com.br\/index.php\/wp-json\/wp\/v2\/users\/1"}],"replies":[{"embeddable":true,"href":"https:\/\/aguaslindasnoticias.com.br\/index.php\/wp-json\/wp\/v2\/comments?post=5899"}],"version-history":[{"count":0,"href":"https:\/\/aguaslindasnoticias.com.br\/index.php\/wp-json\/wp\/v2\/posts\/5899\/revisions"}],"wp:attachment":[{"href":"https:\/\/aguaslindasnoticias.com.br\/index.php\/wp-json\/wp\/v2\/media?parent=5899"}],"wp:term":[{"taxonomy":"category","embeddable":true,"href":"https:\/\/aguaslindasnoticias.com.br\/index.php\/wp-json\/wp\/v2\/categories?post=5899"},{"taxonomy":"post_tag","embeddable":true,"href":"https:\/\/aguaslindasnoticias.com.br\/index.php\/wp-json\/wp\/v2\/tags?post=5899"}],"curies":[{"name":"wp","href":"https:\/\/api.w.org\/{rel}","templated":true}]}}