{"id":5897,"date":"2023-01-04T10:15:56","date_gmt":"2023-01-04T13:15:56","guid":{"rendered":"https:\/\/aguaslindasnoticias.com.br\/index.php\/2023\/01\/04\/bdb-cultural-organiza-festival-de-rap-e-repente\/"},"modified":"2023-01-04T10:15:56","modified_gmt":"2023-01-04T13:15:56","slug":"bdb-cultural-organiza-festival-de-rap-e-repente","status":"publish","type":"post","link":"https:\/\/aguaslindasnoticias.com.br\/index.php\/2023\/01\/04\/bdb-cultural-organiza-festival-de-rap-e-repente\/","title":{"rendered":"BDB Cultural organiza festival de rap e repente"},"content":{"rendered":"\n<figure class=\"wp-block-image size-large\"><img decoding=\"async\" src=\"http:\/\/claricegulyas.com.br\/wp-content\/uploads\/2022\/11\/WhatsApp-Image-2022-11-08-at-14.35.33-819x1024.jpeg\" alt=\"\" class=\"wp-image-11110\"\/><\/figure>\n\n\n\n<p><em>Festival de Poesia Cantada BDB \u2013 Carlos Drummond de Andrade fica com inscri\u00e7\u00f5es abertas at\u00e9 dia 27 e ter\u00e1 premia\u00e7\u00f5es em dinheiro<\/em><\/p>\n\n\n\n<p>A <em>Biblioteca Demonstrativa<\/em>&nbsp;Maria da Concei\u00e7\u00e3o Moreira Salles (BDB) informa que est\u00e3o abertas as inscri\u00e7\u00f5es gratuitas para o Festival de Poesia Cantada da BDB Cultural. Prestando uma homenagem a Carlos Drummond de Andrade, o evento reunir\u00e1 rappers e repentistas para celebrar o encontro de poesia e m\u00fasica em uma programa\u00e7\u00e3o que prev\u00ea at\u00e9 pagamentos em dinheiro para os selecionados em uma competi\u00e7\u00e3o on-line.<\/p>\n\n\n\n<p>As informa\u00e7\u00f5es completas est\u00e3o dispon\u00edveis no site que a BDB Cultural elaborou especialmente para o evento, <a href=\"https:\/\/www.bdbcultural.com.br\/festival-poesia-cantada-bdb\">https:\/\/www.bdbcultural.com.br\/festival-poesia-cantada-bdb<\/a> . L\u00e1 o p\u00fablico pode baixar o regulamento completo e acessar tamb\u00e9m o formul\u00e1rio de inscri\u00e7\u00e3o. A sele\u00e7\u00e3o est\u00e1 aberta at\u00e9 o dia 27 de novembro e a premia\u00e7\u00e3o acontecer\u00e1 em meados de dezembro, conforme agenda detalhada abaixo.<\/p>\n\n\n\n<p>O tema central da premia\u00e7\u00e3o ser\u00e1 uma homenagem ao escritor Carlos Drummond de Andrade. O poeta mineiro nascido h\u00e1 120 anos foi um dos maiores nomes da literatura brasileira no s\u00e9culo 20 e tinha a capacidade de juntar admiradores tanto entre os eruditos da literatura como entre a popula\u00e7\u00e3o em geral.<\/p>\n\n\n\n<p>A obra musical inscrita dever\u00e1 basear-se em algum poema ou conjunto de poemas de Drummond, mas tamb\u00e9m ser\u00e3o crit\u00e9rios para a sele\u00e7\u00e3o dos finalistas a originalidade e a qualidade t\u00e9cnica de cada artista. S\u00f3 ser\u00e1 poss\u00edvel concorrer com uma \u00fanica m\u00fasica.<\/p>\n\n\n\n<p>Ser\u00e3o tr\u00eas pr\u00eamios, todos eles de R$ 2 mil. O j\u00fari oficial escolher\u00e1 o melhor rap e o melhor repente e haver\u00e1 tamb\u00e9m uma premia\u00e7\u00e3o do j\u00fari popular em que competem as faixas de ambas categorias e que poder\u00e3o ser ouvidas no mesmo site da seletiva. \u00c0s 19h, do dia 16 de dezembro no audit\u00f3rio da BDB, &nbsp;est\u00e1 prevista a premia\u00e7\u00e3o assim como uma apresenta\u00e7\u00e3o com os ganhadores.<\/p>\n\n\n\n<p>\u201cA BDB Cultural espera com o Festival homenagear a estes dois estilos musicais, j\u00e1 que Rap e Repente muito dialogam com a literatura, numa exalta\u00e7\u00e3o \u00e0 poesia cantada, pulsante e perene\u201d, afirma o coordenador-geral da programa\u00e7\u00e3o da BDB Cultural, Marcos Linhares.<\/p>\n\n\n\n<p>Confira a agenda detalhada do pr\u00eamio:<\/p>\n\n\n\n<ul class=\"wp-block-list\"><li>A Per\u00edodo de inscri\u00e7\u00e3o \u2014 07 a 27\/11\/2022<\/li><li>Divulga\u00e7\u00e3o das m\u00fasicas finalistas \u2014 02\/12\/2022.<\/li><li>Vota\u00e7\u00e3o on-line para definir o ganhador \u201cJ\u00fari Popular\u201d \u2014 02 a 11\/12\/2022<\/li><li>Divulga\u00e7\u00e3o dos vencedores \u2014 14\/12\/2022<\/li><li>Premia\u00e7\u00e3o com apresenta\u00e7\u00e3o dos ganhadores \u2014 16\/12\/2022<\/li><\/ul>\n\n\n\n<p><strong>Sobre a BDB Cultural<\/strong><\/p>\n\n\n\n<p>A BDB Cultural \u00e9 uma iniciativa da Secretaria Especial de Cultura, do Minist\u00e9rio do Turismo, em parceria com a Biblioteca Demonstrativa do Brasil Maria da Concei\u00e7\u00e3o Moreira Salles (BDB) e, por meio de um termo de colabora\u00e7\u00e3o, com a organiza\u00e7\u00e3o social Voar Arte para a Inf\u00e2ncia e Juventude. A agenda que o projeto executar\u00e1 na BDB segue at\u00e9 dezembro de 2022.<\/p>\n\n\n\n<p>\u201cCom a BDB Cultural, vamos continuar realizando uma programa\u00e7\u00e3o cultural que possa servir de refer\u00eancia a outras bibliotecas do pa\u00eds, visando inspirar esses espa\u00e7os t\u00e3o importantes para o livro, a leitura, a literatura, enfim para a cultura e a cidadania como um todo\u201d, diz o coordenador-geral da BDB Cultural, Marcos Linhares.<\/p>\n\n\n\n<p>Para saber mais sobre os pr\u00f3ximos cursos e eventos oferecidos, acompanhe as novidades da BDB Cultural no Youtube (<a href=\"https:\/\/www.youtube.com\/channel\/UCrihUSEEcIEf_0FZteCU8Gw\">https:\/\/www.youtube.com\/channel\/UCrihUSEEcIEf_0FZteCU8Gw<\/a> ), no Facebook (<a href=\"https:\/\/www.facebook.com\/BDBCultural-101686659278449\">https:\/\/www.facebook.com\/BDBCultural-101686659278449<\/a>), Instagram (<a href=\"https:\/\/www.instagram.com\/bdb.cultural\/\">https:\/\/www.instagram.com\/bdb.cultural\/<\/a> )&nbsp; e no site <a href=\"http:\/\/www.bdbcultural.com.br\/\">www.bdbcultural.com.br<\/a> da iniciativa.<\/p>\n\n\n\n<p><strong>Servi\u00e7o:<br><\/strong><strong>BDB Cultural \u2013 Novembro de 2022<br><\/strong><strong>De 07\/11 a 27\/11<\/strong> &#8211; Inscri\u00e7\u00f5es abertas para o Festival de Poesia Cantada BDB \u2013 Carlos Drummond de Andrade. Evento escolher\u00e1 tr\u00eas vencedores com pr\u00eamios de R$ 2 mil e trof\u00e9us. &nbsp;Outras informa\u00e7\u00f5es:<br><strong>Site<\/strong> <strong><a href=\"http:\/\/www.bdbcultural.com.br\/\">www.bdbcultural.com.br<\/a><br><\/strong><strong>Facebook.com\/bdb.cultural<br><\/strong><strong>Instagram &#8211; @bdb.cultural<\/strong><\/p>\n","protected":false},"excerpt":{"rendered":"<p>Festival de Poesia Cantada BDB \u2013 Carlos Drummond de Andrade fica com inscri\u00e7\u00f5es abertas at\u00e9 dia 27 e ter\u00e1 premia\u00e7\u00f5es em dinheiro A Biblioteca Demonstrativa&nbsp;Maria da Concei\u00e7\u00e3o Moreira Salles (BDB) informa que est\u00e3o abertas as inscri\u00e7\u00f5es gratuitas para o Festival de Poesia Cantada da BDB Cultural. Prestando uma homenagem a Carlos Drummond de Andrade, o [&hellip;]<\/p>\n","protected":false},"author":1,"featured_media":0,"comment_status":"open","ping_status":"open","sticky":false,"template":"","format":"standard","meta":{"footnotes":""},"categories":[],"tags":[],"class_list":["post-5897","post","type-post","status-publish","format-standard","hentry"],"_links":{"self":[{"href":"https:\/\/aguaslindasnoticias.com.br\/index.php\/wp-json\/wp\/v2\/posts\/5897","targetHints":{"allow":["GET"]}}],"collection":[{"href":"https:\/\/aguaslindasnoticias.com.br\/index.php\/wp-json\/wp\/v2\/posts"}],"about":[{"href":"https:\/\/aguaslindasnoticias.com.br\/index.php\/wp-json\/wp\/v2\/types\/post"}],"author":[{"embeddable":true,"href":"https:\/\/aguaslindasnoticias.com.br\/index.php\/wp-json\/wp\/v2\/users\/1"}],"replies":[{"embeddable":true,"href":"https:\/\/aguaslindasnoticias.com.br\/index.php\/wp-json\/wp\/v2\/comments?post=5897"}],"version-history":[{"count":0,"href":"https:\/\/aguaslindasnoticias.com.br\/index.php\/wp-json\/wp\/v2\/posts\/5897\/revisions"}],"wp:attachment":[{"href":"https:\/\/aguaslindasnoticias.com.br\/index.php\/wp-json\/wp\/v2\/media?parent=5897"}],"wp:term":[{"taxonomy":"category","embeddable":true,"href":"https:\/\/aguaslindasnoticias.com.br\/index.php\/wp-json\/wp\/v2\/categories?post=5897"},{"taxonomy":"post_tag","embeddable":true,"href":"https:\/\/aguaslindasnoticias.com.br\/index.php\/wp-json\/wp\/v2\/tags?post=5897"}],"curies":[{"name":"wp","href":"https:\/\/api.w.org\/{rel}","templated":true}]}}