{"id":5896,"date":"2023-01-04T10:15:56","date_gmt":"2023-01-04T13:15:56","guid":{"rendered":"https:\/\/aguaslindasnoticias.com.br\/index.php\/2023\/01\/04\/marilia-mendonca-advogado-sergio-alonso-fala-ao-metropoles-e-a-record-sobre-contratacao-de-pericia-particular\/"},"modified":"2023-01-04T10:15:56","modified_gmt":"2023-01-04T13:15:56","slug":"marilia-mendonca-advogado-sergio-alonso-fala-ao-metropoles-e-a-record-sobre-contratacao-de-pericia-particular","status":"publish","type":"post","link":"https:\/\/aguaslindasnoticias.com.br\/index.php\/2023\/01\/04\/marilia-mendonca-advogado-sergio-alonso-fala-ao-metropoles-e-a-record-sobre-contratacao-de-pericia-particular\/","title":{"rendered":"Mar\u00edlia Mendon\u00e7a: Advogado S\u00e9rgio Alonso fala ao Metr\u00f3poles e \u00e0 Record sobre contrata\u00e7\u00e3o de per\u00edcia particular"},"content":{"rendered":"\n<figure class=\"wp-block-image size-large\"><img decoding=\"async\" src=\"http:\/\/claricegulyas.com.br\/wp-content\/uploads\/2022\/11\/advogado-sergio-roberto-alonso-direito-aeronautico-marilia-mendonca-acidente-aereo-investiga\u00e7\u00e3o-cenipa-per\u00edcia-1024x640.jpeg\" alt=\"\" class=\"wp-image-11107\"\/><\/figure>\n\n\n\n<p><em>Acidente fatal completou um ano neste s\u00e1bado (5\/11). Por falta de conclus\u00e3o da per\u00edcia pelo Cenipa, familiares de piloto buscaram per\u00edcia particular<\/em><\/p>\n\n\n\n<p><br>O advogado <strong>S\u00e9rgio Alonso,<\/strong> do escrit\u00f3rio Riedel de Figueiredo Advogados Associados, concedeu entrevista ao portal Metr\u00f3poles e \u00e0 TV Record nesta sexta (4\/11) sobre o acidente a\u00e9reo que matou a cantora sertaneja Mar\u00edlia Mendon\u00e7a, em Caratinga, interior de Minas Gerais (MG). Entrevistas concedidas foram repercutidas nos principais ve\u00edculos de imprensa do Brasil, como o jornal O Globo.<\/p>\n\n\n\n<p>\u201cO comandante Medeiros estava na altura certa. A per\u00edcia particular demorou para ser conclu\u00edda e veio para comprovar o que j\u00e1 imagin\u00e1vamos\u201d, disse ao Metr\u00f3poles.<\/p>\n\n\n\n<p>Representante da filha do piloto que conduzia o avi\u00e3o da cantora, Geraldo Martins de Medeiros J\u00fanior, 56, o especialista em Direito Aeron\u00e1utico ajuizou a\u00e7\u00e3o no dia 3 de novembro a Companhia Energ\u00e9tica de Minas Gerais (Cemig). Segundo S\u00e9rgio Alonso, que atuou nos principais casos de acidentes a\u00e9reos do pa\u00eds, a torre onde a aeronave de matr\u00edcula PT-ONJ bateu n\u00e3o estava sinalizada, causando a trag\u00e9dia.<\/p>\n\n\n\n<p>\u201cFizemos uma per\u00edcia circunstanciada ao qual se demonstra que realmente essa torre, independentemente de estar ou n\u00e3o em uma zona de prote\u00e7\u00e3o, s\u00f3 por ter sido implantada sem sinaliza\u00e7\u00e3o, a empresa \u00e9 objetivamente respons\u00e1vel\u201d, disse o advogado ao Metr\u00f3poles.<\/p>\n\n\n\n<p><strong>Confira entrevistas concedidas por S\u00e9rgio Alonso:<\/strong><\/p>\n\n\n\n<p>Mar\u00edlia Mendon\u00e7a: per\u00edcia particular diz que torre onde avi\u00e3o bateu estava sem sinaliza\u00e7\u00e3o <a href=\"https:\/\/www.metropoles.com\/distrito-federal\/marilia-mendonca-pericia-particular-diz-que-torre-onde-aviao-bateu-estava-sem-sinalizacao\">https:\/\/www.metropoles.com\/distrito-federal\/marilia-mendonca-pericia-particular-diz-que-torre-onde-aviao-bateu-estava-sem-sinalizacao<\/a><\/p>\n\n\n\n<p>Filha do piloto de Mar\u00edlia Mendon\u00e7a: \u201cFoi para um lugar melhor\u201d<br>Vit\u00f3ria Alves Dias de Medeiros, 20 anos, falou sobre a marca de um ano da trag\u00e9dia, que ocorreu em 5 de novembro de 2021<br><a href=\"https:\/\/www.metropoles.com\/colunas\/grande-angular\/filha-do-piloto-de-marilia-mendonca-foi-para-um-lugar-melhor\">https:\/\/www.metropoles.com\/colunas\/grande-angular\/filha-do-piloto-de-marilia-mendonca-foi-para-um-lugar-melhor<\/a><\/p>\n\n\n\n<p>Investiga\u00e7\u00e3o sobre acidente de avi\u00e3o que matou Mar\u00edlia Mendon\u00e7a chega \u00e0 fase final; entenda<br><a href=\"https:\/\/oglobo.globo.com\/google\/amp\/cultura\/noticia\/2022\/11\/investigacao-sobre-acidente-de-aviao-que-matou-marilia-mendonca-chega-a-fase-final-entenda.ghtml\">https:\/\/oglobo.globo.com\/google\/amp\/cultura\/noticia\/2022\/11\/investigacao-sobre-acidente-de-aviao-que-matou-marilia-mendonca-chega-a-fase-final-entenda.ghtml<\/a><\/p>\n\n\n\n<p>Morte de Mar\u00edlia Mendon\u00e7a em acidente de avi\u00e3o completa um ano <a href=\"https:\/\/noticias.r7.com\/brasilia\/balanco-geral-df\/videos\/morte-de-marilia-mendonca-em-acidente-de-aviao-completa-um-ano-05112022\">https:\/\/noticias.r7.com\/brasilia\/balanco-geral-df\/videos\/morte-de-marilia-mendonca-em-acidente-de-aviao-completa-um-ano-05112022<\/a><\/p>\n\n\n\n<p><br><strong>Mais sobre S\u00e9rgio Alonso<\/strong><br><a href=\"https:\/\/direitoaeronauticoadv.blogspot.com\/\">https:\/\/direitoaeronauticoadv.blogspot.com\/<\/a><\/p>\n","protected":false},"excerpt":{"rendered":"<p>Acidente fatal completou um ano neste s\u00e1bado (5\/11). Por falta de conclus\u00e3o da per\u00edcia pelo Cenipa, familiares de piloto buscaram per\u00edcia particular O advogado S\u00e9rgio Alonso, do escrit\u00f3rio Riedel de Figueiredo Advogados Associados, concedeu entrevista ao portal Metr\u00f3poles e \u00e0 TV Record nesta sexta (4\/11) sobre o acidente a\u00e9reo que matou a cantora sertaneja Mar\u00edlia [&hellip;]<\/p>\n","protected":false},"author":1,"featured_media":0,"comment_status":"open","ping_status":"open","sticky":false,"template":"","format":"standard","meta":{"footnotes":""},"categories":[],"tags":[],"class_list":["post-5896","post","type-post","status-publish","format-standard","hentry"],"_links":{"self":[{"href":"https:\/\/aguaslindasnoticias.com.br\/index.php\/wp-json\/wp\/v2\/posts\/5896","targetHints":{"allow":["GET"]}}],"collection":[{"href":"https:\/\/aguaslindasnoticias.com.br\/index.php\/wp-json\/wp\/v2\/posts"}],"about":[{"href":"https:\/\/aguaslindasnoticias.com.br\/index.php\/wp-json\/wp\/v2\/types\/post"}],"author":[{"embeddable":true,"href":"https:\/\/aguaslindasnoticias.com.br\/index.php\/wp-json\/wp\/v2\/users\/1"}],"replies":[{"embeddable":true,"href":"https:\/\/aguaslindasnoticias.com.br\/index.php\/wp-json\/wp\/v2\/comments?post=5896"}],"version-history":[{"count":0,"href":"https:\/\/aguaslindasnoticias.com.br\/index.php\/wp-json\/wp\/v2\/posts\/5896\/revisions"}],"wp:attachment":[{"href":"https:\/\/aguaslindasnoticias.com.br\/index.php\/wp-json\/wp\/v2\/media?parent=5896"}],"wp:term":[{"taxonomy":"category","embeddable":true,"href":"https:\/\/aguaslindasnoticias.com.br\/index.php\/wp-json\/wp\/v2\/categories?post=5896"},{"taxonomy":"post_tag","embeddable":true,"href":"https:\/\/aguaslindasnoticias.com.br\/index.php\/wp-json\/wp\/v2\/tags?post=5896"}],"curies":[{"name":"wp","href":"https:\/\/api.w.org\/{rel}","templated":true}]}}