{"id":5892,"date":"2023-01-04T10:15:56","date_gmt":"2023-01-04T13:15:56","guid":{"rendered":"https:\/\/aguaslindasnoticias.com.br\/index.php\/2023\/01\/04\/aplicadas-98-vacinas-em-pessoas-com-imunizacao-atrasada-no-por-do-sol\/"},"modified":"2023-01-04T10:15:56","modified_gmt":"2023-01-04T13:15:56","slug":"aplicadas-98-vacinas-em-pessoas-com-imunizacao-atrasada-no-por-do-sol","status":"publish","type":"post","link":"https:\/\/aguaslindasnoticias.com.br\/index.php\/2023\/01\/04\/aplicadas-98-vacinas-em-pessoas-com-imunizacao-atrasada-no-por-do-sol\/","title":{"rendered":"Aplicadas 98 vacinas em pessoas com imuniza\u00e7\u00e3o atrasada no P\u00f4r do Sol"},"content":{"rendered":"\n<p>A\u00e7\u00e3o contou com teatrinho de fantoches, kits de higiene bucal, brinquedos e sorteios<\/p>\n\n\n\n<p>Ag\u00eancia Bras\u00edlia* | Edi\u00e7\u00e3o: Claudio Fernandes<\/p>\n\n\n\n<p>A crian\u00e7ada do P\u00f4r do Sol aproveitou uma manh\u00e3 diferente neste s\u00e1bado (5). Em meio a brincadeiras e atra\u00e7\u00f5es art\u00edsticas, a Secretaria de Sa\u00fade aplicou 98 doses de vacina, atualizando a caderneta de 47 pessoas no Centro de Ensino Fundamental 32, sendo 38 crian\u00e7as e nove adultos.<\/p>\n\n\n\n<p>Estiveram dispon\u00edveis vacinas contra covid-19, influenza, poliomielite e de rotina. \u201cMuitas vezes, por falta de tempo, as fam\u00edlias n\u00e3o conseguem ir a uma UBS, ent\u00e3o sempre que d\u00e1 a gente traz o servi\u00e7o pra dentro da comunidade\u201d, explica o gerente da Unidade B\u00e1sica de Sa\u00fade 17, Luiz Carvalho, respons\u00e1vel pela imuniza\u00e7\u00e3o.<\/p>\n\n\n\n<figure class=\"wp-block-image\"><img decoding=\"async\" src=\"http:\/\/agenciabrasilia.df.gov.br\/wp-conteudo\/uploads\/2022\/11\/DSC_6072BB.jpg\" alt=\"\" class=\"wp-image-446162\"\/><figcaption>A dona de casa Sinara Sousa, 27 anos, atualizou a caderneta da filha ca\u00e7ula, Noemy, de 9 meses: a pequena estava com cinco vacinas atrasadas | Fotos: Tony Winston\/Ag\u00eancia Sa\u00fade DF<\/figcaption><\/figure>\n\n\n\n<p>Foi o caso da dona de casa Sinara Sousa, 27 anos, que estava com os quatro filhos com a vacina\u00e7\u00e3o atrasada. A ca\u00e7ula Noemy Sousa, de 9 meses, tinha cinco vacinas desatualizadas, inclusive a de poliomielite. No local, teve acesso \u00e0s vacinas pentavalente, pneumoc\u00f3cica, contra meningite e a da febre amarela. \u201c\u00c9 muita crian\u00e7a e fica complicado ir com todos a um postinho, e o pai ainda trabalha o dia todo. Aqui fica a tr\u00eas minutos de casa\u201d, explica a m\u00e3e.<\/p>\n\n\n\n<figure class=\"wp-block-image\"><img decoding=\"async\" src=\"http:\/\/agenciabrasilia.df.gov.br\/wp-conteudo\/uploads\/2022\/11\/20225.11.22-Vacinacao-Por-do-Sol-em-Ceilandia-Foto-Tony-Winston-Agencia-Saude41.jpg\" alt=\"\" class=\"wp-image-446164\"\/><figcaption>Al\u00e9m da aplica\u00e7\u00e3o de vacinas, a Secretaria de Sa\u00fade proporcionou \u00e0s crian\u00e7as um teatro de bonecos com fantoche do Aedes aegypti: conscientiza\u00e7\u00e3o a respeito dos riscos da dengue<\/figcaption><\/figure>\n\n\n\n<p>Al\u00e9m da vacina, a UBS 17 disponibilizou a equipe de odontologia para prestar orienta\u00e7\u00f5es de escova\u00e7\u00e3o dental e distribui\u00e7\u00e3o de kits odontol\u00f3gicos. A Secretaria de Sa\u00fade proporcionou teatro de bonecos com fantoche do mosquito&nbsp;<em>Aedes aegypti<\/em>&nbsp;para conscientizar a popula\u00e7\u00e3o a respeito dos riscos da dengue, chikungunya e zika.<\/p>\n\n\n\n<p>Para a dona de Casa Jussara Soares, 36 anos, o teatrinho prendeu a aten\u00e7\u00e3o dos dois filhos, que ficaram atentos \u00e0 cena. \u201cD\u00e1 para perceber que eles est\u00e3o achando legal\u201d, conta. Um dos respons\u00e1veis pelo teatro, o educador da Sa\u00fade Roberto Bonfim, justifica que a apresenta\u00e7\u00e3o permite atingir um n\u00famero maior de pessoas. \u201cEm um ambiente com 300 pessoas, conseguimos conscientizar todas com mais facilidade\u201d. O profissional ressalta que a crian\u00e7a \u00e9 um multiplicador. \u201cEla chega em casa e sabe repassar para a fam\u00edlia o que aprendeu\u201d.<\/p>\n\n\n\n<p>Al\u00e9m do teatro, houve pr\u00eamio em dinheiro, sorteio de bicicleta, chuteira e cesta b\u00e1sica. O evento \u00e9 um dos v\u00e1rios que Claudinete Felix de Oliveira, conhecida como Claudinha, realiza na cidade em que mora. \u201cFazemos essa a\u00e7\u00e3o todo ano, mas \u00e9 a primeira vez com o apoio da Sa\u00fade. Nosso objetivo era exatamente ampliar a vacina\u00e7\u00e3o dos pequenos\u201d. Toda a organiza\u00e7\u00e3o foi poss\u00edvel gra\u00e7as \u00e0s doa\u00e7\u00f5es da comunidade.<\/p>\n\n\n\n<p><em>*Com informa\u00e7\u00f5es da Secretaria de Sa\u00fade<\/em><\/p>\n","protected":false},"excerpt":{"rendered":"<p>A\u00e7\u00e3o contou com teatrinho de fantoches, kits de higiene bucal, brinquedos e sorteios Ag\u00eancia Bras\u00edlia* | Edi\u00e7\u00e3o: Claudio Fernandes A crian\u00e7ada do P\u00f4r do Sol aproveitou uma manh\u00e3 diferente neste s\u00e1bado (5). Em meio a brincadeiras e atra\u00e7\u00f5es art\u00edsticas, a Secretaria de Sa\u00fade aplicou 98 doses de vacina, atualizando a caderneta de 47 pessoas no [&hellip;]<\/p>\n","protected":false},"author":1,"featured_media":0,"comment_status":"open","ping_status":"open","sticky":false,"template":"","format":"standard","meta":{"footnotes":""},"categories":[],"tags":[],"class_list":["post-5892","post","type-post","status-publish","format-standard","hentry"],"_links":{"self":[{"href":"https:\/\/aguaslindasnoticias.com.br\/index.php\/wp-json\/wp\/v2\/posts\/5892","targetHints":{"allow":["GET"]}}],"collection":[{"href":"https:\/\/aguaslindasnoticias.com.br\/index.php\/wp-json\/wp\/v2\/posts"}],"about":[{"href":"https:\/\/aguaslindasnoticias.com.br\/index.php\/wp-json\/wp\/v2\/types\/post"}],"author":[{"embeddable":true,"href":"https:\/\/aguaslindasnoticias.com.br\/index.php\/wp-json\/wp\/v2\/users\/1"}],"replies":[{"embeddable":true,"href":"https:\/\/aguaslindasnoticias.com.br\/index.php\/wp-json\/wp\/v2\/comments?post=5892"}],"version-history":[{"count":0,"href":"https:\/\/aguaslindasnoticias.com.br\/index.php\/wp-json\/wp\/v2\/posts\/5892\/revisions"}],"wp:attachment":[{"href":"https:\/\/aguaslindasnoticias.com.br\/index.php\/wp-json\/wp\/v2\/media?parent=5892"}],"wp:term":[{"taxonomy":"category","embeddable":true,"href":"https:\/\/aguaslindasnoticias.com.br\/index.php\/wp-json\/wp\/v2\/categories?post=5892"},{"taxonomy":"post_tag","embeddable":true,"href":"https:\/\/aguaslindasnoticias.com.br\/index.php\/wp-json\/wp\/v2\/tags?post=5892"}],"curies":[{"name":"wp","href":"https:\/\/api.w.org\/{rel}","templated":true}]}}