{"id":5888,"date":"2023-01-04T10:15:56","date_gmt":"2023-01-04T13:15:56","guid":{"rendered":"https:\/\/aguaslindasnoticias.com.br\/index.php\/2023\/01\/04\/hortas-comunitarias-reforcam-a-seguranca-alimentar-da-populacao\/"},"modified":"2023-01-04T10:15:56","modified_gmt":"2023-01-04T13:15:56","slug":"hortas-comunitarias-reforcam-a-seguranca-alimentar-da-populacao","status":"publish","type":"post","link":"https:\/\/aguaslindasnoticias.com.br\/index.php\/2023\/01\/04\/hortas-comunitarias-reforcam-a-seguranca-alimentar-da-populacao\/","title":{"rendered":"Hortas comunit\u00e1rias refor\u00e7am a seguran\u00e7a alimentar da popula\u00e7\u00e3o"},"content":{"rendered":"\n<p>Com sete j\u00e1 regularizadas, DF tem mais 17 em processo de regulariza\u00e7\u00e3o; em S\u00e3o Sebasti\u00e3o, a horta Girassol, existente h\u00e1 17 anos, fornece alimentos para a comunidade e para uma creche<\/p>\n\n\n\n<p>Catarina Lima, da Ag\u00eancia Bras\u00edlia | Edi\u00e7\u00e3o: Claudio Fernandes<\/p>\n\n\n\n<p>Garantir uma alimenta\u00e7\u00e3o de boa qualidade a um custo mais baixo tem sido poss\u00edvel para pessoas com acesso as seis hortas comunit\u00e1rias urbanas existentes no DF. S\u00e3o duas em S\u00e3o Sebasti\u00e3o, uma em Sobradinho, uma no Guar\u00e1, uma no Sudoeste e duas na Asa Norte. O coordenador do Programa de Agricultura Urbana da Emater, Rog\u00e9rio Viana, destacou a possibilidade de transformar um terreno baldio em uma horta produtiva e a integra\u00e7\u00e3o que a iniciativa promove entre as pessoas envolvidas. As hortas comunit\u00e1rias s\u00e3o regulamentadas pela lei distrital n\u00ba 4.772, de 2007.<\/p>\n\n\n\n<figure class=\"wp-block-image\"><img decoding=\"async\" src=\"http:\/\/agenciabrasilia.df.gov.br\/wp-conteudo\/uploads\/2022\/11\/WhatsApp-Image-2022-10-18-at-19.07.33-200x300.jpeg\" alt=\"\" class=\"wp-image-445007\"\/><figcaption>A premiada horta Girassol, constru\u00edda em 2005 num terreno baldio em S\u00e3o Sebasti\u00e3o, \u00e9 uma das que receber\u00e3o o documento de regulariza\u00e7\u00e3o | Fotos: Divulga\u00e7\u00e3o<\/figcaption><\/figure>\n\n\n\n<p>Construir hortas no DF faz parte do Programa de Agricultura Urbana da Emater, cujo objetivo \u00e9 incentivar a seguran\u00e7a alimentar. Os equipamentos podem ser implementados em escolas e \u00e1reas p\u00fablicas, unidades p\u00fablicas de sa\u00fade, pr\u00e9dios e \u00e1reas dispon\u00edveis da administra\u00e7\u00e3o direta e indireta, terrenos de utilidade p\u00fablica e terrenos particulares e condom\u00ednios. A Emater d\u00e1 suporte aos equipamentos com doa\u00e7\u00e3o de insumos (adubo e sementes) e assessoria t\u00e9cnica.<\/p>\n\n\n\n<p>O coordenador da Pol\u00edtica de Apoio \u00e0 Agricultura Urbana e Periurbana da Secretaria de Agricultura (Seagri) e respons\u00e1vel pelo projeto das hortas urbanas, L\u00facio Passos, disse que, al\u00e9m das sete hortas j\u00e1 regularizadas, existem 17 em processo de regulariza\u00e7\u00e3o. \u201cA Secretaria de Sa\u00fade, por exemplo, tem um projeto de constru\u00e7\u00e3o de quatro hortas de plantas medicinais\u201d, explicou.<\/p>\n\n\n\n<p>Uma das hortas mais conhecidas e efetivas da cidade \u00e9 a Girassol, em S\u00e3o Sebasti\u00e3o, constru\u00edda em 2005 em um terreno baldio. No in\u00edcio, a inten\u00e7\u00e3o dos participantes do projeto era evitar a prolifera\u00e7\u00e3o de ratos. Foram feitas duas pequenas hortas e cercadas com tela. Hoje s\u00e3o 5 mil m\u00b2 de \u00e1rea plantada. A coordenadora do projeto, Hosana Alves, agora aguarda ansiosa a chegada do dia 12, quando a horta receber\u00e1 o documento de regulariza\u00e7\u00e3o.<\/p>\n\n\n\n<figure class=\"wp-block-image\"><img decoding=\"async\" src=\"http:\/\/agenciabrasilia.df.gov.br\/wp-conteudo\/uploads\/2022\/11\/WhatsApp-Image-2022-10-18-at-19.07.30.jpeg\" alt=\"\" class=\"wp-image-445012\"\/><figcaption>As hortas comunit\u00e1rias podem ser implementadas em escolas e \u00e1reas p\u00fablicas, unidades de sa\u00fade, pr\u00e9dios e \u00e1reas dispon\u00edveis da administra\u00e7\u00e3o direta e indireta, terrenos de utilidade p\u00fablica e terrenos particulares e condom\u00ednios<\/figcaption><\/figure>\n\n\n\n<p>De l\u00e1 para c\u00e1, o ganho n\u00e3o foi apenas em espa\u00e7o f\u00edsico. Hosana e outros nove respons\u00e1veis pela horta Girassol tiveram o reconhecimento do trabalho realizado. J\u00e1 ganharam um pr\u00eamio da Organiza\u00e7\u00e3o das Na\u00e7\u00f5es Unidas (ONU) pelo projeto. A horta ficou em segundo lugar no concurso da Melhor iniciativa Urbana, promovido pela Secretaria de Meio Ambiente (Sema), e foi vencedora do Pr\u00eamio BRB na categoria que re\u00fane trabalhos geridos por mulheres.<\/p>\n\n\n\n<p>Hosana n\u00e3o sabe ao certo o volume da produ\u00e7\u00e3o da horta, mas destaca o destino do que \u00e9 cultivado nas terras da Girassol. Parte da colheita \u00e9 vendida a pre\u00e7o de custo para pessoas que fazem parte da Comunidade que Sustenta a Agricultura (CSA). O morador paga R$ 250 por m\u00eas e recebe uma cesta b\u00e1sica por semana com os produtos da horta. Outra parte \u00e9 vendida \u00e0 popula\u00e7\u00e3o em geral, e o excedente \u00e9 doado \u00e0 creche Espa\u00e7o Interativo Nova Gera\u00e7\u00e3o.<\/p>\n\n\n\n<p>Na horta Girassol, todos s\u00e3o volunt\u00e1rios. Apenas a pessoa respons\u00e1vel pela produ\u00e7\u00e3o recebe sal\u00e1rio. \u201cO que queremos \u00e9 transformar a horta em escola. Mais de 70 pessoas j\u00e1 foram capacitadas em agroecologia\u201d, afirma Hosana.<\/p>\n","protected":false},"excerpt":{"rendered":"<p>Com sete j\u00e1 regularizadas, DF tem mais 17 em processo de regulariza\u00e7\u00e3o; em S\u00e3o Sebasti\u00e3o, a horta Girassol, existente h\u00e1 17 anos, fornece alimentos para a comunidade e para uma creche Catarina Lima, da Ag\u00eancia Bras\u00edlia | Edi\u00e7\u00e3o: Claudio Fernandes Garantir uma alimenta\u00e7\u00e3o de boa qualidade a um custo mais baixo tem sido poss\u00edvel para [&hellip;]<\/p>\n","protected":false},"author":1,"featured_media":0,"comment_status":"open","ping_status":"open","sticky":false,"template":"","format":"standard","meta":{"footnotes":""},"categories":[],"tags":[],"class_list":["post-5888","post","type-post","status-publish","format-standard","hentry"],"_links":{"self":[{"href":"https:\/\/aguaslindasnoticias.com.br\/index.php\/wp-json\/wp\/v2\/posts\/5888","targetHints":{"allow":["GET"]}}],"collection":[{"href":"https:\/\/aguaslindasnoticias.com.br\/index.php\/wp-json\/wp\/v2\/posts"}],"about":[{"href":"https:\/\/aguaslindasnoticias.com.br\/index.php\/wp-json\/wp\/v2\/types\/post"}],"author":[{"embeddable":true,"href":"https:\/\/aguaslindasnoticias.com.br\/index.php\/wp-json\/wp\/v2\/users\/1"}],"replies":[{"embeddable":true,"href":"https:\/\/aguaslindasnoticias.com.br\/index.php\/wp-json\/wp\/v2\/comments?post=5888"}],"version-history":[{"count":0,"href":"https:\/\/aguaslindasnoticias.com.br\/index.php\/wp-json\/wp\/v2\/posts\/5888\/revisions"}],"wp:attachment":[{"href":"https:\/\/aguaslindasnoticias.com.br\/index.php\/wp-json\/wp\/v2\/media?parent=5888"}],"wp:term":[{"taxonomy":"category","embeddable":true,"href":"https:\/\/aguaslindasnoticias.com.br\/index.php\/wp-json\/wp\/v2\/categories?post=5888"},{"taxonomy":"post_tag","embeddable":true,"href":"https:\/\/aguaslindasnoticias.com.br\/index.php\/wp-json\/wp\/v2\/tags?post=5888"}],"curies":[{"name":"wp","href":"https:\/\/api.w.org\/{rel}","templated":true}]}}