{"id":5887,"date":"2023-01-04T10:15:56","date_gmt":"2023-01-04T13:15:56","guid":{"rendered":"https:\/\/aguaslindasnoticias.com.br\/index.php\/2023\/01\/04\/fabrica-social-tem-mais-de-400-vagas-para-curso-de-corte-e-costura\/"},"modified":"2023-01-04T10:15:56","modified_gmt":"2023-01-04T13:15:56","slug":"fabrica-social-tem-mais-de-400-vagas-para-curso-de-corte-e-costura","status":"publish","type":"post","link":"https:\/\/aguaslindasnoticias.com.br\/index.php\/2023\/01\/04\/fabrica-social-tem-mais-de-400-vagas-para-curso-de-corte-e-costura\/","title":{"rendered":"F\u00e1brica Social tem mais de 400 vagas para curso de corte e costura"},"content":{"rendered":"\n<p>Inscri\u00e7\u00f5es come\u00e7am nesta quinta-feira (3) e v\u00e3o at\u00e9 o dia 18, podendo ser feitas pelo site da Secretaria de Trabalho ou presencialmente<\/p>\n\n\n\n<p>Catarina Loiola, da Ag\u00eancia Bras\u00edlia | Edi\u00e7\u00e3o: Chico Neto<\/p>\n\n\n\n<p>O programa F\u00e1brica Social est\u00e1 com 413 vagas para o curso de corte e costura, na modalidade presencial. O per\u00edodo de inscri\u00e7\u00f5es come\u00e7a nesta quinta-feira (3), por meio do site da Secretaria do Trabalho (Setrab). O prazo finaliza no dia 18 deste m\u00eas.<\/p>\n\n\n\n<figure class=\"wp-block-image\"><img decoding=\"async\" src=\"http:\/\/agenciabrasilia.df.gov.br\/wp-conteudo\/uploads\/2022\/11\/Capa-3-scaled.jpg\" alt=\"\" class=\"wp-image-445397\"\/><figcaption>Curso tem a perspectiva de atender, no pr\u00f3ximo ano, 600 pessoas, divididas entre os per\u00edodos matutino e vespertino | Foto: Jos\u00e9 Amaro\/Setrab<\/figcaption><\/figure>\n\n\n\n<blockquote class=\"wp-block-quote is-layout-flow wp-block-quote-is-layout-flow\"><p>\u201cPor meio da capacita\u00e7\u00e3o, as alunas conhecem outros projetos da Secretaria de Trabalho e s\u00e3o incentivadas a trabalhar formalmente, mas tamb\u00e9m a se tornar microempreendedores individuais\u201dDaniele Lucia dos Passos, subsecret\u00e1ria de Integra\u00e7\u00e3o de A\u00e7\u00f5es Sociais<\/p><\/blockquote>\n\n\n\n<p>\u00c9 o segundo chamamento publicado pelo&nbsp;<em>Di\u00e1rio Oficial do Distrito Federal<\/em>&nbsp;(DODF) para o curso. As inscri\u00e7\u00f5es foram abertas inicialmente de 6 a 12 de outubro, mas, como apenas 187 pessoas foram matriculadas, a pasta decidiu abrir novo prazo de participa\u00e7\u00e3o.&nbsp; S\u00e3o 12 meses e carga hor\u00e1ria de 20 horas semanais. As aulas s\u00e3o ministradas de segunda a sexta-feira, das 8h \u00e0s 12h, no per\u00edodo matutino, e das 14h \u00e0s 18h, no vespertino. Os participantes recebem uniforme, aux\u00edlio de R$ 304 e vale-transporte.<\/p>\n\n\n\n<p>A capacita\u00e7\u00e3o pretende atender 600 pessoas no pr\u00f3ximo ano \u2013 metade no per\u00edodo matutino e a outra no vespertino. Desse total, 480 vagas s\u00e3o para a concorr\u00eancia geral, 30 para pessoas com defici\u00eancia (PcDs), 30 para idosos, 30 para jovens de Unidade de Acolhimento e 30 para imigrantes.<\/p>\n\n\n\n<p>A subsecret\u00e1ria de Integra\u00e7\u00e3o de A\u00e7\u00f5es Sociais, Daniele Lucia dos Passos, salienta o papel da qualifica\u00e7\u00e3o na gera\u00e7\u00e3o de emprego e renda: \u201cA nossa estrat\u00e9gia \u00e9 massificar a divulga\u00e7\u00e3o para que a informa\u00e7\u00e3o sobre o curso chegue \u00e0s pessoas que ainda n\u00e3o sabem da oportunidade e que elas possam participar.&nbsp;Al\u00e9m de dar oportunidade de encaminhamento para o mercado de trabalho, os cursos da F\u00e1brica Social podem mudar o rumo da vida das mulheres, nosso principal p\u00fablico atendido em corte e costura. Por meio da capacita\u00e7\u00e3o, as alunas conhecem outros projetos da Secretaria de Trabalho e s\u00e3o incentivadas a trabalhar formalmente, mas tamb\u00e9m a se tornar microempreendedores individuais.\u201d<\/p>\n\n\n\n<p><strong>Oportunidade&nbsp;<\/strong><\/p>\n\n\n\n<figure class=\"wp-block-image\"><img decoding=\"async\" src=\"http:\/\/agenciabrasilia.df.gov.br\/wp-conteudo\/uploads\/2022\/11\/Personagem-Maria-da-Conceicao.jpeg\" alt=\"\" class=\"wp-image-445382\"\/><figcaption>Maria da Concei\u00e7\u00e3o Ferreira: \u201cEu me sinto muito mais centrada, muito mais disposta a aprender coisas novas\u201d | Foto: Catarina Loiola\/Ag\u00eancia Bras\u00edlia<\/figcaption><\/figure>\n\n\n\n<p>Atualmente, o curso tem cerca de 200 alunas ativas que se formam em dezembro. Depois do passo a passo da linha e agulha, os sonhos profissionais delas ganharam novos horizontes. Para Rosilene Miranda, 49 anos, o conhecimento obtido trouxe a vontade de abrir a pr\u00f3pria marca de roupas&nbsp;<em>plus size<\/em>.<\/p>\n\n\n\n<p>\u201cEngordei 35 kg em seis meses devido a um problema de sa\u00fade e fiquei com dificuldade de encontrar roupas do meu agrado\u201d, conta a moradora de Samambaia Norte. \u201cAt\u00e9 existem roupas&nbsp;<em>plus size<\/em>, mas nem todas s\u00e3o bonitas, n\u00e3o t\u00eam um bom acabamento. E a minha marca ser\u00e1 de roupas&nbsp;<em>plus size<\/em>, b\u00e1sicas, bonitas e modernas.\u201d<\/p>\n\n\n\n<p>Maria da Concei\u00e7\u00e3o Ferreira, 49, almeja fundar o pr\u00f3prio ateli\u00ea de costura onde possa oferecer pe\u00e7as autorais e pequenos reparos em roupas. Hoje, ela j\u00e1 trabalha atendendo a comunidade do bairro em que mora em Santa Maria.<\/p>\n\n\n\n<p>\u201cToda semana algu\u00e9m me procura para fazer a bainha de uma cal\u00e7a, trocar um z\u00edper, apertar alguma coisa, e eu quero continuar trabalhando com isso, mas no meu pr\u00f3prio ateli\u00ea, tendo o meu neg\u00f3cio\u201d, afirma ela, que enfrentou o desemprego durante seis meses antes de iniciar o curso de corte e costura.<\/p>\n\n\n\n<p>O contato com novos conhecimentos impactou a sa\u00fade mental de Maria da Concei\u00e7\u00e3o. \u201cSempre fui uma pessoa muito ansiosa e estressada, e at\u00e9 meu psic\u00f3logo percebeu a minha mudan\u00e7a depois que comecei a fazer o curso\u201d, revela. \u201cEu me sinto muito mais centrada, muito mais disposta a aprender coisas novas.\u201d<\/p>\n\n\n\n<p>J\u00e1 Maria Aparecida Neves, 59, lembra que, antes do curso, s\u00f3 sabia o b\u00e1sico; hoje, entende de t\u00e9cnicas variadas e de diferentes n\u00edveis de dificuldade. \u201cAprendi a dominar a m\u00e1quina industrial e fiz v\u00e1rias roupinhas. Depois de me formar, quero comprar uma m\u00e1quina e fazer bolsas e almofadas para vender\u201d, diz. Sobre a experi\u00eancia no curso, ela se mostra entusiasmada: \u201cFoi t\u00e3o bom que, se pudesse, eu faria de novo ano que vem\u201d.<\/p>\n\n\n\n<p><strong>Participe<\/strong><\/p>\n\n\n\n<p>As inscri\u00e7\u00f5es podem ser feitas pelo&nbsp;<a href=\"https:\/\/www.trabalho.df.gov.br\/\" target=\"_blank\" rel=\"noreferrer noopener\">site da Secretaria de Trabalho<\/a>&nbsp;&nbsp;ou em qualquer uma das&nbsp;<a href=\"https:\/\/www.trabalho.df.gov.br\/agencias\/\" target=\"_blank\" rel=\"noreferrer noopener\">ag\u00eancias do trabalhador<\/a>.<\/p>\n\n\n\n<p>Para participar, o candidato deve cumprir os seguintes requisitos:<\/p>\n\n\n\n<p>\u2192 Ser integrante de fam\u00edlias cadastradas no Programa Bolsa Fam\u00edlia;<br>\u2192 Ter inscri\u00e7\u00e3o atualizada no Cadastro \u00danico de Programas Sociais do Governo Federal (Cad\u00danico);<br>\u2192 Ter renda familiar per capita de at\u00e9 R$ 200;<br>\u2192 Residir no Distrito Federal;<br>\u2192 Possuir idade m\u00ednima de 16 anos. No caso de inscri\u00e7\u00e3o de jovens entre 16 e 18 anos incompletos, ambos contados at\u00e9 6 de outubro de 2022, ser\u00e1 obrigat\u00f3rio o preenchimento do formul\u00e1rio de autoriza\u00e7\u00e3o pelos pais ou respons\u00e1veis legais do menor. A ficha ser\u00e1 disponibilizada no&nbsp;<a href=\"https:\/\/www.trabalho.df.gov.br\/\" target=\"_blank\" rel=\"noreferrer noopener\">site da Setrab<\/a>;<br>\u2192 N\u00e3o ter participado de nenhum processo de capacita\u00e7\u00e3o e qualifica\u00e7\u00e3o no Programa F\u00e1brica Social \u2013 Centro de Capacita\u00e7\u00e3o Profissional;<br>\u2192 Pessoas com defici\u00eancia devem apresentar o laudo m\u00e9dico \u2013 validade m\u00e1xima de 12 meses em caso de doen\u00e7a tempor\u00e1ria.<\/p>\n","protected":false},"excerpt":{"rendered":"<p>Inscri\u00e7\u00f5es come\u00e7am nesta quinta-feira (3) e v\u00e3o at\u00e9 o dia 18, podendo ser feitas pelo site da Secretaria de Trabalho ou presencialmente Catarina Loiola, da Ag\u00eancia Bras\u00edlia | Edi\u00e7\u00e3o: Chico Neto O programa F\u00e1brica Social est\u00e1 com 413 vagas para o curso de corte e costura, na modalidade presencial. O per\u00edodo de inscri\u00e7\u00f5es come\u00e7a nesta [&hellip;]<\/p>\n","protected":false},"author":1,"featured_media":0,"comment_status":"open","ping_status":"open","sticky":false,"template":"","format":"standard","meta":{"footnotes":""},"categories":[],"tags":[],"class_list":["post-5887","post","type-post","status-publish","format-standard","hentry"],"_links":{"self":[{"href":"https:\/\/aguaslindasnoticias.com.br\/index.php\/wp-json\/wp\/v2\/posts\/5887","targetHints":{"allow":["GET"]}}],"collection":[{"href":"https:\/\/aguaslindasnoticias.com.br\/index.php\/wp-json\/wp\/v2\/posts"}],"about":[{"href":"https:\/\/aguaslindasnoticias.com.br\/index.php\/wp-json\/wp\/v2\/types\/post"}],"author":[{"embeddable":true,"href":"https:\/\/aguaslindasnoticias.com.br\/index.php\/wp-json\/wp\/v2\/users\/1"}],"replies":[{"embeddable":true,"href":"https:\/\/aguaslindasnoticias.com.br\/index.php\/wp-json\/wp\/v2\/comments?post=5887"}],"version-history":[{"count":0,"href":"https:\/\/aguaslindasnoticias.com.br\/index.php\/wp-json\/wp\/v2\/posts\/5887\/revisions"}],"wp:attachment":[{"href":"https:\/\/aguaslindasnoticias.com.br\/index.php\/wp-json\/wp\/v2\/media?parent=5887"}],"wp:term":[{"taxonomy":"category","embeddable":true,"href":"https:\/\/aguaslindasnoticias.com.br\/index.php\/wp-json\/wp\/v2\/categories?post=5887"},{"taxonomy":"post_tag","embeddable":true,"href":"https:\/\/aguaslindasnoticias.com.br\/index.php\/wp-json\/wp\/v2\/tags?post=5887"}],"curies":[{"name":"wp","href":"https:\/\/api.w.org\/{rel}","templated":true}]}}