{"id":5886,"date":"2023-01-04T10:15:56","date_gmt":"2023-01-04T13:15:56","guid":{"rendered":"https:\/\/aguaslindasnoticias.com.br\/index.php\/2023\/01\/04\/quadras-de-esportes-sao-reformadas-no-lago-norte-e-na-granja-do-torto\/"},"modified":"2023-01-04T10:15:56","modified_gmt":"2023-01-04T13:15:56","slug":"quadras-de-esportes-sao-reformadas-no-lago-norte-e-na-granja-do-torto","status":"publish","type":"post","link":"https:\/\/aguaslindasnoticias.com.br\/index.php\/2023\/01\/04\/quadras-de-esportes-sao-reformadas-no-lago-norte-e-na-granja-do-torto\/","title":{"rendered":"Quadras de esportes s\u00e3o reformadas no Lago Norte e na Granja do Torto"},"content":{"rendered":"\n<p>Locais s\u00e3o usados pela comunidade para a pr\u00e1tica de v\u00f4lei e futsal. Na Granja, o campo ganhou as cores da bandeira do Brasil<\/p>\n\n\n\n<p>Rafael Secunho, da Ag\u00eancia Bras\u00edlia | Edi\u00e7\u00e3o: Claudio Fernandes<\/p>\n\n\n\n<p>Em ano de Copa do Mundo, nada melhor do que uma arena nova para jogar uma bolinha. A quadra poliesportiva da Granja do Torto foi toda reformada com o piso nas cores do Brasil \u2013 azul, amarelo e verde. Alambrados foram consertados, al\u00e9m das tabelas para a pr\u00e1tica do basquete e as traves. Um pedido feito desde 2014 por moradores do bairro, pr\u00f3ximo ao Lago Norte.<\/p>\n\n\n\n<figure class=\"wp-block-image\"><img decoding=\"async\" src=\"http:\/\/agenciabrasilia.df.gov.br\/wp-conteudo\/uploads\/2022\/11\/WhatsApp-Image-2022-11-03-at-18.41.24.jpeg\" alt=\"\" class=\"wp-image-445672\"\/><figcaption>Executada pela Novacap, com o apoio de oito reeducandos da Funap, a reforma da quadra da Granja do Torto contemplou o piso, as traves, as tabelas e o alambrado | Fotos: Paulo H. Carvalho \/ Ag\u00eancia Bras\u00edlia<\/figcaption><\/figure>\n\n\n\n<p>A reforma est\u00e1 sendo executada pela Novacap, com o apoio de oito reeducandos da Funda\u00e7\u00e3o Nacional de Amparo ao Preso (Funap). O material tamb\u00e9m \u00e9 de responsabilidade da companhia.<\/p>\n\n\n\n<figure class=\"wp-block-image\"><img decoding=\"async\" src=\"http:\/\/agenciabrasilia.df.gov.br\/wp-conteudo\/uploads\/2022\/11\/Marcelo-Oliveira-prefeito-comunitario-QUADRA-NA-GRANJA-DO-TORTO-1-300x200.jpg\" alt=\"\" class=\"wp-image-445587\"\/><figcaption>O l\u00edder comunit\u00e1rio Marcelo Oliveira diz que a quadra da Granja \u00e9 usada pela comunidade de manh\u00e3, \u00e0 tarde e \u00e0 noite<\/figcaption><\/figure>\n\n\n\n<p>Segundo o l\u00edder comunit\u00e1rio da Granja, Marcelo Oliveira, 51 anos, a quadra \u00e9 usada diuturnamente. \u201cTemos meninos e adultos jogando futsal aqui de manh\u00e3, de tarde e \u00e0 noite quando est\u00e1 tudo iluminado. Esse campo foi feito na d\u00e9cada de 90 e \u00e9 o ponto de lazer da nossa juventude aqui\u201d, conta.<\/p>\n\n\n\n<p>Segundo Oliveira, ele j\u00e1 fez por conta pr\u00f3pria consertos no alambrado que estava danificado. \u201cCom o passar do tempo, foi ficando tudo muito ruim. Buracos na grade, caiu o port\u00e3ozinho. Essa reforma \u00e9 muito bem-vinda\u201d, ressalta.<\/p>\n\n\n\n<figure class=\"wp-block-image\"><img decoding=\"async\" src=\"http:\/\/agenciabrasilia.df.gov.br\/wp-conteudo\/uploads\/2022\/11\/Adm-do-Lago-Norte-Anderson-Toledo-Quadra-do-Lago-Norte-1-300x200.jpg\" alt=\"\" class=\"wp-image-445589\"\/><figcaption>Administrador do Lago Norte, Anderson Tol\u00eado, na quadra da QI 5: ponto de lazer est\u00e1 na lista para reforma<\/figcaption><\/figure>\n\n\n\n<p>Outra quadra que est\u00e1 na lista para reformas \u00e9 a da QI 5 do Lago Norte, pr\u00f3ximo \u00e0 9\u00aa Delegacia de Pol\u00edcia (DP). De acordo com o administrador Anderson Tol\u00eado, j\u00e1 h\u00e1 tratativas tamb\u00e9m com a Novacap para dar uma \u2018cara nova\u2019 ao espa\u00e7o de lazer.<\/p>\n\n\n\n<p>A quadra da QI 5, por sua vez, \u00e9 o palco do v\u00f4lei e, inclusive, campeonatos s\u00e3o realizados esporadicamente por l\u00e1. A noite das ter\u00e7as-feiras \u00e9 obrigat\u00f3ria, mas pelo menos tr\u00eas vezes por semana h\u00e1 partidas por l\u00e1. Segundo o morador e jogador Thiago Ramirez, 40, chegam a se reunir at\u00e9 40 pessoas para os jogos.<\/p>\n\n\n\n<p>\u201cH\u00e1 uma car\u00eancia por espa\u00e7os como esse no Lago; temos apenas uma quadra para todo o bairro. Ent\u00e3o, \u00e9 superimportante essa melhoria para que possamos jogar com mais conforto e anima\u00e7\u00e3o\u201d, diz o empres\u00e1rio. Em tempos de chuva, Thiago conta que a turma do v\u00f4lei joga na quadra cedida por uma escola particular.<\/p>\n\n\n\n<p>\u201cNa realidade, a gente precisa constantemente recuperar os espa\u00e7os p\u00fablicos que envelhecem com o tempo. E esses dois campos a\u00ed j\u00e1 est\u00e3o garantidos\u201d, destaca o administrador. \u201cE vale lembrar que a pr\u00e1tica do esporte melhora a qualidade de vida, evita problemas de sa\u00fade e \u00e9 algo que a gente quer incentivar aqui na regi\u00e3o\u201d, finaliza Anderson.<\/p>\n","protected":false},"excerpt":{"rendered":"<p>Locais s\u00e3o usados pela comunidade para a pr\u00e1tica de v\u00f4lei e futsal. Na Granja, o campo ganhou as cores da bandeira do Brasil Rafael Secunho, da Ag\u00eancia Bras\u00edlia | Edi\u00e7\u00e3o: Claudio Fernandes Em ano de Copa do Mundo, nada melhor do que uma arena nova para jogar uma bolinha. A quadra poliesportiva da Granja do [&hellip;]<\/p>\n","protected":false},"author":1,"featured_media":0,"comment_status":"open","ping_status":"open","sticky":false,"template":"","format":"standard","meta":{"footnotes":""},"categories":[],"tags":[],"class_list":["post-5886","post","type-post","status-publish","format-standard","hentry"],"_links":{"self":[{"href":"https:\/\/aguaslindasnoticias.com.br\/index.php\/wp-json\/wp\/v2\/posts\/5886","targetHints":{"allow":["GET"]}}],"collection":[{"href":"https:\/\/aguaslindasnoticias.com.br\/index.php\/wp-json\/wp\/v2\/posts"}],"about":[{"href":"https:\/\/aguaslindasnoticias.com.br\/index.php\/wp-json\/wp\/v2\/types\/post"}],"author":[{"embeddable":true,"href":"https:\/\/aguaslindasnoticias.com.br\/index.php\/wp-json\/wp\/v2\/users\/1"}],"replies":[{"embeddable":true,"href":"https:\/\/aguaslindasnoticias.com.br\/index.php\/wp-json\/wp\/v2\/comments?post=5886"}],"version-history":[{"count":0,"href":"https:\/\/aguaslindasnoticias.com.br\/index.php\/wp-json\/wp\/v2\/posts\/5886\/revisions"}],"wp:attachment":[{"href":"https:\/\/aguaslindasnoticias.com.br\/index.php\/wp-json\/wp\/v2\/media?parent=5886"}],"wp:term":[{"taxonomy":"category","embeddable":true,"href":"https:\/\/aguaslindasnoticias.com.br\/index.php\/wp-json\/wp\/v2\/categories?post=5886"},{"taxonomy":"post_tag","embeddable":true,"href":"https:\/\/aguaslindasnoticias.com.br\/index.php\/wp-json\/wp\/v2\/tags?post=5886"}],"curies":[{"name":"wp","href":"https:\/\/api.w.org\/{rel}","templated":true}]}}