{"id":5885,"date":"2023-01-04T10:15:56","date_gmt":"2023-01-04T13:15:56","guid":{"rendered":"https:\/\/aguaslindasnoticias.com.br\/index.php\/2023\/01\/04\/creas-intermedeia-mensalmente-cerca-de-20-pedidos-de-retificacao-de-genero\/"},"modified":"2023-01-04T10:15:56","modified_gmt":"2023-01-04T13:15:56","slug":"creas-intermedeia-mensalmente-cerca-de-20-pedidos-de-retificacao-de-genero","status":"publish","type":"post","link":"https:\/\/aguaslindasnoticias.com.br\/index.php\/2023\/01\/04\/creas-intermedeia-mensalmente-cerca-de-20-pedidos-de-retificacao-de-genero\/","title":{"rendered":"Creas intermedeia mensalmente cerca de 20 pedidos de retifica\u00e7\u00e3o de g\u00eanero"},"content":{"rendered":"\n<p>Pessoas que vivenciam a transi\u00e7\u00e3o encontram atendimento integral, durante todo o processo, no Creas Diversidade, que atua em parceria com o N\u00facleo de Direitos Humanos da Defensoria P\u00fablica do DF<\/p>\n\n\n\n<p>Ag\u00eancia Bras\u00edlia* | Edi\u00e7\u00e3o: Rosualdo Rodrigues<\/p>\n\n\n\n<p>\u201cN\u00e3o, sua m\u00e3e n\u00e3o entende e seu pai n\u00e3o entende. Tio John n\u00e3o entende e voc\u00ea n\u00e3o pode dizer para sua av\u00f3, porque o cora\u00e7\u00e3o dela n\u00e3o aguentaria e ela pode n\u00e3o resistir\u201d. Esse \u00e9 o trecho da m\u00fasica&nbsp;<em>The Village<\/em>, do cantor norte-americano Wrabel. Ela conta a hist\u00f3ria de um adolescente transg\u00eanero que n\u00e3o se reconhece no corpo de uma menina. Foi essa m\u00fasica que inspirou o brasiliense G.F.O.S**, 18 anos, a tomar a decis\u00e3o mais dif\u00edcil de sua vida: iniciar uma dif\u00edcil caminhada at\u00e9 conseguir assumir e exercer sua identidade de g\u00eanero.<\/p>\n\n\n\n<figure class=\"wp-block-image\"><img decoding=\"async\" src=\"http:\/\/agenciabrasilia.df.gov.br\/wp-conteudo\/uploads\/2022\/11\/Foto-Ascom-Sedes-DF.jpeg\" alt=\"\" class=\"wp-image-445569\"\/><figcaption>Morador do Recanto das Emas, G.F.O.S recebeu na segunda (31) nova certid\u00e3o de nascimento com as sonhadas altera\u00e7\u00f5es: \u201cMe senti renascido\u201d | Foto: Ascom \/ Sedes-DF<\/figcaption><\/figure>\n\n\n\n<p>Morador do Recanto das Emas, o jovem \u00e9 acompanhado pelo Creas Diversidade, na 615 da Asa Sul. \u201cEu cheguei aqui h\u00e1 alguns meses orientado por um m\u00e9dico. Foi para ele que contei minha hist\u00f3ria pela primeira vez. Da\u00ed ele me sugeriu conversar com minha fam\u00edlia e procurar o Creas, onde fui atendido integralmente\u201d, conta G.F.O.S, que jamais sentiu-se feliz sendo menina.<\/p>\n\n\n\n<p>Aos 15 anos, ele falou com a m\u00e3e, que o apoiou imediatamente. \u201cMinha inf\u00e2ncia e pr\u00e9-adolesc\u00eancia foram muito dif\u00edceis, pois eu n\u00e3o me entendia e n\u00e3o me aceitava\u201d, lembra. \u201cNa puberdade, eu estava me transformando em uma mulher. At\u00e9 tentei me relacionar com um garoto, mas foi a pior experi\u00eancia da minha vida, pois aquela n\u00e3o era minha orienta\u00e7\u00e3o sexual. Ent\u00e3o decidi ser feliz\u201d, completa.<\/p>\n\n\n\n<blockquote class=\"wp-block-quote is-layout-flow wp-block-quote-is-layout-flow\"><p>\u201c\u00c9 uma luta por dignidade e reconhecimento formal para pessoas que precisam enfrentar desafios di\u00e1rios simplesmente para serem vistos como s\u00e3o de fato\u201dAna Paula Marra, secret\u00e1ria de Desenvolvimento Social<\/p><\/blockquote>\n\n\n\n<p>Em 23 de outubro passado, ele completou 18 anos. No dia seguinte, a equipe do Creas Diversidade estava com toda a documenta\u00e7\u00e3o pronta para ser levada ao cart\u00f3rio com o intuito de iniciar o processo de retifica\u00e7\u00e3o de nome e g\u00eanero. Na \u00faltima segunda-feira (31), chegou a nova certid\u00e3o de nascimento com as t\u00e3o sonhadas altera\u00e7\u00f5es.<\/p>\n\n\n\n<p>\u201cParecia o in\u00edcio de uma nova vida. Eu me senti renascido. Agora, da maneira como me reconhe\u00e7o e me sinto\u201d, descreve o estudante do 3\u00ba ano do ensino m\u00e9dio, que pretende fazer a mastectomia (cirurgia para retirada das mamas), tornar-se policial federal e fazer um viagem estilo mochil\u00e3o pela Europa.<\/p>\n\n\n\n<p>Al\u00e9m de intermediar o processo para retifica\u00e7\u00e3o de nome e g\u00eanero, a equipe multiprofissional do Creas Diversidade prestou atendimento integral ao jovem. Na unidade, ele foi encaminhado para o Ambulat\u00f3rio Trans, onde faz tratamento hormonal; entrou no Cadastro \u00danico, foi inscrito para pleitear o Programa Prato Cheio e teve deferida a concess\u00e3o do Aux\u00edlio Vulnerabilidade mensal de at\u00e9 seis parcelas de R$ 408 para ajudar na compra dos rem\u00e9dios que chegam a custar R$ 500 a dose, pois a m\u00e3e de 42 anos est\u00e1 desempregada atualmente.<\/p>\n\n\n\n<figure class=\"wp-block-image\"><img decoding=\"async\" src=\"http:\/\/agenciabrasilia.df.gov.br\/wp-conteudo\/uploads\/2022\/11\/6.11.-Materia-LGBTQ.-Foto-Paulo-H-Carvalho-Agencia-Brasilia5-1.jpg\" alt=\"\" class=\"wp-image-445616\"\/><figcaption>Desde 2014, o Creas Diversidade articula esses processos em parceria com o N\u00facleo de Direitos Humanos da Defensoria P\u00fablica do DF | Foto: Paulo H. Carvalho\/Ag\u00eancia Bras\u00edlia<\/figcaption><\/figure>\n\n\n\n<p>\u201cMensalmente, ele vem aqui, pois o acompanhamento precisa ser sist\u00eamico. N\u00e3o apenas dele, mas da fam\u00edlia\u201d, explica a psic\u00f3loga do Creas Diversidade, Karla Sindeaux. \u201cA hist\u00f3ria do G.F.O.S \u00e9 um relato de for\u00e7a e supera\u00e7\u00e3o. Ele estava muito seguro de sua decis\u00e3o e de seus objetivos. Ent\u00e3o, corremos contra o tempo, para estar com tudo pronto assim que ele atingisse a maioridade\u201d, complementa a agente social respons\u00e1vel pela articula\u00e7\u00e3o com a defensora p\u00fablica do DF, D\u00e9bora Lorena Almeida.<\/p>\n\n\n\n<p>\u201cHoje, vejo meu filho feliz\u201d, emociona-se a m\u00e3e, G.S**. \u201cQuando veio a primeira menstrua\u00e7\u00e3o, ele caiu em depress\u00e3o\u201d, relembra. De acordo com ela, o tema era um tabu na fam\u00edlia, tanto que o jovem voltou a falar com o pai h\u00e1 pouco tempo devido ao preconceito, exatamente como na m\u00fasica citada no in\u00edcio deste texto. \u201cForam pescar juntos esses dias. Foi algo muito importante para eles\u201d, finaliza.<\/p>\n\n\n\n<p><strong>Retifica\u00e7\u00e3o de nome e g\u00eanero<\/strong><\/p>\n\n\n\n<p>O Creas Diversidade n\u00e3o faz o procedimento. Por\u00e9m, por meio de uma parceria, desde 2014 articula tudo com o N\u00facleo de Direitos Humanos da Defensoria P\u00fablica do Distrito Federal, com base no Provimento n\u00ba 73\/2018 do Conselho Nacional de Justi\u00e7a (CNJ). Ocorrem, em m\u00e9dia, 20 atendimentos desse tipo todos os meses na unidade.<\/p>\n\n\n\n<p>\u201c\u00c9 uma luta por dignidade e reconhecimento formal para pessoas que precisam enfrentar desafios di\u00e1rios simplesmente para serem vistos como s\u00e3o de fato\u201d, destaca a secret\u00e1ria de Desenvolvimento Social, Ana Paula Marra.<\/p>\n\n\n\n<p>Quem busca pela retifica\u00e7\u00e3o de nome e g\u00eanero basta procurar o Creas Diversidade, seja diretamente na unidade ou por telefone ou e-mail \u2013 centrodadiversidade@sedes.df.gov.br ou creasdiversidade@gmail.com; 3773-7498 e 3773-7499. Os documentos necess\u00e1rios para retifica\u00e7\u00e3o s\u00e3o RG, CPF, certid\u00e3o de nascimento e t\u00edtulo de eleitor.<\/p>\n\n\n\n<p><em>*Com informa\u00e7\u00f5es da Secretaria de Desenvolvimento Social do DF<\/em><\/p>\n\n\n\n<p><em>**Os nomes das personagens foram abreviados para preservar o sigilo de suas identidades<\/em><\/p>\n","protected":false},"excerpt":{"rendered":"<p>Pessoas que vivenciam a transi\u00e7\u00e3o encontram atendimento integral, durante todo o processo, no Creas Diversidade, que atua em parceria com o N\u00facleo de Direitos Humanos da Defensoria P\u00fablica do DF Ag\u00eancia Bras\u00edlia* | Edi\u00e7\u00e3o: Rosualdo Rodrigues \u201cN\u00e3o, sua m\u00e3e n\u00e3o entende e seu pai n\u00e3o entende. Tio John n\u00e3o entende e voc\u00ea n\u00e3o pode dizer [&hellip;]<\/p>\n","protected":false},"author":1,"featured_media":0,"comment_status":"open","ping_status":"open","sticky":false,"template":"","format":"standard","meta":{"footnotes":""},"categories":[],"tags":[],"class_list":["post-5885","post","type-post","status-publish","format-standard","hentry"],"_links":{"self":[{"href":"https:\/\/aguaslindasnoticias.com.br\/index.php\/wp-json\/wp\/v2\/posts\/5885","targetHints":{"allow":["GET"]}}],"collection":[{"href":"https:\/\/aguaslindasnoticias.com.br\/index.php\/wp-json\/wp\/v2\/posts"}],"about":[{"href":"https:\/\/aguaslindasnoticias.com.br\/index.php\/wp-json\/wp\/v2\/types\/post"}],"author":[{"embeddable":true,"href":"https:\/\/aguaslindasnoticias.com.br\/index.php\/wp-json\/wp\/v2\/users\/1"}],"replies":[{"embeddable":true,"href":"https:\/\/aguaslindasnoticias.com.br\/index.php\/wp-json\/wp\/v2\/comments?post=5885"}],"version-history":[{"count":0,"href":"https:\/\/aguaslindasnoticias.com.br\/index.php\/wp-json\/wp\/v2\/posts\/5885\/revisions"}],"wp:attachment":[{"href":"https:\/\/aguaslindasnoticias.com.br\/index.php\/wp-json\/wp\/v2\/media?parent=5885"}],"wp:term":[{"taxonomy":"category","embeddable":true,"href":"https:\/\/aguaslindasnoticias.com.br\/index.php\/wp-json\/wp\/v2\/categories?post=5885"},{"taxonomy":"post_tag","embeddable":true,"href":"https:\/\/aguaslindasnoticias.com.br\/index.php\/wp-json\/wp\/v2\/tags?post=5885"}],"curies":[{"name":"wp","href":"https:\/\/api.w.org\/{rel}","templated":true}]}}