{"id":5884,"date":"2023-01-04T10:15:56","date_gmt":"2023-01-04T13:15:56","guid":{"rendered":"https:\/\/aguaslindasnoticias.com.br\/index.php\/2023\/01\/04\/indios-venezuelanos-sao-orientados-sobre-utilizacao-do-cartao-prato-cheio\/"},"modified":"2023-01-04T10:15:56","modified_gmt":"2023-01-04T13:15:56","slug":"indios-venezuelanos-sao-orientados-sobre-utilizacao-do-cartao-prato-cheio","status":"publish","type":"post","link":"https:\/\/aguaslindasnoticias.com.br\/index.php\/2023\/01\/04\/indios-venezuelanos-sao-orientados-sobre-utilizacao-do-cartao-prato-cheio\/","title":{"rendered":"\u00cdndios venezuelanos s\u00e3o orientados sobre utiliza\u00e7\u00e3o do Cart\u00e3o Prato Cheio"},"content":{"rendered":"\n<p>Neste m\u00eas, 29 fam\u00edlias da etnia Warao foram contempladas com o benef\u00edcio. Durante nove meses, elas receber\u00e3o cr\u00e9dito mensal de R$ 250 para a compra de alimentos<\/p>\n\n\n\n<p>Ag\u00eancia Bras\u00edlia* | Edi\u00e7\u00e3o: Saulo Moreno<\/p>\n\n\n\n<p>Levar informa\u00e7\u00e3o adequada para incentivar os \u00edndios venezuelanos a fazerem escolhas corretas e aproveitarem da melhor forma o cr\u00e9dito do Cart\u00e3o Prato Cheio. Esse foi o objetivo de uma a\u00e7\u00e3o de Educa\u00e7\u00e3o Alimentar e Nutricional (EAN) realizada nesta quinta-feira (3) pela Secretaria de Desenvolvimento Social (Sedes) na comunidade Warao, que fica nas proximidades de S\u00e3o Sebasti\u00e3o.<\/p>\n\n\n\n<figure class=\"wp-block-image\"><img decoding=\"async\" src=\"http:\/\/agenciabrasilia.df.gov.br\/wp-conteudo\/uploads\/2022\/11\/WhatsApp-Image-2022-11-03-at-16.55.36-1.jpeg\" alt=\"\" class=\"wp-image-445614\"\/><figcaption>As comunidades de \u00edndios brasileiros Guajajara e Kariri-Xoc\u00f3, que vivem no Distrito Federal, tamb\u00e9m s\u00e3o atendidas pela Sedes e, recentemente, receberam atividades de Educa\u00e7\u00e3o Alimentar e Nutricional | Foto: Divulga\u00e7\u00e3o \/ Sedes<\/figcaption><\/figure>\n\n\n\n<p>Por meio de articula\u00e7\u00e3o do Centro de Refer\u00eancia Especializado de Assist\u00eancia Social (Creas) Diversidade, neste m\u00eas, 29 fam\u00edlias de \u00edndios venezuelanos que vivem na regi\u00e3o foram contempladas pelo programa Prato Cheio. Durante nove meses, elas v\u00e3o receber cr\u00e9dito mensal de R$ 250 para a compra de alimentos.\u201cO Cart\u00e3o Prato Cheio vai substituir as cestas b\u00e1sicas emergenciais que eles recebem. Nosso objetivo \u00e9 dar autonomia a essas fam\u00edlias para que elas saiam da situa\u00e7\u00e3o de inseguran\u00e7a alimentar e nutricional\u201d, explica a secret\u00e1ria de Desenvolvimento Social, Ana Paula Marra.<\/p>\n\n\n\n<blockquote class=\"wp-block-quote is-layout-flow wp-block-quote-is-layout-flow\"><p>\u201cA expectativa \u00e9 realizar atividades mensais nessas comunidades para municiar a popula\u00e7\u00e3o ind\u00edgena com informa\u00e7\u00e3o correta, al\u00e9m de incentivar uma alimenta\u00e7\u00e3o saud\u00e1vel e nutricionalmente adequada\u201dAna Paula Marra, secret\u00e1ria de Desenvolvimento Social<\/p><\/blockquote>\n\n\n\n<p>Na comunidade, a equipe da Sedes promoveu uma roda de conversa com as mulheres ind\u00edgenas onde elas puderam tirar d\u00favidas sobre o Prato Cheio. As fam\u00edlias tamb\u00e9m participaram de uma din\u00e2mica com orienta\u00e7\u00e3o de uma nutricionista para fazer as compras no mercado.<\/p>\n\n\n\n<p>\u201cOs \u00edndios Warao t\u00eam uma cultura e h\u00e1bitos alimentares diferentes dos nossos. A proposta \u00e9 mostrar \u00e0 comunidade a import\u00e2ncia de fazer boas escolhas na hora de fazer compras e n\u00e3o gastar o cr\u00e9dito de uma s\u00f3 vez\u201d, enfatiza a gestora.<\/p>\n\n\n\n<p>A ideia, segunda ela, \u00e9 manter esse contato com os \u00edndios Warao para dar continuidade ao trabalho de Educa\u00e7\u00e3o Alimentar e Nutricional (EAN) com a comunidade. \u201cA expectativa \u00e9 retornar \u00e0 comunidade para trocar receitas, dar dicas de como utilizar os alimentos.\u201d<\/p>\n\n\n\n<p>Al\u00e9m dos \u00edndios venezuelanos Warao, a Sedes tamb\u00e9m atende, por meio do Creas Diversidade, as comunidades de \u00edndios brasileiros Guajajara e Kariri-Xoc\u00f3, que vivem no Distrito Federal. Recentemente, as comunidades ind\u00edgenas tamb\u00e9m receberam atividades de Educa\u00e7\u00e3o Alimentar e Nutricional.<\/p>\n\n\n\n<p>\u201cA expectativa \u00e9 realizar atividades mensais nessas comunidades para municiar a popula\u00e7\u00e3o ind\u00edgena com informa\u00e7\u00e3o correta, al\u00e9m de incentivar uma alimenta\u00e7\u00e3o saud\u00e1vel e nutricionalmente adequada\u201d, destaca Ana Marra.<\/p>\n\n\n\n<p><strong>Prato Cheio<\/strong><\/p>\n\n\n\n<p>Nesta semana, 86.721 fam\u00edlias receberam o cr\u00e9dito de R$ 250 do Cart\u00e3o Prato Cheio para a compra de alimentos, com investimento total de R$ 21.680.250.<\/p>\n\n\n\n<p>T\u00eam prioridade para receber o benef\u00edcio as fam\u00edlias monoparentais chefiadas por mulheres com crian\u00e7as de at\u00e9 seis anos de idade e aquelas que t\u00eam na composi\u00e7\u00e3o familiar pessoas com defici\u00eancia ou idosas, al\u00e9m das pessoas em situa\u00e7\u00e3o de rua, acompanhadas por equipes da assist\u00eancia social e em processo de sa\u00edda dessa condi\u00e7\u00e3o.<\/p>\n\n\n\n<p>O per\u00edodo de concess\u00e3o do Prato Cheio \u00e9 de nove meses, mas n\u00e3o se trata de um programa de transfer\u00eancia de renda. Caso complete o ciclo, mas a fam\u00edlia ainda esteja em situa\u00e7\u00e3o de inseguran\u00e7a alimentar e nutricional, o cidad\u00e3o deve procurar o Centro de Refer\u00eancia de Assist\u00eancia Social (Cras) do local onde mora e solicitar novamente o benef\u00edcio.<\/p>\n\n\n\n<p>Em setembro, a Sedes incluiu 27.068 novos benefici\u00e1rios no programa. Lembrando que o Cart\u00e3o Prato Cheio n\u00e3o est\u00e1 habilitado para a fun\u00e7\u00e3o saque e s\u00f3 pode ser utilizado no com\u00e9rcio de produtos aliment\u00edcios.<\/p>\n\n\n\n<p><em>*Com informa\u00e7\u00f5es da Secretaria de Desenvolvimento Social&nbsp;<\/em><\/p>\n","protected":false},"excerpt":{"rendered":"<p>Neste m\u00eas, 29 fam\u00edlias da etnia Warao foram contempladas com o benef\u00edcio. Durante nove meses, elas receber\u00e3o cr\u00e9dito mensal de R$ 250 para a compra de alimentos Ag\u00eancia Bras\u00edlia* | Edi\u00e7\u00e3o: Saulo Moreno Levar informa\u00e7\u00e3o adequada para incentivar os \u00edndios venezuelanos a fazerem escolhas corretas e aproveitarem da melhor forma o cr\u00e9dito do Cart\u00e3o Prato [&hellip;]<\/p>\n","protected":false},"author":1,"featured_media":0,"comment_status":"open","ping_status":"open","sticky":false,"template":"","format":"standard","meta":{"footnotes":""},"categories":[],"tags":[],"class_list":["post-5884","post","type-post","status-publish","format-standard","hentry"],"_links":{"self":[{"href":"https:\/\/aguaslindasnoticias.com.br\/index.php\/wp-json\/wp\/v2\/posts\/5884","targetHints":{"allow":["GET"]}}],"collection":[{"href":"https:\/\/aguaslindasnoticias.com.br\/index.php\/wp-json\/wp\/v2\/posts"}],"about":[{"href":"https:\/\/aguaslindasnoticias.com.br\/index.php\/wp-json\/wp\/v2\/types\/post"}],"author":[{"embeddable":true,"href":"https:\/\/aguaslindasnoticias.com.br\/index.php\/wp-json\/wp\/v2\/users\/1"}],"replies":[{"embeddable":true,"href":"https:\/\/aguaslindasnoticias.com.br\/index.php\/wp-json\/wp\/v2\/comments?post=5884"}],"version-history":[{"count":0,"href":"https:\/\/aguaslindasnoticias.com.br\/index.php\/wp-json\/wp\/v2\/posts\/5884\/revisions"}],"wp:attachment":[{"href":"https:\/\/aguaslindasnoticias.com.br\/index.php\/wp-json\/wp\/v2\/media?parent=5884"}],"wp:term":[{"taxonomy":"category","embeddable":true,"href":"https:\/\/aguaslindasnoticias.com.br\/index.php\/wp-json\/wp\/v2\/categories?post=5884"},{"taxonomy":"post_tag","embeddable":true,"href":"https:\/\/aguaslindasnoticias.com.br\/index.php\/wp-json\/wp\/v2\/tags?post=5884"}],"curies":[{"name":"wp","href":"https:\/\/api.w.org\/{rel}","templated":true}]}}