{"id":5882,"date":"2023-01-04T10:15:56","date_gmt":"2023-01-04T13:15:56","guid":{"rendered":"https:\/\/aguaslindasnoticias.com.br\/index.php\/2023\/01\/04\/projeto-cultural-contou-com-r-36-milhoes-e-levou-cursos-a-30-ras\/"},"modified":"2023-01-04T10:15:56","modified_gmt":"2023-01-04T13:15:56","slug":"projeto-cultural-contou-com-r-36-milhoes-e-levou-cursos-a-30-ras","status":"publish","type":"post","link":"https:\/\/aguaslindasnoticias.com.br\/index.php\/2023\/01\/04\/projeto-cultural-contou-com-r-36-milhoes-e-levou-cursos-a-30-ras\/","title":{"rendered":"Projeto cultural contou com R$ 3,6 milh\u00f5es e levou cursos a 30 RAs"},"content":{"rendered":"\n<p>Cultura nas Cidades encerra atividade anual com capacita\u00e7\u00e3o de 600 pessoas<\/p>\n\n\n\n<p>Catarina Lima, da Ag\u00eancia Bras\u00edlia | Edi\u00e7\u00e3o: Carolina Lobo<\/p>\n\n\n\n<p>O projeto Cultura nas Cidades encerra suas atividades de 2022 com a realiza\u00e7\u00e3o do curso de gest\u00e3o cultural, que vai desta sexta-feira (4) at\u00e9 o dia 10. A regi\u00e3o administrativa (RA) atendida \u00e9 o Guar\u00e1, \u00faltima das 30 RAs a receber a iniciativa. O Cultura nas Cidades capacitou 600 pessoas, em nove meses, nos tr\u00eas eixos do programa.<\/p>\n\n\n\n<p>O primeiro deles consiste na oferta de cursos de gest\u00e3o e capacita\u00e7\u00e3o cultural; o segundo, na presta\u00e7\u00e3o de servi\u00e7os de orienta\u00e7\u00e3o para empresas e pessoas que j\u00e1 atuam no setor. J\u00e1 o terceiro compreende a execu\u00e7\u00e3o de um evento cultural com dura\u00e7\u00e3o de tr\u00eas dias. O projeto, com custo de R$ 3,6 milh\u00f5es, \u00e9 uma iniciativa da Secretaria de Cultura e Economia Criativa (Secec) e do Instituto Social e Cultural do DF (InCS-DF).<\/p>\n\n\n\n<p>O curso ser\u00e1 realizado a partir deste s\u00e1bado (5) com cinco disciplinas, cada uma com dura\u00e7\u00e3o de quatro horas. As aulas ser\u00e3o ministradas nos per\u00edodos vespertino (14h \u00e0s 18h) e noturno (19h \u00e0s 23h). Nesta sexta-feira (4) n\u00e3o haver\u00e1 aulas, apenas atendimento ao p\u00fablico, para confirmar as inscri\u00e7\u00f5es.<\/p>\n\n\n\n<figure class=\"wp-block-image\"><img decoding=\"async\" src=\"http:\/\/agenciabrasilia.df.gov.br\/wp-conteudo\/uploads\/2022\/11\/WhatsApp-Image-2022-11-03-at-20.52.45-1-scaled.jpg\" alt=\"\" class=\"wp-image-445716\"\/><figcaption>A \u00faltima RA a receber o projeto em 2022 \u00e9 o Guar\u00e1, no per\u00edodo desta sexta (4) ao dia 10 | Foto: Divulga\u00e7\u00e3o<\/figcaption><\/figure>\n\n\n\n<p>A subsecret\u00e1ria de Difus\u00e3o e Diversidade Cultural, Sol Montes, disse que o projeto foi criado ao ser observada a necessidade de levar cultura \u00e0s diversas regi\u00f5es do Distrito Federal. \u201cA iniciativa atende uma parte da popula\u00e7\u00e3o que quer saber um pouco mais sobre cultura, ao fazedor de cultura ou quem vive de cultura e, finalmente, aos gestores, que s\u00e3o o elo entre a sociedade e o fazedor de cultura\u201d, explicou. \u201cEsse projeto foi a resposta para a demanda da sociedade\u201d.<\/p>\n\n\n\n<p>Os cursos foram divididos de forma diferente entre as 30 RAs. As de menor \u00cdndice de Desenvolvimento Humano (IDH) receberam o curso completo, quanto as de maior IDH apenas fizeram a parte de eventos. Das 33 regi\u00f5es RAs, o projeto Cultura nas Cidades n\u00e3o passou apenas pelo SIA, Lago Sul e Lago Norte.<\/p>\n\n\n\n<p><strong>Novidades em 2023<\/strong><\/p>\n\n\n\n<p>O projeto dever\u00e1 ser reeditado em 2023, segundo Sol Montes, com novidades. \u201cEmbora neste ano tenhamos feito busca ativa para que as pessoas participassem, n\u00e3o atingimos o n\u00famero esperado de pessoas. Vamos aprimorar o atendimento\u201d, afirmou a gestora.<\/p>\n\n\n\n<p>Outra inova\u00e7\u00e3o anunciada pela subsecret\u00e1ria de Difus\u00e3o e Diversidade Cultural \u00e9 que ser\u00e3o oferecidos cursos de aprimoramento para aqueles que passaram pelas primeiras capacita\u00e7\u00f5es.<\/p>\n","protected":false},"excerpt":{"rendered":"<p>Cultura nas Cidades encerra atividade anual com capacita\u00e7\u00e3o de 600 pessoas Catarina Lima, da Ag\u00eancia Bras\u00edlia | Edi\u00e7\u00e3o: Carolina Lobo O projeto Cultura nas Cidades encerra suas atividades de 2022 com a realiza\u00e7\u00e3o do curso de gest\u00e3o cultural, que vai desta sexta-feira (4) at\u00e9 o dia 10. A regi\u00e3o administrativa (RA) atendida \u00e9 o Guar\u00e1, [&hellip;]<\/p>\n","protected":false},"author":1,"featured_media":0,"comment_status":"open","ping_status":"open","sticky":false,"template":"","format":"standard","meta":{"footnotes":""},"categories":[],"tags":[],"class_list":["post-5882","post","type-post","status-publish","format-standard","hentry"],"_links":{"self":[{"href":"https:\/\/aguaslindasnoticias.com.br\/index.php\/wp-json\/wp\/v2\/posts\/5882","targetHints":{"allow":["GET"]}}],"collection":[{"href":"https:\/\/aguaslindasnoticias.com.br\/index.php\/wp-json\/wp\/v2\/posts"}],"about":[{"href":"https:\/\/aguaslindasnoticias.com.br\/index.php\/wp-json\/wp\/v2\/types\/post"}],"author":[{"embeddable":true,"href":"https:\/\/aguaslindasnoticias.com.br\/index.php\/wp-json\/wp\/v2\/users\/1"}],"replies":[{"embeddable":true,"href":"https:\/\/aguaslindasnoticias.com.br\/index.php\/wp-json\/wp\/v2\/comments?post=5882"}],"version-history":[{"count":0,"href":"https:\/\/aguaslindasnoticias.com.br\/index.php\/wp-json\/wp\/v2\/posts\/5882\/revisions"}],"wp:attachment":[{"href":"https:\/\/aguaslindasnoticias.com.br\/index.php\/wp-json\/wp\/v2\/media?parent=5882"}],"wp:term":[{"taxonomy":"category","embeddable":true,"href":"https:\/\/aguaslindasnoticias.com.br\/index.php\/wp-json\/wp\/v2\/categories?post=5882"},{"taxonomy":"post_tag","embeddable":true,"href":"https:\/\/aguaslindasnoticias.com.br\/index.php\/wp-json\/wp\/v2\/tags?post=5882"}],"curies":[{"name":"wp","href":"https:\/\/api.w.org\/{rel}","templated":true}]}}