{"id":5881,"date":"2023-01-04T10:15:56","date_gmt":"2023-01-04T13:15:56","guid":{"rendered":"https:\/\/aguaslindasnoticias.com.br\/index.php\/2023\/01\/04\/moradores-de-sobradinho-ganham-mais-seguranca-com-reforma-de-rotatoria\/"},"modified":"2023-01-04T10:15:56","modified_gmt":"2023-01-04T13:15:56","slug":"moradores-de-sobradinho-ganham-mais-seguranca-com-reforma-de-rotatoria","status":"publish","type":"post","link":"https:\/\/aguaslindasnoticias.com.br\/index.php\/2023\/01\/04\/moradores-de-sobradinho-ganham-mais-seguranca-com-reforma-de-rotatoria\/","title":{"rendered":"Moradores de Sobradinho ganham mais seguran\u00e7a com reforma de rotat\u00f3ria"},"content":{"rendered":"\n<p>A\u00e7\u00e3o \u00e9 executada pela Novacap e GDF Presente; reforma vai melhorar o tr\u00e1fego na principal entrada e sa\u00edda da cidade<\/p>\n\n\n\n<p>Catarina Loiola, da Ag\u00eancia Bras\u00edlia | Edi\u00e7\u00e3o: Chico Neto<\/p>\n\n\n\n<figure class=\"wp-block-image\"><img decoding=\"async\" src=\"http:\/\/agenciabrasilia.df.gov.br\/wp-conteudo\/uploads\/2022\/10\/WhatsApp-Image-2022-10-25-at-17.51.22-1.jpeg\" alt=\"\" class=\"wp-image-444430\"\/><figcaption>Equipes em a\u00e7\u00e3o: cidade bem-cuidada assegura qualidade de vida da popula\u00e7\u00e3o | Foto: GDF Presente<\/figcaption><\/figure>\n\n\n\n<p>As vias de acesso ao bal\u00e3o da Quadra 1 de Sobradinho est\u00e3o sendo recuperadas pela Companhia Urbanizadora da Nova Capital do Brasil (Novacap), em parceria com o programa GDF Presente. A reforma vai melhorar o tr\u00e1fego na principal entrada e sa\u00edda da cidade, que liga a regi\u00e3o \u00e0 DF-020.<\/p>\n\n\n\n<p>At\u00e9 o dia 25, foram usadas 38 toneladas de massa asf\u00e1ltica. A previs\u00e3o \u00e9 que, com a conclus\u00e3o do trabalho, o total chegue a 60 toneladas do produto. A a\u00e7\u00e3o est\u00e1 em pr\u00e1tica desde o dia 19 de outubro. \u201cO bal\u00e3o estava h\u00e1 muitos anos sem manuten\u00e7\u00e3o\u201d, conta o administrador de Sobradinho, Ab\u00edlio Castro Filho. \u201c\u00c9 uma a\u00e7\u00e3o muito estrat\u00e9gica e faz parte do trabalho de melhoria da infraestrutura da cidade\u201d, explica.<\/p>\n\n\n\n<p>O servi\u00e7o ocorre sem a interrup\u00e7\u00e3o total do tr\u00e2nsito. Isso porque, enquanto uma faixa \u00e9 recuperada, as outras est\u00e3o dispon\u00edveis para os ve\u00edculos. Participam quatro reeducandos da Funda\u00e7\u00e3o de Amparo ao Preso (Funap), junto a funcion\u00e1rios do GDF Presente e da Novacap.<\/p>\n\n\n\n<p><strong>Demanda<\/strong><\/p>\n\n\n\n<p>O coordenador do Polo Norte do GDF Presente, Ronaldo Alves, lembra que a reforma era uma demanda antiga da popula\u00e7\u00e3o. \u201cEssa \u00e1rea estava muito deteriorada, cheia de buracos e cascas de jacar\u00e9, que \u00e9 quando o ch\u00e3o fica craquelado e quebrado\u201d, aponta. \u201cE o bal\u00e3o fica bem na entrada da cidade, ent\u00e3o os motoristas eram muito prejudicados\u201d.<\/p>\n\n\n\n<p>O Polo Norte do programa coordena reparos na Fercal, em Planaltina, Sobradinho e Sobradinho II.<\/p>\n\n\n\n<p>\u201cAs depress\u00f5es levavam os carros a terem problemas na suspens\u00e3o e deixavam as vias muito ruins para dirigir\u201d, refor\u00e7a a chefe da Divis\u00e3o da Manuten\u00e7\u00e3o de Vias da Novacap, Walquiria Marra.<\/p>\n\n\n\n<p>Moradora da Quadra 6 de Sobradinho, a servidora p\u00fablica Alianete Almeida, 47 anos, acredita que a reforma vai surtir efeito positivo tamb\u00e9m no tempo gasto por motoristas na rota. Ela passa pelo local quase todos os dias para almo\u00e7ar na casa da m\u00e3e, na Quadra 1.\u201cComo \u00e9 um bal\u00e3o que tem muito movimento, quanto melhor estiver o asfalto, mais f\u00e1cil \u00e9 para dirigir; se o asfalto \u00e9 ruim, o tr\u00e2nsito n\u00e3o flui a contento\u201d, comenta.<\/p>\n\n\n\n<p><strong>Trabalho cont\u00ednuo<\/strong><\/p>\n\n\n\n<p>Na \u00faltima quarta-feira (26), a Novacap efetuou a primeira edi\u00e7\u00e3o do programa M\u00e3o Na Massa em Sobradinho. \u201cTrata-se de uma capacita\u00e7\u00e3o para os servidores e reeducandos da administra\u00e7\u00e3o regional sobre o modo correto de fazer a recupera\u00e7\u00e3o do asfalto, como tapar buracos\u201d, explica Walquiria Marra. \u201cSabendo disso, conseguir\u00e3o chegar a pontos que a Novacap acaba n\u00e3o conseguindo atingir e v\u00e3o melhorar ainda mais a cidade para a popula\u00e7\u00e3o\u201d.<\/p>\n","protected":false},"excerpt":{"rendered":"<p>A\u00e7\u00e3o \u00e9 executada pela Novacap e GDF Presente; reforma vai melhorar o tr\u00e1fego na principal entrada e sa\u00edda da cidade Catarina Loiola, da Ag\u00eancia Bras\u00edlia | Edi\u00e7\u00e3o: Chico Neto As vias de acesso ao bal\u00e3o da Quadra 1 de Sobradinho est\u00e3o sendo recuperadas pela Companhia Urbanizadora da Nova Capital do Brasil (Novacap), em parceria com [&hellip;]<\/p>\n","protected":false},"author":1,"featured_media":0,"comment_status":"open","ping_status":"open","sticky":false,"template":"","format":"standard","meta":{"footnotes":""},"categories":[],"tags":[],"class_list":["post-5881","post","type-post","status-publish","format-standard","hentry"],"_links":{"self":[{"href":"https:\/\/aguaslindasnoticias.com.br\/index.php\/wp-json\/wp\/v2\/posts\/5881","targetHints":{"allow":["GET"]}}],"collection":[{"href":"https:\/\/aguaslindasnoticias.com.br\/index.php\/wp-json\/wp\/v2\/posts"}],"about":[{"href":"https:\/\/aguaslindasnoticias.com.br\/index.php\/wp-json\/wp\/v2\/types\/post"}],"author":[{"embeddable":true,"href":"https:\/\/aguaslindasnoticias.com.br\/index.php\/wp-json\/wp\/v2\/users\/1"}],"replies":[{"embeddable":true,"href":"https:\/\/aguaslindasnoticias.com.br\/index.php\/wp-json\/wp\/v2\/comments?post=5881"}],"version-history":[{"count":0,"href":"https:\/\/aguaslindasnoticias.com.br\/index.php\/wp-json\/wp\/v2\/posts\/5881\/revisions"}],"wp:attachment":[{"href":"https:\/\/aguaslindasnoticias.com.br\/index.php\/wp-json\/wp\/v2\/media?parent=5881"}],"wp:term":[{"taxonomy":"category","embeddable":true,"href":"https:\/\/aguaslindasnoticias.com.br\/index.php\/wp-json\/wp\/v2\/categories?post=5881"},{"taxonomy":"post_tag","embeddable":true,"href":"https:\/\/aguaslindasnoticias.com.br\/index.php\/wp-json\/wp\/v2\/tags?post=5881"}],"curies":[{"name":"wp","href":"https:\/\/api.w.org\/{rel}","templated":true}]}}