{"id":5880,"date":"2023-01-04T10:15:56","date_gmt":"2023-01-04T13:15:56","guid":{"rendered":"https:\/\/aguaslindasnoticias.com.br\/index.php\/2023\/01\/04\/mais-criancas-atendidas-em-lares-temporarios\/"},"modified":"2023-01-04T10:15:56","modified_gmt":"2023-01-04T13:15:56","slug":"mais-criancas-atendidas-em-lares-temporarios","status":"publish","type":"post","link":"https:\/\/aguaslindasnoticias.com.br\/index.php\/2023\/01\/04\/mais-criancas-atendidas-em-lares-temporarios\/","title":{"rendered":"Mais crian\u00e7as atendidas em lares tempor\u00e1rios"},"content":{"rendered":"\n<p>Programa de acolhimento familiar triplica meta de atendimento: vai passar de 20 para 65 crian\u00e7as inseridas em lares tempor\u00e1rios<\/p>\n\n\n\n<p>Ag\u00eancia Bras\u00edlia* | Edi\u00e7\u00e3o: Carolina Lobo<\/p>\n\n\n\n<blockquote class=\"wp-block-quote is-layout-flow wp-block-quote-is-layout-flow\"><p>\u201cO programa \u00e9 uma refer\u00eancia no tocante a acolhimento. Em vez de institucionalizarmos a crian\u00e7a, a encaminhamos para um lar onde ela recebe amor, carinho e o cuidado necess\u00e1rios para seu desenvolvimento\u201dAna Paula Marra, secret\u00e1ria de Desenvolvimento Social<\/p><\/blockquote>\n\n\n\n<p>O Fam\u00edlia Acolhedora \u2013 servi\u00e7o do Governo do Distrito Federal (GDF) que permite que fam\u00edlias cuidem temporariamente de crian\u00e7as de at\u00e9 6 anos que se encontrem em situa\u00e7\u00e3o de vulnerabilidade social \u2013 vai ampliar o atendimento no DF.<\/p>\n\n\n\n<p>Atualmente, 20 crian\u00e7as est\u00e3o inseridas em lares tempor\u00e1rios. A partir dos pr\u00f3ximos meses, esse n\u00famero subir\u00e1 para 65. Nesta ter\u00e7a-feira (1\u00ba), o&nbsp;<em>Di\u00e1rio Oficial do Distrito Federal<\/em>&nbsp;(DODF) publicou a amplia\u00e7\u00e3o da meta com a sele\u00e7\u00e3o da entidade da sociedade civil que ser\u00e1 respons\u00e1vel pela execu\u00e7\u00e3o dos servi\u00e7os.&nbsp;<a href=\"http:\/\/agenciabrasilia.df.gov.br\/wp-conteudo\/uploads\/2022\/11\/DODF_FamiliaAcolhedora.pdf\" target=\"_blank\" rel=\"noreferrer noopener\">Confira aqui<\/a>.<\/p>\n\n\n\n<p>\u201cO programa \u00e9 uma refer\u00eancia no tocante a acolhimento. Em vez de institucionalizarmos a crian\u00e7a, a encaminhamos para um lar onde ela recebe amor, carinho e o cuidado necess\u00e1rios para seu desenvolvimento\u201d, destaca a secret\u00e1ria de Desenvolvimento Social, Ana Paula Marra.<\/p>\n\n\n\n<figure class=\"wp-block-image\"><img decoding=\"async\" src=\"http:\/\/agenciabrasilia.df.gov.br\/wp-conteudo\/uploads\/2022\/11\/FamiliaAcolhedora_Arquivo-Sedes_1.jpeg\" alt=\"\" class=\"wp-image-445076\"\/><figcaption>Desde 2019, 107 crian\u00e7as foram atendidas pelo programa e mais de 50 retornaram \u00e0 fam\u00edlia de origem | Foto: Paulo H Carvalho\/Ag\u00eancia Bras\u00edlia<\/figcaption><\/figure>\n\n\n\n<p>O acolhimento familiar \u00e9 uma das medidas de prote\u00e7\u00e3o previstas em caso de direitos violados ou amea\u00e7ados \u2013 seja por a\u00e7\u00e3o, seja por omiss\u00e3o do Estado, dos pais ou respons\u00e1veis ou pela pr\u00f3pria conduta. A disposi\u00e7\u00e3o est\u00e1 prevista no Estatuto da Crian\u00e7a e do Adolescente (ECA) e difere da ado\u00e7\u00e3o, por ser tempor\u00e1ria. O objetivo \u00e9 a reintegra\u00e7\u00e3o familiar ou o encaminhamento para fam\u00edlia substituta.<\/p>\n\n\n\n<p>Desde que foi lan\u00e7ado em 2019, 107 crian\u00e7as foram atendidas e mais de 50 retornaram \u00e0 fam\u00edlia de origem. Atualmente, 46 fam\u00edlias est\u00e3o habilitadas e outras dez est\u00e3o em processo de capacita\u00e7\u00e3o para oferecerem o acolhimento.<\/p>\n\n\n\n<blockquote class=\"wp-block-quote is-layout-flow wp-block-quote-is-layout-flow\"><p>\u201cA diversifica\u00e7\u00e3o da rede de acolhimento e a amplia\u00e7\u00e3o das vagas de acolhimento em fam\u00edlia acolhedora s\u00e3o a via de consolidar pr\u00e1ticas de corresponsabiliza\u00e7\u00e3o social pela inf\u00e2ncia e adolesc\u00eancia e de caminhar na garantia do direito da conviv\u00eancia familiar e comunit\u00e1ria\u201dJulia Salvagni, coordenadora t\u00e9cnica do Fam\u00edlia Acolhedora<\/p><\/blockquote>\n\n\n\n<p>O tempo de acolhimento varia de caso a caso, mas a previs\u00e3o legal estipula que n\u00e3o deve superar 18 meses. Quase 30 crian\u00e7as foram adotadas, apesar de esse n\u00e3o ser o foco do programa. \u201cAo longo da habilita\u00e7\u00e3o dessas fam\u00edlias, trabalhamos o desapego. Fazemos quest\u00e3o de deixar claro que trata-se de uma situa\u00e7\u00e3o tempor\u00e1ria\u201d, frisa Julia Salvagni, mestre em Direitos Humanos e Cidadania e coordenadora t\u00e9cnica do Fam\u00edlia Acolhedora.<\/p>\n\n\n\n<p>\u201cA diversifica\u00e7\u00e3o da rede de acolhimento e a amplia\u00e7\u00e3o das vagas de acolhimento em fam\u00edlia acolhedora s\u00e3o a via de consolidar pr\u00e1ticas de corresponsabiliza\u00e7\u00e3o social pela inf\u00e2ncia e adolesc\u00eancia e de caminhar na garantia do direito da conviv\u00eancia familiar e comunit\u00e1ria\u201d, informa a especialista.<\/p>\n\n\n\n<p>Mais informa\u00e7\u00f5es sobre o Fam\u00edlia Acolhedora pelo e-mail&nbsp;<a href=\"https:\/\/www.agenciabrasilia.df.gov.br\/2022\/11\/01\/mais-criancas-atendidas-em-lares-temporarios\/familiacolhedora.aconchego@gmail.com\">familiacolhedora.aconchego@gmail.com<\/a>.<\/p>\n\n\n\n<p><em>*Com informa\u00e7\u00f5es da Secretaria de Desenvolvimento Social<\/em><\/p>\n","protected":false},"excerpt":{"rendered":"<p>Programa de acolhimento familiar triplica meta de atendimento: vai passar de 20 para 65 crian\u00e7as inseridas em lares tempor\u00e1rios Ag\u00eancia Bras\u00edlia* | Edi\u00e7\u00e3o: Carolina Lobo \u201cO programa \u00e9 uma refer\u00eancia no tocante a acolhimento. Em vez de institucionalizarmos a crian\u00e7a, a encaminhamos para um lar onde ela recebe amor, carinho e o cuidado necess\u00e1rios para [&hellip;]<\/p>\n","protected":false},"author":1,"featured_media":0,"comment_status":"open","ping_status":"open","sticky":false,"template":"","format":"standard","meta":{"footnotes":""},"categories":[],"tags":[],"class_list":["post-5880","post","type-post","status-publish","format-standard","hentry"],"_links":{"self":[{"href":"https:\/\/aguaslindasnoticias.com.br\/index.php\/wp-json\/wp\/v2\/posts\/5880","targetHints":{"allow":["GET"]}}],"collection":[{"href":"https:\/\/aguaslindasnoticias.com.br\/index.php\/wp-json\/wp\/v2\/posts"}],"about":[{"href":"https:\/\/aguaslindasnoticias.com.br\/index.php\/wp-json\/wp\/v2\/types\/post"}],"author":[{"embeddable":true,"href":"https:\/\/aguaslindasnoticias.com.br\/index.php\/wp-json\/wp\/v2\/users\/1"}],"replies":[{"embeddable":true,"href":"https:\/\/aguaslindasnoticias.com.br\/index.php\/wp-json\/wp\/v2\/comments?post=5880"}],"version-history":[{"count":0,"href":"https:\/\/aguaslindasnoticias.com.br\/index.php\/wp-json\/wp\/v2\/posts\/5880\/revisions"}],"wp:attachment":[{"href":"https:\/\/aguaslindasnoticias.com.br\/index.php\/wp-json\/wp\/v2\/media?parent=5880"}],"wp:term":[{"taxonomy":"category","embeddable":true,"href":"https:\/\/aguaslindasnoticias.com.br\/index.php\/wp-json\/wp\/v2\/categories?post=5880"},{"taxonomy":"post_tag","embeddable":true,"href":"https:\/\/aguaslindasnoticias.com.br\/index.php\/wp-json\/wp\/v2\/tags?post=5880"}],"curies":[{"name":"wp","href":"https:\/\/api.w.org\/{rel}","templated":true}]}}