{"id":5879,"date":"2023-01-04T10:15:56","date_gmt":"2023-01-04T13:15:56","guid":{"rendered":"https:\/\/aguaslindasnoticias.com.br\/index.php\/2023\/01\/04\/conheca-a-historia-de-esculturas-doadas-a-brasilia-por-outros-paises\/"},"modified":"2023-01-04T10:15:56","modified_gmt":"2023-01-04T13:15:56","slug":"conheca-a-historia-de-esculturas-doadas-a-brasilia-por-outros-paises","status":"publish","type":"post","link":"https:\/\/aguaslindasnoticias.com.br\/index.php\/2023\/01\/04\/conheca-a-historia-de-esculturas-doadas-a-brasilia-por-outros-paises\/","title":{"rendered":"Conhe\u00e7a a hist\u00f3ria de esculturas doadas a Bras\u00edlia por outros pa\u00edses"},"content":{"rendered":"\n<p>Saiba onde encontrar esses presentes oferecidos desde a inaugura\u00e7\u00e3o da capital, que simbolizam a uni\u00e3o de culturas<\/p>\n\n\n\n<p>L\u00edvia Braz e L\u00facio Fl\u00e1vio, da Ag\u00eancia Bras\u00edlia I Edi\u00e7\u00e3o: D\u00e9bora Cronemberger<\/p>\n\n\n\n<p>Um dos ber\u00e7os da arquitetura moderna, Bras\u00edlia guarda seus encantos, segredos e magia. Ao olhar para o lado, o morador ou turista pode se deparar com marcos de outras culturas espalhados pelos locais mais diversos da capital. Todos concedidos por governos de outras na\u00e7\u00f5es e cada um com especifica\u00e7\u00f5es, peculiaridades e significados hist\u00f3ricos. S\u00e3o gentilezas diplom\u00e1ticas dadas ao GDF que est\u00e3o incorporadas \u00e0 paisagem local, mas pouco conhecidas pela popula\u00e7\u00e3o e visitantes.<\/p>\n\n\n\n<figure><iframe src=\"https:\/\/www.youtube.com\/embed\/rZ-nx0fdV8Y\" width=\"560\" height=\"315\" allowfullscreen=\"allowfullscreen\"><\/iframe><\/figure>\n\n\n\n<p>Quem poderia imaginar, por exemplo, que a guardi\u00e3 do Pal\u00e1cio do Buriti, sede do governo do DF, n\u00e3o \u00e9 um lobo-guar\u00e1, mas\u2026 Uma loba. E n\u00e3o uma loba qualquer, mas romana, m\u00e3e de leite dos irm\u00e3os g\u00eameos R\u00f4mulo e Remo, s\u00edmbolos da funda\u00e7\u00e3o de Roma, capital da It\u00e1lia. Ou, como dizem no idioma original \u2013 o italiano \u2013, a Lupa Capitolina.<\/p>\n\n\n\n<p>A est\u00e1tua de bronze fundido que chegou a Bras\u00edlia, em 1960, em fun\u00e7\u00e3o da inaugura\u00e7\u00e3o da cidade, \u00e9 uma r\u00e9plica da escultura em tamanho natural que se encontra no Museu Capitolino, em Roma. Em cima de uma coluna de granito, ela adorna os jardins do Pal\u00e1cio do Buriti, em frente ao Eixo Monumental.<\/p>\n\n\n\n<figure class=\"wp-block-image\"><img decoding=\"async\" src=\"http:\/\/agenciabrasilia.df.gov.br\/wp-conteudo\/uploads\/2022\/09\/IMG_5092-scaled.jpg\" alt=\"\" class=\"wp-image-431543\"\/><figcaption>A obra foi oferecida a Bras\u00edlia pela cidade de Roma, como um presente \u00e0 sua inaugura\u00e7\u00e3o em 21 de abril, mesma data de anivers\u00e1rio da capital italiana | Fotos: Tony Oliveira\/Ag\u00eancia Bras\u00edlia<\/figcaption><\/figure>\n\n\n\n<p>Ainda no gramado, s\u00f3 que na lateral, \u00e9 poss\u00edvel conferir uma escultura vazada em forma de obelisco do artista pl\u00e1stico Enio Iommi, um agrado do governo argentino. Do outro lado, na Pra\u00e7a do Buriti, obras dos governos de Cuba e da Nicar\u00e1gua est\u00e3o presentes em homenagens, respectivamente, aos l\u00edderes Jos\u00e9 Mart\u00ed e Augusto C\u00e9sar Sandino.<\/p>\n\n\n\n<p>\u201c\u00c9 algo que a maioria da popula\u00e7\u00e3o desconhece\u201d, observa Renata Zuquim, chefe do Escrit\u00f3rio de Assuntos Internacionais do GDF, reparti\u00e7\u00e3o respons\u00e1vel pela articula\u00e7\u00e3o e tratativas junto a governos de outros pa\u00edses. \u201cBras\u00edlia, de fato, tem essa voca\u00e7\u00e3o internacional. Essa pe\u00e7a da Lupa Capitolina remete a uma lenda que representa a funda\u00e7\u00e3o da cidade de Roma, um presente dado a Bras\u00edlia na \u00e9poca da inaugura\u00e7\u00e3o da nossa cidade\u201d, contextualiza.<\/p>\n\n\n\n<figure><iframe src=\"https:\/\/www.youtube.com\/embed\/sSXzxXmZCeE\" width=\"560\" height=\"315\" allowfullscreen=\"allowfullscreen\"><\/iframe><\/figure>\n\n\n\n<p>Al\u00e9m da presen\u00e7a de uma loba romana no cerrado, h\u00e1 uma sereia perdida nas \u00e1guas de Bras\u00edlia, e n\u00e3o exatamente no Lago Parano\u00e1. O ser mitol\u00f3gico dos mares do B\u00e1ltico baseado num conto de amor do escritor Hans Christian Andersen (1805-1875) reluz, desde 1965, em sua forma fundida em bronze espelhado em frente ao pr\u00e9dio do Comando da Marinha, localizado na Esplanada.<\/p>\n\n\n\n<figure class=\"wp-block-image\"><img decoding=\"async\" src=\"http:\/\/agenciabrasilia.df.gov.br\/wp-conteudo\/uploads\/2022\/09\/Chifrudo.-Foto-Divulgacao-1-300x300.jpeg\" alt=\"\" class=\"wp-image-431532\"\/><figcaption>A escultura Solarius, do artista pl\u00e1stico Ange Falchi, foi doada pelo governo da Fran\u00e7a a Bras\u00edlia e inaugurada em 1967 | Foto: Divulga\u00e7\u00e3o<\/figcaption><\/figure>\n\n\n\n<p>Este foi outro presente cedido em 1960, desta vez pelo governo da Dinamarca, devido ao nascimento de Bras\u00edlia. A pe\u00e7a, que pertencia ao acervo do colecionador de artes Carl Jacobsen (1842-1914), j\u00e1 ganhou v\u00e1rias r\u00e9plicas espalhadas mundo afora e simboliza boas-vindas aos marinheiros. Marujos brasileiros que viajavam por aqueles lados congelantes da Escandin\u00e1via eram fascinados pelo monumento que at\u00e9 hoje chama aten\u00e7\u00e3o na orla do Parque Langelinie, na capital Copenhague.<\/p>\n\n\n\n<p>\u201cBras\u00edlia sempre recebeu muitos presentes das personalidades e autoridades que visitavam a cidade. Era uma capital jovem e fazia muito sentido uma lembran\u00e7a para marcar encontros especiais\u201d, conta o publicit\u00e1rio Jo\u00e3o Carlos Amador, autor da s\u00e9rie de livros<em>&nbsp;Hist\u00f3rias de Bras\u00edlia<\/em>.<\/p>\n\n\n\n<p>\u201cO interessante \u00e9 que alguns presentes tinham o objetivo de fazer parte da paisagem da cidade de forma definitiva, como o monumento Solarius, vindo da Fran\u00e7a e que o autor queria que ficasse no Plano Piloto. Por determina\u00e7\u00e3o de Lucio Costa, ficou bem afastado da cidade. Outro exemplo \u00e9 o rel\u00f3gio da Citizen, vindo do Jap\u00e3o, que acabou ficando em Taguatinga e dando nome \u00e0 pra\u00e7a local mais famosa\u201d, elenca o jovem entusiasta da hist\u00f3ria da capital.<\/p>\n\n\n\n<p><strong>Hermanos na tradi\u00e7\u00e3o da f\u00e9 cat\u00f3lica<\/strong><\/p>\n\n\n\n<figure class=\"wp-block-image\"><img decoding=\"async\" src=\"http:\/\/agenciabrasilia.df.gov.br\/wp-conteudo\/uploads\/2022\/09\/WhatsApp-Image-2022-09-05-at-15.08.50-1.jpeg\" alt=\"\" class=\"wp-image-431571\"\/><figcaption>Os sinos em frente \u00e0 Catedral foram doados pelo governo da Espanha | Foto: Arquivo Ag\u00eancia Bras\u00edlia<\/figcaption><\/figure>\n\n\n\n<p>Uma Catedral n\u00e3o est\u00e1 completa se faltar\u2026 Os sinos! E os quatro daqui soam em espanhol. Feitas de bronze e suspensas num campan\u00e1rio de 20 metros de altura, as pe\u00e7as foram constru\u00eddas em 1962 e presenteadas pelo governo da Espanha, por conta da inaugura\u00e7\u00e3o do espa\u00e7o sagrado, em 1971.<\/p>\n\n\n\n<blockquote class=\"wp-block-quote is-layout-flow wp-block-quote-is-layout-flow\"><p>\u201cEsses presentes representam a universalidade da igreja, demonstrando que existe uma fraternidade entre as na\u00e7\u00f5es\u201dPadre Paulo Renato Pereira da Silva, p\u00e1roco da Catedral<\/p><\/blockquote>\n\n\n\n<p>Em refer\u00eancia \u00e0s caravelas de Crist\u00f3v\u00e3o Colombo, que aportaram no novo continente no s\u00e9culo XV, as tr\u00eas maiores campainhas de ferro foram nominadas Santa Maria, Pinta e Nina, refer\u00eancia as embarca\u00e7\u00f5es que descobriram as Am\u00e9ricas. Uma quarta, a menor, tem o nome de Pilarica, homenagem a Nossa Senhora do Pilar, padroeira da Hispanidade, as comunidades formadas por todos os povos e na\u00e7\u00f5es que compartilha a l\u00edngua e cultura espanhola.<\/p>\n\n\n\n<p>\u201cEsses presentes representam a universalidade da igreja, demonstrando que existe uma fraternidade entre as na\u00e7\u00f5es\u201d, analisa o p\u00e1roco da Catedral Metropolitana de Bras\u00edlia, padre Paulo Renato Pereira da Silva. \u201cOs sinos vieram da Espanha, que tamb\u00e9m manifesta a f\u00e9 cat\u00f3lica, que tem uma import\u00e2ncia muito grande na Am\u00e9rica porque remete \u00e0 tradi\u00e7\u00e3o do evang\u00e9lico que chegou aqui por meio das catequeses, dos jesu\u00edtas\u201d, cita o religioso, lembrando as figuras de Anchieta e Dom Bosco.<\/p>\n\n\n\n<p>Do lado de dentro do templo religioso, um dos s\u00edmbolos da capital, uma r\u00e9plica perfeita da Piet\u00e0, famosa escultura do artista italiano Michelangelo (1475-1565), emociona os fi\u00e9is. A obra, feita com m\u00e1rmore em p\u00f3 e resina, data de 1499, mede 1,74 m e foi um presente do museu do Vaticano. Turistas de Pelotas (RS), o casal Guilherme e Tha\u00eds Ritter se encantou com a beleza transl\u00facida dos vitrais e da hist\u00f3ria da Catedral de Bras\u00edlia.<\/p>\n\n\n\n<p>\u201c\u00c9 a primeira vez aqui em Bras\u00edlia e tudo \u00e9 novidade, desde a arquitetura a esse c\u00e9u deslumbrante da cidade\u201d, observa a advogada Thais, 35 anos. \u201cUm dos locais que mais quer\u00edamos visitar era a Catedral, cheia de simbolismos e hist\u00f3ria, emocionante\u201d, diz o empres\u00e1rio Guilherme Ritter, 42 anos, que, assim como a esposa, teve forte forma\u00e7\u00e3o cat\u00f3lica.<\/p>\n\n\n\n<p><strong>Jardins da diplomacia<\/strong><\/p>\n\n\n\n<p>Mais recentemente, em 2021, a embaixada da \u00cdndia presenteou o DF com o busto do l\u00edder religioso espiritual e ativista pol\u00edtico, Mahatma Gandhi (1869-1948), que pode ser apreciado pelos usu\u00e1rios do Parque da Cidade, na altura do estacionamento 10. J\u00e1 no Jardim Bot\u00e2nico de Bras\u00edlia, conhecimento e diversidade se esparramam pela Alameda das Na\u00e7\u00f5es e dos Estados, numa mistura de culturas exemplificadas pela particularidade da flora local.<\/p>\n\n\n\n<figure class=\"wp-block-image\"><img decoding=\"async\" src=\"http:\/\/agenciabrasilia.df.gov.br\/wp-conteudo\/uploads\/2022\/09\/Interna-1-1-scaled.jpg\" alt=\"\" class=\"wp-image-431561\"\/><figcaption>Jardim Bot\u00e2nico ganhou parques ornamentais com esp\u00e9cies t\u00edpicas de outros pa\u00edses, simbolizando a uni\u00e3o de culturas<\/figcaption><\/figure>\n\n\n\n<p>At\u00e9 o momento, s\u00e3o quatro pequenos parques ornamentais que simbolizam a flora de pa\u00edses como Pol\u00f4nia, Espanha, al\u00e9m de outras cinco na\u00e7\u00f5es da Am\u00e9rica Central. Na Pra\u00e7a Israel, um jardim b\u00edblico com representa\u00e7\u00f5es, em bel\u00edssimos trabalhos em mosaico, de sete esp\u00e9cimes representativas das narrativas do Velho e Novo Testamento, como uva, figo, t\u00e2mara, trigo, cevada e olivas.<\/p>\n\n\n\n<figure class=\"wp-block-image\"><img decoding=\"async\" src=\"http:\/\/agenciabrasilia.df.gov.br\/wp-conteudo\/uploads\/2022\/09\/Normando-Lizano-Ortiz-embaixador-da-Costa-Rica-2-300x200.jpg\" alt=\"\" class=\"wp-image-431564\"\/><figcaption>\u201cO Jardim Bot\u00e2nico \u00e9 um dos espa\u00e7os tur\u00edsticos mais visitados de Bras\u00edlia, ent\u00e3o \u00e9 uma oportunidade dos brasilienses e pessoas de outra parte do Brasil conhecer a flora do nosso pa\u00eds\u201d, diz o embaixador da Costa Rica, Normando Lizano Ortiz<\/figcaption><\/figure>\n\n\n\n<p>\u201cA ideia dessa Alameda faz parte do conceito inicial do projeto do Jardim Bot\u00e2nico e, por ser Bras\u00edlia uma representa\u00e7\u00e3o de v\u00e1rios pa\u00edses, a ideia \u00e9 justamente captar a ess\u00eancia da cultura desses pa\u00edses aqui numa rela\u00e7\u00e3o que envolve a natureza\u201d, explica o superintendente de Conserva\u00e7\u00e3o do Jardim Bot\u00e2nico de Bras\u00edlia (JBB), Elton Baia Lopes de Oliveira. \u201cAs parcerias s\u00e3o feitas com as embaixadas e s\u00e3o presentes diplom\u00e1ticos. \u00c9 muito importante esse espa\u00e7o porque traz refer\u00eancias bot\u00e2nicas desses pa\u00edses\u201d, afirma.<\/p>\n\n\n\n<p>Para o embaixador da Costa Rica, Norman Lizano Ortiz, a parceria entre os cinco pa\u00edses representados pelo Jardim da Am\u00e9rica Central \u2013 Honduras, Nicar\u00e1gua, Guatemala, El Salvador e Costa Rica \u2013 em homenagem ao bicenten\u00e1rio da independ\u00eancia dessas na\u00e7\u00f5es, permite que visitantes do espa\u00e7o conhe\u00e7am, de forma emp\u00edrica, a flora e cultura de outras partes do mundo. \u201cO Jardim Bot\u00e2nico \u00e9 um dos espa\u00e7os tur\u00edsticos mais visitados de Bras\u00edlia, ent\u00e3o \u00e9 uma oportunidade dos brasilienses e pessoas de outra parte do Brasil conhecer a flora do nosso pa\u00eds\u201d, comenta.<\/p>\n\n\n\n<p><strong>Outros presentes<\/strong><\/p>\n\n\n\n<p><em>Solarius<\/em>&nbsp;\u2013 O monumento abstrato&nbsp;<em>Solarius<\/em>, obra do artista pl\u00e1stico franc\u00eas Ange Falchi, \u00e9 uma homenagem do \u201cgoverno e do povo da Fran\u00e7a \u00e0 jovem capital brasileira\u201d, pela coragem e esp\u00edrito de aventura na constru\u00e7\u00e3o da nova capital do pa\u00eds. A est\u00e1tua de 16 metros de altura, feita de a\u00e7o, ferro galvanizado com enchimento de l\u00e3 de vidro e concreto, foi inaugurada em novembro de 1967 e fica \u00e0s margens da BR-040, pr\u00f3ximo a Santa Maria.<\/p>\n\n\n\n<p><em>Pra\u00e7a do Rel\u00f3gio<\/em>&nbsp;\u2013 Milhares de pessoas circulam pelo local e nem desconfiam que o obelisco e o rel\u00f3gio fincados na Pra\u00e7a Central de Taguatinga s\u00e3o presentes do Jap\u00e3o. Foi doado \u00e0 cidade pela Citizen Watch Co., em dezembro de 1970, ap\u00f3s visita do presidente internacional da empresa, Eiichi Yamada, \u00e0 capital. O monumento tem quatro lados de concreto sustentado por uma torre de 15 metros de altura.<\/p>\n\n\n\n<p><em>Arte Muralista de Israel<\/em>&nbsp;\u2013 Dois trabalhos de arte realizados por artistas da cidade celebram, desde 2021, a rela\u00e7\u00e3o de amizade entre Brasil e Israel. Na esta\u00e7\u00e3o de metr\u00f4 Galeria, por exemplo, no Setor Comercial Sul (SCS), o painel&nbsp;<em>Fraternidade<\/em>, criado pelo grafiteiro Rodolfo Madureira, o Caabure, conta a rela\u00e7\u00e3o afetiva entre as duas na\u00e7\u00f5es a partir de figuras como a estrela de Davi e os ip\u00eas da capital. O mesmo sentimento de uni\u00e3o entre os dois pa\u00edses \u00e9 expressa pela dupla Nivaldo Nunes e Geovani Pedroso, em pintura realizada numa das paradas de \u00f4nibus da Galeria dos Estados.<\/p>\n\n\n\n<p><em>Busto das Irm\u00e3s Mirabal<\/em>&nbsp;\u2013 S\u00edmbolo da luta contra o feminic\u00eddio e a viol\u00eancia contra a mulher, o monumento&nbsp;<em>Busto das Irm\u00e3s Mirabal<\/em>&nbsp;foi inaugurado em novembro de 2021, na \u00e1rea externa da Embaixada da Rep\u00fablica Dominicana. O desenho da pra\u00e7a onde ficam as tr\u00eas pe\u00e7as \u00e9 da arquiteta Laura Oviedo e as esculturas do artista Ren\u00e9 Guzm\u00e1n, num conceito que une as cores da resina \u00e2mbar, da pedra nacional larimar e borboletas (La Mariposas), apelido carinhoso das Mirabal \u2013 Patr\u00edcia, Minerva e Maria Tereza \u2013, assassinadas pelo regime de Rafael Le\u00f3nidas Trujillo.<\/p>\n\n\n\n<p><em>Est\u00e1tua de Marie Curie<\/em>&nbsp;\u2013 Localizado no estacionamento 11 do Parque da Cidade, a Pra\u00e7a das Mulheres deve ganhar, em breve, uma est\u00e1tua da cientista polonesa naturalizada francesa Madame Marie Curie, pioneira nas pesquisas sobre radioatividade. O monumento de 2 metros de altura foi uma doa\u00e7\u00e3o para o povo de Bras\u00edlia, em 2017, do ex-embaixador polon\u00eas, Andr\u00e9 Braiter. Atualmente a pe\u00e7a se encontra na Resid\u00eancia Oficial de \u00c1guas Claras (Roac).<\/p>\n","protected":false},"excerpt":{"rendered":"<p>Saiba onde encontrar esses presentes oferecidos desde a inaugura\u00e7\u00e3o da capital, que simbolizam a uni\u00e3o de culturas L\u00edvia Braz e L\u00facio Fl\u00e1vio, da Ag\u00eancia Bras\u00edlia I Edi\u00e7\u00e3o: D\u00e9bora Cronemberger Um dos ber\u00e7os da arquitetura moderna, Bras\u00edlia guarda seus encantos, segredos e magia. Ao olhar para o lado, o morador ou turista pode se deparar com [&hellip;]<\/p>\n","protected":false},"author":1,"featured_media":0,"comment_status":"open","ping_status":"open","sticky":false,"template":"","format":"standard","meta":{"footnotes":""},"categories":[],"tags":[],"class_list":["post-5879","post","type-post","status-publish","format-standard","hentry"],"_links":{"self":[{"href":"https:\/\/aguaslindasnoticias.com.br\/index.php\/wp-json\/wp\/v2\/posts\/5879","targetHints":{"allow":["GET"]}}],"collection":[{"href":"https:\/\/aguaslindasnoticias.com.br\/index.php\/wp-json\/wp\/v2\/posts"}],"about":[{"href":"https:\/\/aguaslindasnoticias.com.br\/index.php\/wp-json\/wp\/v2\/types\/post"}],"author":[{"embeddable":true,"href":"https:\/\/aguaslindasnoticias.com.br\/index.php\/wp-json\/wp\/v2\/users\/1"}],"replies":[{"embeddable":true,"href":"https:\/\/aguaslindasnoticias.com.br\/index.php\/wp-json\/wp\/v2\/comments?post=5879"}],"version-history":[{"count":0,"href":"https:\/\/aguaslindasnoticias.com.br\/index.php\/wp-json\/wp\/v2\/posts\/5879\/revisions"}],"wp:attachment":[{"href":"https:\/\/aguaslindasnoticias.com.br\/index.php\/wp-json\/wp\/v2\/media?parent=5879"}],"wp:term":[{"taxonomy":"category","embeddable":true,"href":"https:\/\/aguaslindasnoticias.com.br\/index.php\/wp-json\/wp\/v2\/categories?post=5879"},{"taxonomy":"post_tag","embeddable":true,"href":"https:\/\/aguaslindasnoticias.com.br\/index.php\/wp-json\/wp\/v2\/tags?post=5879"}],"curies":[{"name":"wp","href":"https:\/\/api.w.org\/{rel}","templated":true}]}}