{"id":5876,"date":"2023-01-04T10:15:48","date_gmt":"2023-01-04T13:15:48","guid":{"rendered":"https:\/\/aguaslindasnoticias.com.br\/index.php\/2023\/01\/04\/vigilante-vai-propor-isencao-ate-o-teto-na-contribuicao-previdenciaria-dos-aposentados\/"},"modified":"2023-01-04T10:15:48","modified_gmt":"2023-01-04T13:15:48","slug":"vigilante-vai-propor-isencao-ate-o-teto-na-contribuicao-previdenciaria-dos-aposentados","status":"publish","type":"post","link":"https:\/\/aguaslindasnoticias.com.br\/index.php\/2023\/01\/04\/vigilante-vai-propor-isencao-ate-o-teto-na-contribuicao-previdenciaria-dos-aposentados\/","title":{"rendered":"Vigilante vai propor isen\u00e7\u00e3o at\u00e9 o teto na contribui\u00e7\u00e3o previdenci\u00e1ria dos aposentados"},"content":{"rendered":"\n<p>Foto: Renan Lisboa (estagi\u00e1rio)\/CLDF<\/p>\n\n\n\n<figure class=\"wp-block-image\"><img decoding=\"async\" src=\"https:\/\/www.cl.df.gov.br\/documents\/10162\/26206109\/2211390RL+%283%29.jpg\/7b47692b-a613-e913-b189-60f25cdc205f?t=1666810488552\" alt=\"\"\/><\/figure>\n\n\n\n<p>O deputado baseou-se em decis\u00e3o da Assembleia Legislativa de S\u00e3o Paulo que fixou a cobran\u00e7a da contribui\u00e7\u00e3o previdenci\u00e1ria de aposentadorias e pens\u00f5es apenas para o montante al\u00e9m do teto<\/p>\n\n\n\n<p>O deputado Chico Vigilante (PT) anunciou, na sess\u00e3o ordin\u00e1ria da C\u00e2mara Legislativa desta quarta-feira (26), que apresentar\u00e1 projeto de lei para alterar a regra da contribui\u00e7\u00e3o previdenci\u00e1ria dos servidores aposentados e pensionistas do GDF, tornando isenta toda parcela inferior ao teto. Atualmente, est\u00e1 isento do desconto apenas o valor abaixo do sal\u00e1rio m\u00ednimo. Entre o m\u00ednimo e o teto \u00e9 cobrado um percentual de 11%. Acima disso, a al\u00edquota vai para 14%.<\/p>\n\n\n\n<p>O parlamentar explicou que se baseou em decis\u00e3o da Assembleia Legislativa de S\u00e3o Paulo que fixou a cobran\u00e7a da contribui\u00e7\u00e3o previdenci\u00e1ria de aposentadorias e pens\u00f5es apenas para o montante al\u00e9m do teto. \u201cN\u00e3o \u00e9 correta essa cobran\u00e7a que \u00e9 feita aqui, pois atinge o servidor na hora que ele mais precisa\u201d, argumentou. Vigilante salientou ainda que os deputados paulistas reduziram o desconto fixado em 16%. \u201cEspero que a CLDF aprove e o governador sancione a lei, a exemplo do que est\u00e1 sendo feito no estado de S\u00e3o Paulo\u201d, afirmou.<br>&nbsp;<\/p>\n\n\n\n<figure class=\"wp-block-image\"><img decoding=\"async\" src=\"https:\/\/www.cl.df.gov.br\/documents\/10162\/26206109\/2211390RL+%2827%29.jpg\/a2e86c9b-ef92-852d-d79d-0379cb67019c?t=1666810488213\" alt=\"\"\/><\/figure>\n\n\n\n<p><br>Em apoio \u00e0 proposi\u00e7\u00e3o, a deputada Arlete Sampaio (PT) relatou reuni\u00e3o com o novo secret\u00e1rio de Planejamento, Ney Ferraz, rec\u00e9m-nomeado. \u201cNa reforma previdenci\u00e1ria do DF foi adotada essa cobran\u00e7a. Mas, pela Lei federal, a regra somente deve ser aplicada em caso de d\u00e9ficit do Iprev\u201d, observou a distrital, referindo-se ao Instituto de Previd\u00eancia dos Servidores do Distrito Federal.<\/p>\n\n\n\n<p>Segundo a parlamentar, o secret\u00e1rio \u2013 que antes presidia o Iprev \u2013 considerou que a regra precisa ser mudada. \u201cOs aposentados e pensionistas perderam muito dinheiro com a reforma e, mesmo com o pagamento da terceira parcela do reajuste, n\u00e3o houve reposi\u00e7\u00e3o das perdas salariais dos servidores do DF\u201d, concluiu.<\/p>\n\n\n\n<p><strong>Marco T\u00falio Alencar &#8211; Ag\u00eancia CLDF<\/strong><\/p>\n","protected":false},"excerpt":{"rendered":"<p>Foto: Renan Lisboa (estagi\u00e1rio)\/CLDF O deputado baseou-se em decis\u00e3o da Assembleia Legislativa de S\u00e3o Paulo que fixou a cobran\u00e7a da contribui\u00e7\u00e3o previdenci\u00e1ria de aposentadorias e pens\u00f5es apenas para o montante al\u00e9m do teto O deputado Chico Vigilante (PT) anunciou, na sess\u00e3o ordin\u00e1ria da C\u00e2mara Legislativa desta quarta-feira (26), que apresentar\u00e1 projeto de lei para alterar [&hellip;]<\/p>\n","protected":false},"author":1,"featured_media":0,"comment_status":"open","ping_status":"open","sticky":false,"template":"","format":"standard","meta":{"footnotes":""},"categories":[],"tags":[],"class_list":["post-5876","post","type-post","status-publish","format-standard","hentry"],"_links":{"self":[{"href":"https:\/\/aguaslindasnoticias.com.br\/index.php\/wp-json\/wp\/v2\/posts\/5876","targetHints":{"allow":["GET"]}}],"collection":[{"href":"https:\/\/aguaslindasnoticias.com.br\/index.php\/wp-json\/wp\/v2\/posts"}],"about":[{"href":"https:\/\/aguaslindasnoticias.com.br\/index.php\/wp-json\/wp\/v2\/types\/post"}],"author":[{"embeddable":true,"href":"https:\/\/aguaslindasnoticias.com.br\/index.php\/wp-json\/wp\/v2\/users\/1"}],"replies":[{"embeddable":true,"href":"https:\/\/aguaslindasnoticias.com.br\/index.php\/wp-json\/wp\/v2\/comments?post=5876"}],"version-history":[{"count":0,"href":"https:\/\/aguaslindasnoticias.com.br\/index.php\/wp-json\/wp\/v2\/posts\/5876\/revisions"}],"wp:attachment":[{"href":"https:\/\/aguaslindasnoticias.com.br\/index.php\/wp-json\/wp\/v2\/media?parent=5876"}],"wp:term":[{"taxonomy":"category","embeddable":true,"href":"https:\/\/aguaslindasnoticias.com.br\/index.php\/wp-json\/wp\/v2\/categories?post=5876"},{"taxonomy":"post_tag","embeddable":true,"href":"https:\/\/aguaslindasnoticias.com.br\/index.php\/wp-json\/wp\/v2\/tags?post=5876"}],"curies":[{"name":"wp","href":"https:\/\/api.w.org\/{rel}","templated":true}]}}