{"id":5872,"date":"2023-01-04T10:15:48","date_gmt":"2023-01-04T13:15:48","guid":{"rendered":"https:\/\/aguaslindasnoticias.com.br\/index.php\/2023\/01\/04\/santa-maria-tera-novo-bairro-para-mais-de-21-mil-pessoas\/"},"modified":"2023-01-04T10:15:48","modified_gmt":"2023-01-04T13:15:48","slug":"santa-maria-tera-novo-bairro-para-mais-de-21-mil-pessoas","status":"publish","type":"post","link":"https:\/\/aguaslindasnoticias.com.br\/index.php\/2023\/01\/04\/santa-maria-tera-novo-bairro-para-mais-de-21-mil-pessoas\/","title":{"rendered":"Santa Maria ter\u00e1 novo bairro para mais de 2,1 mil pessoas"},"content":{"rendered":"\n<p>A \u00e1rea particular, chamada Meireles MRV, ter\u00e1 663 unidades residenciais, al\u00e9m de com\u00e9rcio e equipamentos p\u00fablicos<\/p>\n\n\n\n<p>Ag\u00eancia Bras\u00edlia* | Edi\u00e7\u00e3o: Claudio Fernandes<\/p>\n\n\n\n<p>Com o objetivo de ampliar a oferta de moradia no Distrito Federal, at\u00e9 2.191 pessoas poder\u00e3o morar no novo bairro chamado Meireles MRV, localizado no Setor Meireles, em Santa Maria. O projeto urban\u00edstico para a cria\u00e7\u00e3o da \u00e1rea foi aprovado pelo Decreto n\u00b0 43.894, assinado pelo governador Ibaneis Rocha e publicado nesta quinta-feira (27) na edi\u00e7\u00e3o extra do&nbsp;<em>Di\u00e1rio Oficial do Distrito Federal<\/em>&nbsp;(DODF).<\/p>\n\n\n\n<blockquote class=\"wp-block-quote is-layout-flow wp-block-quote-is-layout-flow\"><p>\u201cO parcelamento tem que ser a regra e temos trabalhado bastante nisso, garantindo condi\u00e7\u00f5es para que os empreendedores consigam fazer esses parcelamentos regulares\u201dMarcelo Vaz, secret\u00e1rio-executivo de Licenciamento e Regulariza\u00e7\u00e3o Fundi\u00e1ria da Seduh<\/p><\/blockquote>\n\n\n\n<p>A iniciativa prev\u00ea a constru\u00e7\u00e3o de 663 unidades residenciais no local, a serem erguidas pela empresa propriet\u00e1ria da \u00e1rea que, inclusive, executar\u00e1 toda a infraestrutura. Tamb\u00e9m s\u00e3o previstos lotes para com\u00e9rcio, presta\u00e7\u00e3o de servi\u00e7os e equipamentos p\u00fablicos, como escolas e Espa\u00e7os Livres de Uso P\u00fablico (ELUPs). Ao todo, s\u00e3o 83.614,26 m\u00b2 dispon\u00edveis para o parcelamento.<\/p>\n\n\n\n<p>A Secretaria de Desenvolvimento Urbano e Habita\u00e7\u00e3o (Seduh) foi respons\u00e1vel pela an\u00e1lise do projeto. Em maio, a cria\u00e7\u00e3o do novo bairro passou pelo Conselho de Planejamento Territorial e Urbano do Distrito Federal (Conplan). Tamb\u00e9m foram realizados todos os estudos urban\u00edsticos, de meio ambiente, de tr\u00e2nsito e consultas \u00e0s concession\u00e1rias de servi\u00e7os p\u00fablicos.<\/p>\n\n\n\n<figure class=\"wp-block-image\"><img decoding=\"async\" src=\"http:\/\/agenciabrasilia.df.gov.br\/wp-conteudo\/uploads\/2022\/10\/WhatsApp-Image-2022-10-27-at-20.06.25.jpeg\" alt=\"\" class=\"wp-image-444285\"\/><figcaption>O bairro Meireles MRV fica no Setor Meireles, em Santa Maria: iniciativa prev\u00ea a constru\u00e7\u00e3o de 663 unidades residenciais com toda a infraestrutura | Foto: Divulga\u00e7\u00e3o<\/figcaption><\/figure>\n\n\n\n<p>O aumento da oferta de lotes legais em \u00e1reas planejadas, que j\u00e1 nascem dotadas de toda a infraestrutura necess\u00e1ria, \u00e9 uma das principais estrat\u00e9gias para combater o d\u00e9ficit habitacional e a ocupa\u00e7\u00e3o desordenada.<\/p>\n\n\n\n<p>\u201cDessa forma, conseguimos contribuir para o crescimento ordenado do territ\u00f3rio. O parcelamento tem que ser a regra e temos trabalhado bastante nisso, garantindo condi\u00e7\u00f5es para que os empreendedores consigam fazer esses parcelamentos regulares\u201d, afirmou o secret\u00e1rio-executivo de Licenciamento e Regulariza\u00e7\u00e3o Fundi\u00e1ria da Seduh, Marcelo Vaz.<\/p>\n\n\n\n<p><strong>Pr\u00f3ximos passos<\/strong><\/p>\n\n\n\n<p>O papel do Governo do Distrito Federal (GDF) se encerra com a publica\u00e7\u00e3o do decreto e acompanhamento da implanta\u00e7\u00e3o da infraestrutura pela empresa privada.<\/p>\n\n\n\n<p>A partir da publica\u00e7\u00e3o, o respons\u00e1vel pela \u00e1rea ter\u00e1 o prazo de 180 dias para dar entrada no pedido de registro dos im\u00f3veis em cart\u00f3rio. O processo antecede a ado\u00e7\u00e3o das medidas para melhorar a infraestrutura dos locais beneficiados.<\/p>\n\n\n\n<p><em>*Com informa\u00e7\u00f5es da Secretaria de Desenvolvimento Urbano e Habita\u00e7\u00e3o<\/em><\/p>\n","protected":false},"excerpt":{"rendered":"<p>A \u00e1rea particular, chamada Meireles MRV, ter\u00e1 663 unidades residenciais, al\u00e9m de com\u00e9rcio e equipamentos p\u00fablicos Ag\u00eancia Bras\u00edlia* | Edi\u00e7\u00e3o: Claudio Fernandes Com o objetivo de ampliar a oferta de moradia no Distrito Federal, at\u00e9 2.191 pessoas poder\u00e3o morar no novo bairro chamado Meireles MRV, localizado no Setor Meireles, em Santa Maria. O projeto urban\u00edstico [&hellip;]<\/p>\n","protected":false},"author":1,"featured_media":0,"comment_status":"open","ping_status":"open","sticky":false,"template":"","format":"standard","meta":{"footnotes":""},"categories":[],"tags":[],"class_list":["post-5872","post","type-post","status-publish","format-standard","hentry"],"_links":{"self":[{"href":"https:\/\/aguaslindasnoticias.com.br\/index.php\/wp-json\/wp\/v2\/posts\/5872","targetHints":{"allow":["GET"]}}],"collection":[{"href":"https:\/\/aguaslindasnoticias.com.br\/index.php\/wp-json\/wp\/v2\/posts"}],"about":[{"href":"https:\/\/aguaslindasnoticias.com.br\/index.php\/wp-json\/wp\/v2\/types\/post"}],"author":[{"embeddable":true,"href":"https:\/\/aguaslindasnoticias.com.br\/index.php\/wp-json\/wp\/v2\/users\/1"}],"replies":[{"embeddable":true,"href":"https:\/\/aguaslindasnoticias.com.br\/index.php\/wp-json\/wp\/v2\/comments?post=5872"}],"version-history":[{"count":0,"href":"https:\/\/aguaslindasnoticias.com.br\/index.php\/wp-json\/wp\/v2\/posts\/5872\/revisions"}],"wp:attachment":[{"href":"https:\/\/aguaslindasnoticias.com.br\/index.php\/wp-json\/wp\/v2\/media?parent=5872"}],"wp:term":[{"taxonomy":"category","embeddable":true,"href":"https:\/\/aguaslindasnoticias.com.br\/index.php\/wp-json\/wp\/v2\/categories?post=5872"},{"taxonomy":"post_tag","embeddable":true,"href":"https:\/\/aguaslindasnoticias.com.br\/index.php\/wp-json\/wp\/v2\/tags?post=5872"}],"curies":[{"name":"wp","href":"https:\/\/api.w.org\/{rel}","templated":true}]}}