{"id":5871,"date":"2023-01-04T10:15:48","date_gmt":"2023-01-04T13:15:48","guid":{"rendered":"https:\/\/aguaslindasnoticias.com.br\/index.php\/2023\/01\/04\/alcas-do-viaduto-do-itapoa-paranoa-serao-usadas-para-desvio-do-transito\/"},"modified":"2023-01-04T10:15:48","modified_gmt":"2023-01-04T13:15:48","slug":"alcas-do-viaduto-do-itapoa-paranoa-serao-usadas-para-desvio-do-transito","status":"publish","type":"post","link":"https:\/\/aguaslindasnoticias.com.br\/index.php\/2023\/01\/04\/alcas-do-viaduto-do-itapoa-paranoa-serao-usadas-para-desvio-do-transito\/","title":{"rendered":"Al\u00e7as do viaduto do Itapo\u00e3\/Parano\u00e1 ser\u00e3o usadas para desvio do tr\u00e2nsito"},"content":{"rendered":"\n<p>Pistas que servir\u00e3o de acesso \u00e0 estrutura come\u00e7aram a ser abertas para alterarem o fluxo de ve\u00edculos, permitindo a concretagem e a escava\u00e7\u00e3o<\/p>\n\n\n\n<p>H\u00e9dio Ferreira J\u00fanior, da Ag\u00eancia Bras\u00edlia | Edi\u00e7\u00e3o: Claudio Fernandes<\/p>\n\n\n\n<p>O Governo do Distrito Federal (GDF) deu in\u00edcio \u00e0 terraplanagem e \u00e0 pavimenta\u00e7\u00e3o das al\u00e7as de liga\u00e7\u00e3o ao viaduto do Itapo\u00e3\/Parano\u00e1. As quatro pistas do complexo vi\u00e1rio constru\u00eddo pelo Departamento de Estradas de Rodagem (DER-DF) servir\u00e3o, inicialmente, para desviar o tr\u00e2nsito que hoje ainda circula em torno do antigo bal\u00e3o de acesso \u00e0s duas regi\u00f5es.<\/p>\n\n\n\n<figure class=\"wp-block-image\"><img decoding=\"async\" src=\"http:\/\/agenciabrasilia.df.gov.br\/wp-conteudo\/uploads\/2022\/10\/WhatsApp-Image-2022-10-26-at-19.48.52.jpeg\" alt=\"\" class=\"wp-image-443753\"\/><figcaption>Terraplanagem das al\u00e7as de liga\u00e7\u00e3o ao viaduto do Itapo\u00e3\/Parano\u00e1: novas vias desviar\u00e3o o tr\u00e2nsito que hoje ainda circula em torno do antigo bal\u00e3o | Foto: Reprodu\u00e7\u00e3o<\/figcaption><\/figure>\n\n\n\n<p>Com a funda\u00e7\u00e3o j\u00e1 conclu\u00edda, come\u00e7a em 4 de novembro, de acordo com o diretor-geral do DER-DF Fauzi Nacfur J\u00fanior, a instala\u00e7\u00e3o das 24 vigas de concreto feitas no pr\u00f3prio canteiro de obras \u2013 com 23 metros de extens\u00e3o cada uma \u2013 que servir\u00e3o de apoio para a coloca\u00e7\u00e3o de uma base pr\u00e9-moldada. Sobre ela ser\u00e1 concretada a laje do viaduto que dar\u00e1 cobertura \u00e0 trincheira e que tamb\u00e9m servir\u00e1 de piso para os autom\u00f3veis que transitarem na parte superior.<\/p>\n\n\n\n<p>\u201cAssim que ficar pronto, o viaduto do Itapo\u00e3\/Parano\u00e1 dar\u00e1 total fluidez ao tr\u00e2nsito, fazendo com que os condutores gastem menos tempo de viagem e possam ficar mais tempo em casa com suas fam\u00edlias\u201d, afirma Fauzi Nacfur J\u00fanior.<\/p>\n\n\n\n<figure><iframe src=\"https:\/\/www.youtube.com\/embed\/Zd3ARpkIlJs\" width=\"560\" height=\"315\" allowfullscreen=\"allowfullscreen\"><\/iframe><\/figure>\n\n\n\n<p>Com investimento de R$ 33 milh\u00f5es e gera\u00e7\u00e3o de 400 empregos, o viaduto vai beneficiar pelo menos 30 mil motoristas que passam pela regi\u00e3o diariamente. A obra de arte substituir\u00e1 o bal\u00e3o de entroncamento das rodovias DF-001 e DF-015, e est\u00e1 sendo feito em dois n\u00edveis: o de baixo com acesso entre Sobradinho e a Barragem do Parano\u00e1, e o de cima entre a regi\u00e3o de condom\u00ednios e o Lago Norte.<\/p>\n\n\n\n<p>De acordo com o secret\u00e1rio de Governo Jos\u00e9 Humberto Pires, que na tarde desta quarta-feira (26) fez uma visita \u00e0s obras, a ida de novos moradores para empreendimentos da regi\u00e3o demanda melhor acessibilidade. \u201cEssa \u00e9 a terceira mais importante obra vi\u00e1ria em execu\u00e7\u00e3o no Distrito Federal que atender\u00e1 uma regi\u00e3o onde novos condom\u00ednios est\u00e3o sendo constru\u00eddos, como o Itapo\u00e3 Parque, e terrenos, loteados\u201d, conclui.<\/p>\n","protected":false},"excerpt":{"rendered":"<p>Pistas que servir\u00e3o de acesso \u00e0 estrutura come\u00e7aram a ser abertas para alterarem o fluxo de ve\u00edculos, permitindo a concretagem e a escava\u00e7\u00e3o H\u00e9dio Ferreira J\u00fanior, da Ag\u00eancia Bras\u00edlia | Edi\u00e7\u00e3o: Claudio Fernandes O Governo do Distrito Federal (GDF) deu in\u00edcio \u00e0 terraplanagem e \u00e0 pavimenta\u00e7\u00e3o das al\u00e7as de liga\u00e7\u00e3o ao viaduto do Itapo\u00e3\/Parano\u00e1. As [&hellip;]<\/p>\n","protected":false},"author":1,"featured_media":0,"comment_status":"open","ping_status":"open","sticky":false,"template":"","format":"standard","meta":{"footnotes":""},"categories":[],"tags":[],"class_list":["post-5871","post","type-post","status-publish","format-standard","hentry"],"_links":{"self":[{"href":"https:\/\/aguaslindasnoticias.com.br\/index.php\/wp-json\/wp\/v2\/posts\/5871","targetHints":{"allow":["GET"]}}],"collection":[{"href":"https:\/\/aguaslindasnoticias.com.br\/index.php\/wp-json\/wp\/v2\/posts"}],"about":[{"href":"https:\/\/aguaslindasnoticias.com.br\/index.php\/wp-json\/wp\/v2\/types\/post"}],"author":[{"embeddable":true,"href":"https:\/\/aguaslindasnoticias.com.br\/index.php\/wp-json\/wp\/v2\/users\/1"}],"replies":[{"embeddable":true,"href":"https:\/\/aguaslindasnoticias.com.br\/index.php\/wp-json\/wp\/v2\/comments?post=5871"}],"version-history":[{"count":0,"href":"https:\/\/aguaslindasnoticias.com.br\/index.php\/wp-json\/wp\/v2\/posts\/5871\/revisions"}],"wp:attachment":[{"href":"https:\/\/aguaslindasnoticias.com.br\/index.php\/wp-json\/wp\/v2\/media?parent=5871"}],"wp:term":[{"taxonomy":"category","embeddable":true,"href":"https:\/\/aguaslindasnoticias.com.br\/index.php\/wp-json\/wp\/v2\/categories?post=5871"},{"taxonomy":"post_tag","embeddable":true,"href":"https:\/\/aguaslindasnoticias.com.br\/index.php\/wp-json\/wp\/v2\/tags?post=5871"}],"curies":[{"name":"wp","href":"https:\/\/api.w.org\/{rel}","templated":true}]}}