{"id":5870,"date":"2023-01-04T10:15:48","date_gmt":"2023-01-04T13:15:48","guid":{"rendered":"https:\/\/aguaslindasnoticias.com.br\/index.php\/2023\/01\/04\/df-registra-cerca-de-tres-mil-casos-de-sifilis-por-ano\/"},"modified":"2023-01-04T10:15:48","modified_gmt":"2023-01-04T13:15:48","slug":"df-registra-cerca-de-tres-mil-casos-de-sifilis-por-ano","status":"publish","type":"post","link":"https:\/\/aguaslindasnoticias.com.br\/index.php\/2023\/01\/04\/df-registra-cerca-de-tres-mil-casos-de-sifilis-por-ano\/","title":{"rendered":"DF registra cerca de tr\u00eas mil casos de s\u00edfilis por ano"},"content":{"rendered":"\n<p>Plano nacional para preven\u00e7\u00e3o da doen\u00e7a come\u00e7ou a ser debatido durante f\u00f3rum realizado nesta quarta (26)<\/p>\n\n\n\n<p>Ag\u00eancia Bras\u00edlia* | Edi\u00e7\u00e3o: Carolina Lobo<\/p>\n\n\n\n<p>O 1\u00ba F\u00f3rum de Monitoramento do Plano Integrado para Preven\u00e7\u00e3o, Vigil\u00e2ncia e Controle da S\u00edfilis 2021-2024 foi realizado nesta quarta-feira (26). O evento, que debateu a situa\u00e7\u00e3o da infec\u00e7\u00e3o sexualmente transmiss\u00edvel no Distrito Federal, no Brasil e nas Am\u00e9ricas, ocorreu no audit\u00f3rio da Organiza\u00e7\u00e3o Pan-Americana da Sa\u00fade\/Organiza\u00e7\u00e3o Mundial da Sa\u00fade (Opas\/OMS).<\/p>\n\n\n\n<blockquote class=\"wp-block-quote is-layout-flow wp-block-quote-is-layout-flow\"><p>\u201cEssas a\u00e7\u00f5es visam alertar a popula\u00e7\u00e3o para a gravidade da doen\u00e7a, formas de preven\u00e7\u00e3o e tratamento, buscando focar no p\u00fablico-alvo, popula\u00e7\u00f5es chaves e popula\u00e7\u00f5es priorit\u00e1rias. Combater a s\u00edfilis \u00e9 uma responsabilidade de todos\u201dDaniela Magalh\u00e3es, gerente substituta de Vigil\u00e2ncia das Infec\u00e7\u00f5es Sexualmente Transmiss\u00edveis da Secretaria de Sa\u00fade<\/p><\/blockquote>\n\n\n\n<p>No Distrito Federal, os casos de s\u00edfilis v\u00eam aumentando. Entre os anos de 2017 a 2021, foram notificados 9.813 casos de s\u00edfilis adquirida, 3.370 casos de s\u00edfilis em gestantes e 1.645 casos de s\u00edfilis cong\u00eanita, que \u00e9 quando a doen\u00e7a \u00e9 transmitida de m\u00e3e para filho. Quanto \u00e0 s\u00edfilis adquirida, em 2021, foi observado um aumento no n\u00famero de casos entre homens na faixa et\u00e1ria de 40 a 59 anos. No ano anterior, o maior n\u00famero de casos ocorreu entre homens de 20 a 39 anos.<\/p>\n\n\n\n<p>O diretor de Estrat\u00e9gia de Sa\u00fade da Fam\u00edlia, Jos\u00e9 Eudes Barroso, representou a secret\u00e1ria de Sa\u00fade, Lucilene Flor\u00eancio, e destacou a import\u00e2ncia de debater o tema e falar da transmiss\u00e3o vertical da s\u00edfilis, principalmente em gestantes, que correm o risco de passar a doen\u00e7a para seus filhos.<\/p>\n\n\n\n<p>\u201cPrecisamos rever os processos de trabalho, principalmente na Aten\u00e7\u00e3o Prim\u00e1ria, para melhorar a capacidade de diagn\u00f3stico e tratamento, reduzindo assim a transmiss\u00e3o, principalmente, da s\u00edfilis cong\u00eanita. Al\u00e9m disso, fortalecer o pr\u00e9-natal, que \u00e9 onde a gestante \u00e9 acompanhada\u201d, afirmou Barroso. Segundo o diretor, a qualifica\u00e7\u00e3o dos profissionais da Aten\u00e7\u00e3o Prim\u00e1ria \u00e9 um caminho para aumentar a capacidade de manejo da doen\u00e7a.<\/p>\n\n\n\n<figure class=\"wp-block-image\"><img decoding=\"async\" src=\"http:\/\/agenciabrasilia.df.gov.br\/wp-conteudo\/uploads\/2022\/10\/1FRUMD_3.jpg\" alt=\"\" class=\"wp-image-443758\"\/><figcaption>O 1\u00ba F\u00f3rum 2021-2024 debateu a situa\u00e7\u00e3o da s\u00edfilis no Distrito Federal, no Brasil e nas Am\u00e9ricas | Foto: Ag\u00eancia Sa\u00fade<\/figcaption><\/figure>\n\n\n\n<p>De acordo com dados da Opas\/OMS, s\u00e3o 7,1 milh\u00f5es de casos de s\u00edfilis no mundo, sendo que, desse total, 2,5 milh\u00f5es s\u00e3o nas Am\u00e9ricas. A meta \u00e9 aumentar a testagem em todo o mundo, tendo em vista que j\u00e1 h\u00e1 testes r\u00e1pidos para diagn\u00f3stico de s\u00edfilis, HIV e hepatite.<\/p>\n\n\n\n<p>\u201cTemos que analisar todas as a\u00e7\u00f5es, verificar quais s\u00e3o os nossos desafios e o que ainda \u00e9 preciso fazer para acabar com a transmiss\u00e3o de s\u00edfilis, que hoje \u00e9 um problema de sa\u00fade p\u00fablica mundial\u201d, afirmou o representante da Opas\/OMS no Brasil, Miguel Aragon, representando Socorro Gross.<\/p>\n\n\n\n<p>O representante da Secretaria de Vigil\u00e2ncia em Sa\u00fade do Minist\u00e9rio da Sa\u00fade, Gerson Pereira, destacou que a preven\u00e7\u00e3o da s\u00edfilis \u00e9 uma maneira de evitar tamb\u00e9m outras infec\u00e7\u00f5es sexualmente transmiss\u00edveis, como HIV e hepatites. \u201c\u00c9 importante notificar os casos, diagnosticar e tratar. Al\u00e9m disso, tamb\u00e9m \u00e9 necess\u00e1rio tratar o assunto sem tabu\u201d, frisou.<\/p>\n\n\n\n<p><strong>A\u00e7\u00f5es educativas<\/strong><\/p>\n\n\n\n<p>A Ger\u00eancia de Vigil\u00e2ncia das Infec\u00e7\u00f5es Sexualmente Transmiss\u00edveis da Secretaria de Sa\u00fade (SES) promove a atualiza\u00e7\u00e3o dos profissionais de sa\u00fade para incentivar a popula\u00e7\u00e3o a procurar as unidades b\u00e1sicas de sa\u00fade (UBSs) para fazer a testagem e o tratamento para s\u00edfilis. Al\u00e9m disso, a ger\u00eancia estimula que os servi\u00e7os de sa\u00fade promovam a\u00e7\u00f5es que ofertem testes r\u00e1pidos, pois h\u00e1 um crescimento no n\u00famero de casos.<\/p>\n\n\n\n<p>\u201cEssas a\u00e7\u00f5es visam alertar a popula\u00e7\u00e3o para a gravidade da doen\u00e7a, formas de preven\u00e7\u00e3o e tratamento, buscando focar no p\u00fablico-alvo, popula\u00e7\u00f5es chaves e popula\u00e7\u00f5es priorit\u00e1rias. Combater a s\u00edfilis \u00e9 uma responsabilidade de todos\u201d, alerta a gerente substituta de Vigil\u00e2ncia das Infec\u00e7\u00f5es Sexualmente Transmiss\u00edveis, Daniela Magalh\u00e3es.<\/p>\n","protected":false},"excerpt":{"rendered":"<p>Plano nacional para preven\u00e7\u00e3o da doen\u00e7a come\u00e7ou a ser debatido durante f\u00f3rum realizado nesta quarta (26) Ag\u00eancia Bras\u00edlia* | Edi\u00e7\u00e3o: Carolina Lobo O 1\u00ba F\u00f3rum de Monitoramento do Plano Integrado para Preven\u00e7\u00e3o, Vigil\u00e2ncia e Controle da S\u00edfilis 2021-2024 foi realizado nesta quarta-feira (26). O evento, que debateu a situa\u00e7\u00e3o da infec\u00e7\u00e3o sexualmente transmiss\u00edvel no Distrito [&hellip;]<\/p>\n","protected":false},"author":1,"featured_media":0,"comment_status":"open","ping_status":"open","sticky":false,"template":"","format":"standard","meta":{"footnotes":""},"categories":[],"tags":[],"class_list":["post-5870","post","type-post","status-publish","format-standard","hentry"],"_links":{"self":[{"href":"https:\/\/aguaslindasnoticias.com.br\/index.php\/wp-json\/wp\/v2\/posts\/5870","targetHints":{"allow":["GET"]}}],"collection":[{"href":"https:\/\/aguaslindasnoticias.com.br\/index.php\/wp-json\/wp\/v2\/posts"}],"about":[{"href":"https:\/\/aguaslindasnoticias.com.br\/index.php\/wp-json\/wp\/v2\/types\/post"}],"author":[{"embeddable":true,"href":"https:\/\/aguaslindasnoticias.com.br\/index.php\/wp-json\/wp\/v2\/users\/1"}],"replies":[{"embeddable":true,"href":"https:\/\/aguaslindasnoticias.com.br\/index.php\/wp-json\/wp\/v2\/comments?post=5870"}],"version-history":[{"count":0,"href":"https:\/\/aguaslindasnoticias.com.br\/index.php\/wp-json\/wp\/v2\/posts\/5870\/revisions"}],"wp:attachment":[{"href":"https:\/\/aguaslindasnoticias.com.br\/index.php\/wp-json\/wp\/v2\/media?parent=5870"}],"wp:term":[{"taxonomy":"category","embeddable":true,"href":"https:\/\/aguaslindasnoticias.com.br\/index.php\/wp-json\/wp\/v2\/categories?post=5870"},{"taxonomy":"post_tag","embeddable":true,"href":"https:\/\/aguaslindasnoticias.com.br\/index.php\/wp-json\/wp\/v2\/tags?post=5870"}],"curies":[{"name":"wp","href":"https:\/\/api.w.org\/{rel}","templated":true}]}}