{"id":5869,"date":"2023-01-04T10:15:48","date_gmt":"2023-01-04T13:15:48","guid":{"rendered":"https:\/\/aguaslindasnoticias.com.br\/index.php\/2023\/01\/04\/saiba-como-embarcar-e-desembarcar-de-onibus-brt-e-metro-neste-domingo-30\/"},"modified":"2023-01-04T10:15:48","modified_gmt":"2023-01-04T13:15:48","slug":"saiba-como-embarcar-e-desembarcar-de-onibus-brt-e-metro-neste-domingo-30","status":"publish","type":"post","link":"https:\/\/aguaslindasnoticias.com.br\/index.php\/2023\/01\/04\/saiba-como-embarcar-e-desembarcar-de-onibus-brt-e-metro-neste-domingo-30\/","title":{"rendered":"Saiba como embarcar e desembarcar de \u00f4nibus, BRT e metr\u00f4 neste domingo (30)"},"content":{"rendered":"\n<p>Transporte p\u00fablico ser\u00e1 de gra\u00e7a para facilitar o deslocamento do eleitor no segundo turno; veja as recomenda\u00e7\u00f5es para os passageiros<\/p>\n\n\n\n<p>Ag\u00eancia Bras\u00edlia* | Edi\u00e7\u00e3o: Chico Neto<\/p>\n\n\n\n<p>Os \u00f4nibus do transporte p\u00fablico coletivo, o BRT e o metr\u00f4 v\u00e3o oferecer viagens de gra\u00e7a em todo o Distrito Federal, entre as 6h e as 19h deste domingo (30). Durante esse per\u00edodo, os usu\u00e1rios poder\u00e3o utilizar qualquer linha e fazer integra\u00e7\u00e3o entre os modais, sem limite de prazo entre o embarque e o desembarque.<\/p>\n\n\n\n<figure class=\"wp-block-image\"><img decoding=\"async\" src=\"http:\/\/agenciabrasilia.df.gov.br\/wp-conteudo\/uploads\/2022\/10\/27.10.-Transporte-publico.-Foto-Renato-Alves-Agencia-Brasilia.jpeg\" alt=\"\" class=\"wp-image-443878\"\/><figcaption>Metr\u00f4 ter\u00e1 acesso liberado nas cancelas ao lado das catracas, entre as 6h e as 19h de domingo | Foto: Renato Alves\/Ag\u00eancia Bras\u00edlia<\/figcaption><\/figure>\n\n\n\n<p>A medida da Secretaria de Transporte e Mobilidade (Semob) foi publicada no&nbsp;<em>Di\u00e1rio Oficial do Distrito Federal&nbsp;<\/em>(DODF), por meio da Portaria n\u00ba 152. A norma atende \u00e0 decis\u00e3o do Tribunal de Justi\u00e7a do Distrito Federal e dos Territ\u00f3rios (TJDFT), que assegura \u00e0 popula\u00e7\u00e3o o acesso gratuito aos modais de transporte p\u00fablico coletivo, com o objetivo de facilitar o deslocamento no segundo turno das elei\u00e7\u00f5es. A medida \u00e9 v\u00e1lida somente para o Distrito Federal.<\/p>\n\n\n\n<blockquote class=\"wp-block-quote is-layout-flow wp-block-quote-is-layout-flow\"><p>\u00d4nibus das linhas rurais dever\u00e3o fazer viagens nos hor\u00e1rios da tabela de dia \u00fatil, para que n\u00e3o falte transporte p\u00fablico aos eleitores de todo o DF<\/p><\/blockquote>\n\n\n\n<p>De acordo com a portaria da Semob, todo cidad\u00e3o poder\u00e1 utilizar o transporte p\u00fablico, entre as 6h e as 19h, sem a necessidade de apresentar nenhum tipo de documento ou cart\u00e3o. No metr\u00f4 e no BRT, os passageiros poder\u00e3o acessar as \u00e1reas de embarque dos terminais e esta\u00e7\u00f5es passando livremente pelas cancelas ao lado das catracas.<\/p>\n\n\n\n<p>Nos \u00f4nibus das linhas comuns, o p\u00fablico poder\u00e1 embarcar por qualquer uma das portas, mas n\u00e3o ser\u00e1 permitido transpor as catracas. Se o embarque for pela porta dianteira, o desembarque ser\u00e1 na mesma porta. J\u00e1 quem embarcar na parte traseira do \u00f4nibus poder\u00e1 desembarcar pelas portas central e traseira.<\/p>\n\n\n\n<p>No domingo de elei\u00e7\u00f5es, o BRT e os \u00f4nibus que fazem as linhas urbanas do DF dever\u00e3o circular nos hor\u00e1rios da tabela prevista para os s\u00e1bados, com refor\u00e7o nas linhas de maior demanda. Nas linhas rurais, os \u00f4nibus far\u00e3o as viagens nos hor\u00e1rios da tabela de dia \u00fatil, para que n\u00e3o falte transporte p\u00fablico aos eleitores de todo o DF.<\/p>\n\n\n\n<p><strong>Gratuidade tempor\u00e1ria<\/strong><\/p>\n\n\n\n<p>Os usu\u00e1rios do transporte coletivo devem ficar atentos quanto ao per\u00edodo de gratuidade. A Portaria n\u00ba 152\/2022 determina que, antes das 6h e ap\u00f3s as 19h do pr\u00f3ximo domingo, todos os \u00f4nibus, o BRT e Metr\u00f4\/DF dever\u00e3o operar normalmente com a cobran\u00e7a das respectivas tarifas.<\/p>\n\n\n\n<p>*<em>Com informa\u00e7\u00f5es da Secretaria de Transporte e Mobilidade<\/em><\/p>\n","protected":false},"excerpt":{"rendered":"<p>Transporte p\u00fablico ser\u00e1 de gra\u00e7a para facilitar o deslocamento do eleitor no segundo turno; veja as recomenda\u00e7\u00f5es para os passageiros Ag\u00eancia Bras\u00edlia* | Edi\u00e7\u00e3o: Chico Neto Os \u00f4nibus do transporte p\u00fablico coletivo, o BRT e o metr\u00f4 v\u00e3o oferecer viagens de gra\u00e7a em todo o Distrito Federal, entre as 6h e as 19h deste domingo [&hellip;]<\/p>\n","protected":false},"author":1,"featured_media":0,"comment_status":"open","ping_status":"open","sticky":false,"template":"","format":"standard","meta":{"footnotes":""},"categories":[],"tags":[],"class_list":["post-5869","post","type-post","status-publish","format-standard","hentry"],"_links":{"self":[{"href":"https:\/\/aguaslindasnoticias.com.br\/index.php\/wp-json\/wp\/v2\/posts\/5869","targetHints":{"allow":["GET"]}}],"collection":[{"href":"https:\/\/aguaslindasnoticias.com.br\/index.php\/wp-json\/wp\/v2\/posts"}],"about":[{"href":"https:\/\/aguaslindasnoticias.com.br\/index.php\/wp-json\/wp\/v2\/types\/post"}],"author":[{"embeddable":true,"href":"https:\/\/aguaslindasnoticias.com.br\/index.php\/wp-json\/wp\/v2\/users\/1"}],"replies":[{"embeddable":true,"href":"https:\/\/aguaslindasnoticias.com.br\/index.php\/wp-json\/wp\/v2\/comments?post=5869"}],"version-history":[{"count":0,"href":"https:\/\/aguaslindasnoticias.com.br\/index.php\/wp-json\/wp\/v2\/posts\/5869\/revisions"}],"wp:attachment":[{"href":"https:\/\/aguaslindasnoticias.com.br\/index.php\/wp-json\/wp\/v2\/media?parent=5869"}],"wp:term":[{"taxonomy":"category","embeddable":true,"href":"https:\/\/aguaslindasnoticias.com.br\/index.php\/wp-json\/wp\/v2\/categories?post=5869"},{"taxonomy":"post_tag","embeddable":true,"href":"https:\/\/aguaslindasnoticias.com.br\/index.php\/wp-json\/wp\/v2\/tags?post=5869"}],"curies":[{"name":"wp","href":"https:\/\/api.w.org\/{rel}","templated":true}]}}