{"id":5868,"date":"2023-01-04T10:15:48","date_gmt":"2023-01-04T13:15:48","guid":{"rendered":"https:\/\/aguaslindasnoticias.com.br\/index.php\/2023\/01\/04\/comunidade-da-fercal-ii-ganha-mais-conforto-e-seguranca-com-nova-escadaria\/"},"modified":"2023-01-04T10:15:48","modified_gmt":"2023-01-04T13:15:48","slug":"comunidade-da-fercal-ii-ganha-mais-conforto-e-seguranca-com-nova-escadaria","status":"publish","type":"post","link":"https:\/\/aguaslindasnoticias.com.br\/index.php\/2023\/01\/04\/comunidade-da-fercal-ii-ganha-mais-conforto-e-seguranca-com-nova-escadaria\/","title":{"rendered":"Comunidade da Fercal II ganha mais conforto e seguran\u00e7a com nova escadaria"},"content":{"rendered":"\n<p>Regi\u00e3o tamb\u00e9m \u00e9 beneficiada com pavimenta\u00e7\u00e3o em \u00e1rea pr\u00f3xima a uma escola rural, garantindo aos moradores mais infraestrutura e mobilidade<\/p>\n\n\n\n<p>Catarina Loiola, da Ag\u00eancia Bras\u00edlia I Edi\u00e7\u00e3o: D\u00e9bora Cronemberger<\/p>\n\n\n\n<p>A Administra\u00e7\u00e3o Regional da Fercal est\u00e1 empenhada em melhorar as condi\u00e7\u00f5es de infraestrutura e mobilidade na cidade. Em setembro deste ano, foi investido um total de mais de R$ 268 mil em obras que est\u00e3o em andamento, sendo R$ 91.917,11 na constru\u00e7\u00e3o de uma escadaria e mais R$ 177.042,47 na pavimenta\u00e7\u00e3o de \u00e1rea pr\u00f3xima a uma escola rural.<\/p>\n\n\n\n<figure class=\"wp-block-image\"><img decoding=\"async\" src=\"http:\/\/agenciabrasilia.df.gov.br\/wp-conteudo\/uploads\/2022\/10\/dentro-2-11-scaled.jpg\" alt=\"\" class=\"wp-image-443188\"\/><figcaption>Nova escadaria na comunidade Fercal II; trabalho inclui pavimenta\u00e7\u00e3o em bloquetes at\u00e9 a rodovia | Fotos: Paulo H. Carvalho\/Ag\u00eancia Bras\u00edlia<\/figcaption><\/figure>\n\n\n\n<p>De acordo com o administrador regional da Fercal, Fernando Gustavo Lima, as interven\u00e7\u00f5es beneficiam os 33 mil moradores da cidade e complementam outras a\u00e7\u00f5es executadas desde 2019. \u201cS\u00e3o obras que trazem melhoria \u00e0 porta do cidad\u00e3o\u201d, aponta ele.<\/p>\n\n\n\n<figure class=\"wp-block-image\"><img decoding=\"async\" src=\"http:\/\/agenciabrasilia.df.gov.br\/wp-conteudo\/uploads\/2022\/10\/Adir-dos-Santos-2-300x200.jpg\" alt=\"\" class=\"wp-image-443198\"\/><figcaption>O motorista Adir dos Santos, que construiu a escada anterior h\u00e1 11 anos, comemora a obra<\/figcaption><\/figure>\n\n\n\n<p>A escadaria est\u00e1 sendo constru\u00edda na comunidade Fercal II. \u201cTivemos a ideia de n\u00e3o fazer s\u00f3 a escada, mas tamb\u00e9m canalizar as \u00e1guas pluviais para que n\u00e3o corra pela escada, causando estragos, e fazer a pavimenta\u00e7\u00e3o em bloquetes da escada at\u00e9 a rodovia\u201d, complementa o administrador regional.<\/p>\n\n\n\n<p>Antes, os moradores usavam uma escada de pneus para se locomover entre uma rua e outra. A estrutura pioneira foi constru\u00edda pelo motorista Adir Lemos, 58, h\u00e1 11 anos, pouco depois de ele se mudar para a regi\u00e3o.<\/p>\n\n\n\n<figure class=\"wp-block-image\"><img decoding=\"async\" src=\"http:\/\/agenciabrasilia.df.gov.br\/wp-conteudo\/uploads\/2022\/10\/Marlene-dos-Santos-2-300x200.jpg\" alt=\"\" class=\"wp-image-443202\"\/><figcaption>\u201cAgora vai melhorar muito, ser\u00e1 uma nova vida praticamente\u201d, afirma a manicure Marlene dos Santos<\/figcaption><\/figure>\n\n\n\n<p>\u201cEra uma escada que nos atendia, mas n\u00e3o era boa o suficiente. Nas chuvas era bem dif\u00edcil, porque a \u00e1gua trazia muita lama para os pneus; ent\u00e3o, \u00e0s vezes, t\u00ednhamos que levar um pano para limpar o cal\u00e7ado antes de entrar no \u00f4nibus, sen\u00e3o cheg\u00e1vamos enlameados ao servi\u00e7o. Com a nova escada, esse problema n\u00e3o vai mais existir\u201d, comenta Adir.<\/p>\n\n\n\n<p>A manicure Marlene dos Santos, 31, mora na Fercal h\u00e1 dois anos. Com a nova escada, n\u00e3o ter\u00e1 mais dificuldade para ir de casa \u00e0 igreja \u2013 antes desse servi\u00e7o, ela precisava trocar os sapatos ao chegar ao destino final.<\/p>\n\n\n\n<p>\u201cDava trabalho para subir porque, na \u00e9poca das chuvas, a \u00e1gua escorria para os pneus e sujava muito os p\u00e9s. Era tanta lama que afundava nossos p\u00e9s. E, no tempo seco, era muita poeira e sujeira para dentro de casa. Agora vai melhorar muito, ser\u00e1 uma nova vida, praticamente\u201d, afirma Marlene.<\/p>\n\n\n\n<p>Tamb\u00e9m est\u00e1 em andamento na Fercal a pavimenta\u00e7\u00e3o em bloquetes em frente \u00e0 Escola Classe Ribeir\u00e3o. J\u00e1 foram conclu\u00eddas a pavimenta\u00e7\u00e3o em bloquetes das \u00e1reas pr\u00f3ximas \u00e0s escolas classe C\u00f3rrego do Ouro, Catingueiro e Sonhem de Cima.<\/p>\n\n\n\n<p>\u201cS\u00e3o obras que v\u00e3o trazer mais conforto aos alunos, aos professores\u201d, afirma o administrador regional, que destaca outras melhorias executadas desde 2019 na cidade.<\/p>\n\n\n\n<p>Entre elas, a implanta\u00e7\u00e3o de energia el\u00e9trica em pontos que n\u00e3o tinham o recurso e a instala\u00e7\u00e3o de lumin\u00e1rias LED em quase toda a cidade, al\u00e9m da pavimenta\u00e7\u00e3o em bloquete que ocorreu em pontos diversos. Foram atendidos trechos nas ch\u00e1caras 10 e 13 da Rua do Mato, Quadra 18 do Engenho Velho, Quadra 17 do Alto Bela Vista e em toda a comunidade da Expans\u00e3o.<\/p>\n","protected":false},"excerpt":{"rendered":"<p>Regi\u00e3o tamb\u00e9m \u00e9 beneficiada com pavimenta\u00e7\u00e3o em \u00e1rea pr\u00f3xima a uma escola rural, garantindo aos moradores mais infraestrutura e mobilidade Catarina Loiola, da Ag\u00eancia Bras\u00edlia I Edi\u00e7\u00e3o: D\u00e9bora Cronemberger A Administra\u00e7\u00e3o Regional da Fercal est\u00e1 empenhada em melhorar as condi\u00e7\u00f5es de infraestrutura e mobilidade na cidade. Em setembro deste ano, foi investido um total de [&hellip;]<\/p>\n","protected":false},"author":1,"featured_media":0,"comment_status":"open","ping_status":"open","sticky":false,"template":"","format":"standard","meta":{"footnotes":""},"categories":[],"tags":[],"class_list":["post-5868","post","type-post","status-publish","format-standard","hentry"],"_links":{"self":[{"href":"https:\/\/aguaslindasnoticias.com.br\/index.php\/wp-json\/wp\/v2\/posts\/5868","targetHints":{"allow":["GET"]}}],"collection":[{"href":"https:\/\/aguaslindasnoticias.com.br\/index.php\/wp-json\/wp\/v2\/posts"}],"about":[{"href":"https:\/\/aguaslindasnoticias.com.br\/index.php\/wp-json\/wp\/v2\/types\/post"}],"author":[{"embeddable":true,"href":"https:\/\/aguaslindasnoticias.com.br\/index.php\/wp-json\/wp\/v2\/users\/1"}],"replies":[{"embeddable":true,"href":"https:\/\/aguaslindasnoticias.com.br\/index.php\/wp-json\/wp\/v2\/comments?post=5868"}],"version-history":[{"count":0,"href":"https:\/\/aguaslindasnoticias.com.br\/index.php\/wp-json\/wp\/v2\/posts\/5868\/revisions"}],"wp:attachment":[{"href":"https:\/\/aguaslindasnoticias.com.br\/index.php\/wp-json\/wp\/v2\/media?parent=5868"}],"wp:term":[{"taxonomy":"category","embeddable":true,"href":"https:\/\/aguaslindasnoticias.com.br\/index.php\/wp-json\/wp\/v2\/categories?post=5868"},{"taxonomy":"post_tag","embeddable":true,"href":"https:\/\/aguaslindasnoticias.com.br\/index.php\/wp-json\/wp\/v2\/tags?post=5868"}],"curies":[{"name":"wp","href":"https:\/\/api.w.org\/{rel}","templated":true}]}}