{"id":5865,"date":"2023-01-04T10:15:48","date_gmt":"2023-01-04T13:15:48","guid":{"rendered":"https:\/\/aguaslindasnoticias.com.br\/index.php\/2023\/01\/04\/escola-de-eletricistas-tera-vagas-para-mulheres-atendidas-pelo-governo\/"},"modified":"2023-01-04T10:15:48","modified_gmt":"2023-01-04T13:15:48","slug":"escola-de-eletricistas-tera-vagas-para-mulheres-atendidas-pelo-governo","status":"publish","type":"post","link":"https:\/\/aguaslindasnoticias.com.br\/index.php\/2023\/01\/04\/escola-de-eletricistas-tera-vagas-para-mulheres-atendidas-pelo-governo\/","title":{"rendered":"Escola de Eletricistas ter\u00e1 vagas para mulheres atendidas pelo governo"},"content":{"rendered":"\n<p>Acordo firmado entre Secretaria da Mulher e Neoenergia Bras\u00edlia amplia participa\u00e7\u00e3o do p\u00fablico feminino no curso<\/p>\n\n\n\n<p>Catarina Loiola, da Ag\u00eancia Bras\u00edlia | Edi\u00e7\u00e3o: Chico Neto<\/p>\n\n\n\n<blockquote class=\"wp-block-quote is-layout-flow wp-block-quote-is-layout-flow\"><p>\u201cEm qualquer profiss\u00e3o a mulher consegue se desenvolver, basta ter a oportunidade\u201dVandercy Camargos, secret\u00e1ria da Mulher<\/p><\/blockquote>\n\n\n\n<p>O p\u00fablico atendido pela Secretaria da Mulher (SMDF) ter\u00e1 100 vagas reservadas na Escola de Eletricistas da Neoenergia Bras\u00edlia. Nesta ter\u00e7a-feira (25), a distribuidora e a pasta assinaram um Acordo de Coopera\u00e7\u00e3o T\u00e9cnica para ampliar a participa\u00e7\u00e3o feminina no processo seletivo do curso e a integra\u00e7\u00e3o da empresa na Rede Sou Mais Mulher.<\/p>\n\n\n\n<p>A SMDF se comprometeu a ministrar palestras presenciais ou virtuais para as turmas da institui\u00e7\u00e3o de ensino sobre o combate a todos os tipos de viol\u00eancia de g\u00eanero e a promo\u00e7\u00e3o dos direitos das mulheres.<\/p>\n\n\n\n<figure class=\"wp-block-image\"><img decoding=\"async\" src=\"http:\/\/agenciabrasilia.df.gov.br\/wp-conteudo\/uploads\/2022\/10\/Marina-Azevedo-Aluna-scaled.jpg\" alt=\"\" class=\"wp-image-443477\"\/><figcaption>Marina Azevedo, da primeira turma formada por mulheres, comemora: \u201cVai ser \u00f3timo quebrar esse tabu e mostrar que somos sim capazes\u201d | Fotos: L\u00facio Bernardo Jr.\/Ag\u00eancia Bras\u00edlia<\/figcaption><\/figure>\n\n\n\n<p>\u201c\u00c9 uma grande oportunidade para o Distrito Federal\u201d, disse a secret\u00e1ria da Mulher, Vandercy Camargos. \u201cS\u00e3o cursos de capacita\u00e7\u00e3o que d\u00e3o a perspectiva da gera\u00e7\u00e3o de emprego e mudan\u00e7a de vida. Em qualquer profiss\u00e3o a mulher consegue se desenvolver, basta ter a oportunidade.\u201d<\/p>\n\n\n\n<p>O diretor-presidente da Neoenergia Bras\u00edlia, Frederico Candian, avalia que a parceria, como a pr\u00f3pria Escola de Eletricistas, contribui positivamente para a equidade de g\u00eanero e a economia local. \u201cN\u00e3o t\u00ednhamos mulheres eletricistas no DF, e, desde a cria\u00e7\u00e3o da escola e a primeira formatura, formamos 56 eletricistas, sendo que 49 foram contratadas pelo grupo e hoje fazem parte do nosso time. E isso vai ao encontro da cria\u00e7\u00e3o de oportunidades de emprego e renda\u201d.<\/p>\n\n\n\n<p><strong>Pioneirismo<\/strong><\/p>\n\n\n\n<p>No mesmo dia em que o acordo entre os dois \u00f3rg\u00e3os foi assinado, a distribuidora inaugurou uma unidade da Escola de Eletricistas no Gama e deu in\u00edcio \u00e0 primeira turma exclusiva para mulheres. O Servi\u00e7o Nacional de Aprendizagem Industrial (Senai) tamb\u00e9m participa da a\u00e7\u00e3o, com refor\u00e7o nas aulas.<\/p>\n\n\n\n<p>\u201cEssa parceria fortalece o processo de expans\u00e3o da atua\u00e7\u00e3o feminina em ambientes majoritariamente masculinos\u201d, resume o diretor regional do Senai, Marco Secco. O gestor lembra que esta \u00e9 a sexta turma do curso. \u201cE todas tiveram forte participa\u00e7\u00e3o feminina\u201d, ressalta.&nbsp;A expectativa \u00e9 formar mais de 230 eletricistas at\u00e9 2023 em nove turmas exclusivas para o p\u00fablico feminino ou mistas, com no m\u00ednimo 35% de participantes mulheres. As formandas poder\u00e3o integrar o time de trabalhadores da empresa, bem como encontrar oportunidades em outras institui\u00e7\u00f5es no mercado.<\/p>\n\n\n\n<figure class=\"wp-block-image\"><img decoding=\"async\" src=\"http:\/\/agenciabrasilia.df.gov.br\/wp-conteudo\/uploads\/2022\/10\/Capa-61-scaled.jpg\" alt=\"\" class=\"wp-image-443475\"\/><figcaption>Participaram da abertura da turma o diretor-presidente da Neoenergia, Frederico Candian, a secret\u00e1ria da Mulher, Vandercy Camargos, e o diretor regional do Senai, Marco Secco<\/figcaption><\/figure>\n\n\n\n<p>Aluna da nova turma \u2013 composta por 21 mulheres -, Marina Azevedo, 32 anos, se disse animada em come\u00e7ar uma nova capacita\u00e7\u00e3o. Desempregada h\u00e1 quase tr\u00eas anos, ela sente que ter\u00e1 mais vontade em participar das aulas em uma turma formada totalmente por mulheres.<\/p>\n\n\n\n<p>\u201cD\u00e1 mais energia, mais g\u00e1s para chegar at\u00e9 o final, ser contratada e mostrar que mulheres podem sim trabalhar nesse mercado\u201d, afirmou ela, que est\u00e1 desempregada h\u00e1 tr\u00eas anos. \u201cHoje vemos muito mais homens eletricistas, e h\u00e1 um preconceito em chamar mulheres; ent\u00e3o, vai ser \u00f3timo quebrar esse tabu e mostrar que somos sim capazes.\u201d<\/p>\n\n\n\n<p>Colega de Marina na nova empreitada, a estudante de arquitetura e urbanismo Daiana Silva, 23 anos, contou que sempre teve interesse pelo ramo el\u00e9trico. \u201cAssim que soube do curso,&nbsp; me inscrevi, e ainda bem que passei\u201d, disse. \u201cEstou muito feliz em aprender mais sobre a \u00e1rea, porque espero trabalhar com isso no futuro\u201d.<\/p>\n\n\n\n<p><strong>Escola de Eletricistas<\/strong><\/p>\n\n\n\n<p>Para participar da capacita\u00e7\u00e3o, \u00e9 necess\u00e1rio ter mais de 18 anos, ensino m\u00e9dio completo e Carteira Nacional de Habilita\u00e7\u00e3o (CNH), no m\u00ednimo da categoria B. O curso \u00e9 dividido em atividades te\u00f3ricas e pr\u00e1ticas sobre os principais pontos relacionados a redes de distribui\u00e7\u00e3o de energia el\u00e9trica.<\/p>\n\n\n\n<p>As mulheres atendidas pela Secretaria da Mulher ser\u00e3o inseridas nas novas turmas, exclusivas ou mistas. O calend\u00e1rio de inscri\u00e7\u00f5es ser\u00e1 divulgado em breve&nbsp;<a href=\"https:\/\/www.neoenergia.com\/escola-de-eletricistas\/Paginas\/inscricoes.aspx\" target=\"_blank\" rel=\"noreferrer noopener\">neste site<\/a>.<\/p>\n","protected":false},"excerpt":{"rendered":"<p>Acordo firmado entre Secretaria da Mulher e Neoenergia Bras\u00edlia amplia participa\u00e7\u00e3o do p\u00fablico feminino no curso Catarina Loiola, da Ag\u00eancia Bras\u00edlia | Edi\u00e7\u00e3o: Chico Neto \u201cEm qualquer profiss\u00e3o a mulher consegue se desenvolver, basta ter a oportunidade\u201dVandercy Camargos, secret\u00e1ria da Mulher O p\u00fablico atendido pela Secretaria da Mulher (SMDF) ter\u00e1 100 vagas reservadas na Escola [&hellip;]<\/p>\n","protected":false},"author":1,"featured_media":0,"comment_status":"open","ping_status":"open","sticky":false,"template":"","format":"standard","meta":{"footnotes":""},"categories":[],"tags":[],"class_list":["post-5865","post","type-post","status-publish","format-standard","hentry"],"_links":{"self":[{"href":"https:\/\/aguaslindasnoticias.com.br\/index.php\/wp-json\/wp\/v2\/posts\/5865","targetHints":{"allow":["GET"]}}],"collection":[{"href":"https:\/\/aguaslindasnoticias.com.br\/index.php\/wp-json\/wp\/v2\/posts"}],"about":[{"href":"https:\/\/aguaslindasnoticias.com.br\/index.php\/wp-json\/wp\/v2\/types\/post"}],"author":[{"embeddable":true,"href":"https:\/\/aguaslindasnoticias.com.br\/index.php\/wp-json\/wp\/v2\/users\/1"}],"replies":[{"embeddable":true,"href":"https:\/\/aguaslindasnoticias.com.br\/index.php\/wp-json\/wp\/v2\/comments?post=5865"}],"version-history":[{"count":0,"href":"https:\/\/aguaslindasnoticias.com.br\/index.php\/wp-json\/wp\/v2\/posts\/5865\/revisions"}],"wp:attachment":[{"href":"https:\/\/aguaslindasnoticias.com.br\/index.php\/wp-json\/wp\/v2\/media?parent=5865"}],"wp:term":[{"taxonomy":"category","embeddable":true,"href":"https:\/\/aguaslindasnoticias.com.br\/index.php\/wp-json\/wp\/v2\/categories?post=5865"},{"taxonomy":"post_tag","embeddable":true,"href":"https:\/\/aguaslindasnoticias.com.br\/index.php\/wp-json\/wp\/v2\/tags?post=5865"}],"curies":[{"name":"wp","href":"https:\/\/api.w.org\/{rel}","templated":true}]}}