{"id":5864,"date":"2023-01-04T10:15:48","date_gmt":"2023-01-04T13:15:48","guid":{"rendered":"https:\/\/aguaslindasnoticias.com.br\/index.php\/2023\/01\/04\/candidatos-surdos-poderao-fazer-provas-de-concurso-publico-em-libras\/"},"modified":"2023-01-04T10:15:48","modified_gmt":"2023-01-04T13:15:48","slug":"candidatos-surdos-poderao-fazer-provas-de-concurso-publico-em-libras","status":"publish","type":"post","link":"https:\/\/aguaslindasnoticias.com.br\/index.php\/2023\/01\/04\/candidatos-surdos-poderao-fazer-provas-de-concurso-publico-em-libras\/","title":{"rendered":"Candidatos surdos poder\u00e3o fazer provas de concurso p\u00fablico em Libras"},"content":{"rendered":"\n<p>Foto: Carlos Gandra\/CLDF<\/p>\n\n\n\n<figure class=\"wp-block-image\"><img decoding=\"async\" src=\"https:\/\/www.cl.df.gov.br\/documents\/10162\/26203307\/2211389CG+%2895%29.jpg\/3d2aef94-ebae-923c-ef9c-a3225f9779a8?t=1666728531630\" alt=\"\"\/><\/figure>\n\n\n\n<p>Representantes de entidades de apoio aos surdos acompanharam a vota\u00e7\u00e3o em plen\u00e1rio nesta ter\u00e7a-feira (25)<\/p>\n\n\n\n<p>Uma altera\u00e7\u00e3o na Lei n\u00ba 4.949\/2012, que estabelece normas gerais para a realiza\u00e7\u00e3o de concursos p\u00fablicos no Distrito Federal, permitir\u00e1 que os deficientes surdos possam, nesses certames, fazer provas na L\u00edngua Brasileira de Sinais (Libras). A mudan\u00e7a foi aprovada pela C\u00e2mara Legislativa, em primeiro, segundo turno e reda\u00e7\u00e3o final, durante a sess\u00e3o deliberativa desta ter\u00e7a-feira (25).<\/p>\n\n\n\n<p>A medida consta do projeto de lei n\u00ba 2.948\/2022, apresentado pelo deputado Daniel Donizet (PL), e recebeu a aprova\u00e7\u00e3o un\u00e2nime dos 17 parlamentares presentes ao plen\u00e1rio no momento da vota\u00e7\u00e3o. Segundo a proposi\u00e7\u00e3o, as provas dever\u00e3o ser aplicadas por profissionais habilitados em Libras, de forma presencial e por meio de \u201cv\u00eddeo prova\u201d.<\/p>\n\n\n\n<p>\u201cEsperamos, com esta proposta, contribuir para a evolu\u00e7\u00e3o dos concursos p\u00fablicos no Distrito Federal, notadamente conferindo e concretizando direitos \u00e0s pessoas com defici\u00eancia de surdez\u201d, afirmou o autor da mat\u00e9ria.<\/p>\n\n\n\n<p>Presidente da Comiss\u00e3o de Direitos Humanos da CLDF, o deputado F\u00e1bio Felix (Psol) elogiou a iniciativa: \u201cAo promover a inclus\u00e3o, o projeto avan\u00e7a em aspectos como igualdade e no reconhecimento dos direitos dos deficientes auditivos\u201d. Por sua vez, o deputado Iolando (MDB) acrescentou que a proposi\u00e7\u00e3o \u201ctamb\u00e9m corrige uma falha do Estado\u201d.<\/p>\n\n\n\n<p><strong>Marco T\u00falio Alencar &#8211; Ag\u00eancia CLDF<\/strong><\/p>\n","protected":false},"excerpt":{"rendered":"<p>Foto: Carlos Gandra\/CLDF Representantes de entidades de apoio aos surdos acompanharam a vota\u00e7\u00e3o em plen\u00e1rio nesta ter\u00e7a-feira (25) Uma altera\u00e7\u00e3o na Lei n\u00ba 4.949\/2012, que estabelece normas gerais para a realiza\u00e7\u00e3o de concursos p\u00fablicos no Distrito Federal, permitir\u00e1 que os deficientes surdos possam, nesses certames, fazer provas na L\u00edngua Brasileira de Sinais (Libras). A mudan\u00e7a [&hellip;]<\/p>\n","protected":false},"author":1,"featured_media":0,"comment_status":"open","ping_status":"open","sticky":false,"template":"","format":"standard","meta":{"footnotes":""},"categories":[],"tags":[],"class_list":["post-5864","post","type-post","status-publish","format-standard","hentry"],"_links":{"self":[{"href":"https:\/\/aguaslindasnoticias.com.br\/index.php\/wp-json\/wp\/v2\/posts\/5864","targetHints":{"allow":["GET"]}}],"collection":[{"href":"https:\/\/aguaslindasnoticias.com.br\/index.php\/wp-json\/wp\/v2\/posts"}],"about":[{"href":"https:\/\/aguaslindasnoticias.com.br\/index.php\/wp-json\/wp\/v2\/types\/post"}],"author":[{"embeddable":true,"href":"https:\/\/aguaslindasnoticias.com.br\/index.php\/wp-json\/wp\/v2\/users\/1"}],"replies":[{"embeddable":true,"href":"https:\/\/aguaslindasnoticias.com.br\/index.php\/wp-json\/wp\/v2\/comments?post=5864"}],"version-history":[{"count":0,"href":"https:\/\/aguaslindasnoticias.com.br\/index.php\/wp-json\/wp\/v2\/posts\/5864\/revisions"}],"wp:attachment":[{"href":"https:\/\/aguaslindasnoticias.com.br\/index.php\/wp-json\/wp\/v2\/media?parent=5864"}],"wp:term":[{"taxonomy":"category","embeddable":true,"href":"https:\/\/aguaslindasnoticias.com.br\/index.php\/wp-json\/wp\/v2\/categories?post=5864"},{"taxonomy":"post_tag","embeddable":true,"href":"https:\/\/aguaslindasnoticias.com.br\/index.php\/wp-json\/wp\/v2\/tags?post=5864"}],"curies":[{"name":"wp","href":"https:\/\/api.w.org\/{rel}","templated":true}]}}