{"id":5862,"date":"2023-01-04T10:15:48","date_gmt":"2023-01-04T13:15:48","guid":{"rendered":"https:\/\/aguaslindasnoticias.com.br\/index.php\/2023\/01\/04\/novo-modelo-da-avenida-paranoa-resgata-o-prazer-de-andar-pela-cidade\/"},"modified":"2023-01-04T10:15:48","modified_gmt":"2023-01-04T13:15:48","slug":"novo-modelo-da-avenida-paranoa-resgata-o-prazer-de-andar-pela-cidade","status":"publish","type":"post","link":"https:\/\/aguaslindasnoticias.com.br\/index.php\/2023\/01\/04\/novo-modelo-da-avenida-paranoa-resgata-o-prazer-de-andar-pela-cidade\/","title":{"rendered":"Novo modelo da Avenida Parano\u00e1 resgata o prazer de andar pela cidade"},"content":{"rendered":"\n<p>A obra na via de 2,7 quil\u00f4metros custou R$ 16 milh\u00f5es e gerou 150 empregos<\/p>\n\n\n\n<p>Catarina Lima, da Ag\u00eancia Bras\u00edlia | Edi\u00e7\u00e3o: Rosualdo Rodrigues<\/p>\n\n\n\n<p>A reforma de 2,7 quil\u00f4metros da Avenida Parano\u00e1, na regi\u00e3o administrativa do Parano\u00e1, se aproxima do final. A obra foi projetada prevendo a constru\u00e7\u00e3o de cal\u00e7adas largas, para resgatar nos moradores e visitantes da localidade um antigo h\u00e1bito dos brasilienses, o de andar pela cidade.<\/p>\n\n\n\n<p>O trabalho come\u00e7ou h\u00e1 oito meses e nesta etapa falta apenas um pequeno trecho para ser conclu\u00eddo, al\u00e9m do paisagismo, que j\u00e1 teve in\u00edcio, com o plantio de grama e mudas de ip\u00eas de v\u00e1rias cores, dispostas ao longo da Avenida.<\/p>\n\n\n\n<figure class=\"wp-block-image\"><img decoding=\"async\" src=\"http:\/\/agenciabrasilia.df.gov.br\/wp-conteudo\/uploads\/2022\/10\/DENTRO-JRO_0419.jpg\" alt=\"\" class=\"wp-image-442715\"\/><figcaption>Obra foi projetada prevendo a constru\u00e7\u00e3o de cal\u00e7adas largas, para resgatar nos moradores o antigo h\u00e1bito de andar pela cidade | Fotos: Joel Rodrigues\/Ag\u00eancia Bras\u00edlia<\/figcaption><\/figure>\n\n\n\n<p>O investimento total na obra foi de R$ 16 milh\u00f5es, com a gera\u00e7\u00e3o de 150 empregos. \u201cO projeto da via foi pensado para trazer acessibilidade \u00e0s pessoas\u201d, explicou o fiscal de Obras da Secretaria de Obras Carlos Mohamed.<\/p>\n\n\n\n<p>Al\u00e9m das cal\u00e7adas, ao longo dos 2,7 quil\u00f4metros foram feitas melhorias nos estacionamentos, acessibilidade, drenagem, paisagismo e constru\u00e7\u00e3o de ciclovia. \u201cQuem quiser transitar de bicicleta pelo local disp\u00f5e de uma pista para ir desde o posto de gasolina, que fica no in\u00edcio da via, at\u00e9 a administra\u00e7\u00e3o regional, que fica no final\u201d, disse Mohamed.<\/p>\n\n\n\n<p>As cal\u00e7adas na Avenida Parano\u00e1 t\u00eam 3 metros de largura, a partir das edifica\u00e7\u00f5es, facilitando a circula\u00e7\u00e3o do p\u00fablico em geral, especialmente de pessoas com dificuldade de locomo\u00e7\u00e3o. Para comodidade dos que circulam pela via, o material escolhido para a constru\u00e7\u00e3o dos estacionamentos foi o bloquete, que permite f\u00e1cil drenagem da \u00e1gua ap\u00f3s as chuvas.<\/p>\n\n\n\n<figure class=\"wp-block-image\"><img decoding=\"async\" src=\"http:\/\/agenciabrasilia.df.gov.br\/wp-conteudo\/uploads\/2022\/10\/DENTRO-JRO_0438.jpg\" alt=\"\" class=\"wp-image-442722\"\/><figcaption>A Pra\u00e7a Central da cidade ganhou piso novo e a fonte, que estava desativada, passou por obras e voltou a funcionar<\/figcaption><\/figure>\n\n\n\n<p><strong>Divers\u00e3o para crian\u00e7as<\/strong><\/p>\n\n\n\n<p>A reforma da Avenida Parano\u00e1 tamb\u00e9m privilegiou o lazer de adultos e crian\u00e7as, incluindo obras na Pra\u00e7a Central da cidade. Al\u00e9m de piso novo, a fonte, que estava desativada, passou por obras e voltou a funcionar.<\/p>\n\n\n\n<p>Tamb\u00e9m foi instalado um parquinho para pessoas com defici\u00eancia. Ivonete de Souza, de 48 anos, costuma sair do Itapo\u00e3 \u00e0 tarde, com a filha, de 8 anos, para lev\u00e1-la para a pra\u00e7a do Parano\u00e1 a fim de brincar. \u201cEste \u00e9 o melhor parque que temos por aqui, sempre venho aqui com a minha filha\u201d, frisou Ivonete.<\/p>\n\n\n\n<p>A comerciante Maria Aparecida de Souza, 55 anos, ainda est\u00e1 se adaptando ao novo ordenamento do local, com cal\u00e7adas mais largas. \u201cGostei muito! Ficaria ainda melhor se houvesse mais vagas de estacionamento\u201d, disse a comerciante de tecidos, que tem uma loja no local h\u00e1 30 anos.<\/p>\n\n\n\n<p>Daniele Teixeira, 41 anos anos, tamb\u00e9m considera que as cal\u00e7adas ficaram muito largas, por\u00e9m elogiou os avan\u00e7os quanto \u00e0 acessibilidade. \u201cA acessibilidade melhorou, se compararmos com as antigas cal\u00e7adas\u201d, disse a moradora.<\/p>\n","protected":false},"excerpt":{"rendered":"<p>A obra na via de 2,7 quil\u00f4metros custou R$ 16 milh\u00f5es e gerou 150 empregos Catarina Lima, da Ag\u00eancia Bras\u00edlia | Edi\u00e7\u00e3o: Rosualdo Rodrigues A reforma de 2,7 quil\u00f4metros da Avenida Parano\u00e1, na regi\u00e3o administrativa do Parano\u00e1, se aproxima do final. A obra foi projetada prevendo a constru\u00e7\u00e3o de cal\u00e7adas largas, para resgatar nos moradores [&hellip;]<\/p>\n","protected":false},"author":1,"featured_media":0,"comment_status":"open","ping_status":"open","sticky":false,"template":"","format":"standard","meta":{"footnotes":""},"categories":[],"tags":[],"class_list":["post-5862","post","type-post","status-publish","format-standard","hentry"],"_links":{"self":[{"href":"https:\/\/aguaslindasnoticias.com.br\/index.php\/wp-json\/wp\/v2\/posts\/5862","targetHints":{"allow":["GET"]}}],"collection":[{"href":"https:\/\/aguaslindasnoticias.com.br\/index.php\/wp-json\/wp\/v2\/posts"}],"about":[{"href":"https:\/\/aguaslindasnoticias.com.br\/index.php\/wp-json\/wp\/v2\/types\/post"}],"author":[{"embeddable":true,"href":"https:\/\/aguaslindasnoticias.com.br\/index.php\/wp-json\/wp\/v2\/users\/1"}],"replies":[{"embeddable":true,"href":"https:\/\/aguaslindasnoticias.com.br\/index.php\/wp-json\/wp\/v2\/comments?post=5862"}],"version-history":[{"count":0,"href":"https:\/\/aguaslindasnoticias.com.br\/index.php\/wp-json\/wp\/v2\/posts\/5862\/revisions"}],"wp:attachment":[{"href":"https:\/\/aguaslindasnoticias.com.br\/index.php\/wp-json\/wp\/v2\/media?parent=5862"}],"wp:term":[{"taxonomy":"category","embeddable":true,"href":"https:\/\/aguaslindasnoticias.com.br\/index.php\/wp-json\/wp\/v2\/categories?post=5862"},{"taxonomy":"post_tag","embeddable":true,"href":"https:\/\/aguaslindasnoticias.com.br\/index.php\/wp-json\/wp\/v2\/tags?post=5862"}],"curies":[{"name":"wp","href":"https:\/\/api.w.org\/{rel}","templated":true}]}}