{"id":5858,"date":"2023-01-04T10:15:41","date_gmt":"2023-01-04T13:15:41","guid":{"rendered":"https:\/\/aguaslindasnoticias.com.br\/index.php\/2023\/01\/04\/gdf-vai-investir-r-100-milhoes-na-cultura-e-reformar-a-sala-villa-lobos\/"},"modified":"2023-01-04T10:15:41","modified_gmt":"2023-01-04T13:15:41","slug":"gdf-vai-investir-r-100-milhoes-na-cultura-e-reformar-a-sala-villa-lobos","status":"publish","type":"post","link":"https:\/\/aguaslindasnoticias.com.br\/index.php\/2023\/01\/04\/gdf-vai-investir-r-100-milhoes-na-cultura-e-reformar-a-sala-villa-lobos\/","title":{"rendered":"GDF vai investir R$ 100 milh\u00f5es na cultura e reformar a Sala Villa-Lobos"},"content":{"rendered":"\n<p>Acordo com o BRB inclui apoio ao Festival de Bras\u00edlia do Cinema Brasileiro e&nbsp;\u00e0 Orquestra Sinf\u00f4nica, al\u00e9m de moderniza\u00e7\u00e3o e ocupa\u00e7\u00e3o de equipamentos p\u00fablicos<\/p>\n\n\n\n<p>Ian Ferraz, da Ag\u00eancia Bras\u00edlia | Edi\u00e7\u00e3o: Chico Neto<\/p>\n\n\n\n<p>O Governo do Distrito Federal (GDF) vai reformar a Sala Villa-Lobos do Teatro Nacional, modernizar a Orquestra Sinf\u00f4nica e investir em atividades no desenvolvimento dos equipamentos culturais. As medidas fazem parte de um programa da Secretaria de Cultura e Economia Criativa (Secec) e do Banco de Bras\u00edlia (BRB) que prev\u00ea o investimento de R$ 100 milh\u00f5es nos pr\u00f3ximos cinco anos. A assinatura do acordo ocorreu nesta segunda-feira (24), no Pal\u00e1cio do Buriti.<\/p>\n\n\n\n<figure class=\"wp-block-image\"><img decoding=\"async\" src=\"http:\/\/agenciabrasilia.df.gov.br\/wp-conteudo\/uploads\/2022\/10\/Dentro-1-17-scaled.jpg\" alt=\"\" class=\"wp-image-442979\"\/><figcaption>Al\u00e9m da reforma da Sala Villa-Lobos, o governador anunciou investimentos em outros importantes espa\u00e7os culturais do DF | Foto: Renato Alves\/Ag\u00eancia Bras\u00edlia<\/figcaption><\/figure>\n\n\n\n<blockquote class=\"wp-block-quote is-layout-flow wp-block-quote-is-layout-flow\"><p>\u201cEssa parceria trata de cuidar de outros espa\u00e7os culturais, com apoio do banco na parte t\u00e9cnica e na elabora\u00e7\u00e3o de projetos para que a gente possa investir cada vez mais na economia criativa\u201dGovernador Ibaneis Rocha<\/p><\/blockquote>\n\n\n\n<p>Chamado de BRB Cultural, o programa vai reformar, modernizar e ocupar com shows, pe\u00e7as teatrais e festivais importantes espa\u00e7os culturais de Bras\u00edlia. Est\u00e3o na lista Pante\u00e3o da P\u00e1tria, Espa\u00e7o Lucio Costa, os museus Hist\u00f3rico de Bras\u00edlia, da Liberdade Tancredo Neves, de Arte de Bras\u00edlia, do Catetinho, Nacional da Rep\u00fablica e Vivo da Mem\u00f3ria Candanga. O Festival de Bras\u00edlia do Cinema Brasileiro tamb\u00e9m ser\u00e1 apoiado pelo banco local.<\/p>\n\n\n\n<p>S\u00e3o medidas que, conforme atenta o governador Ibaneis Rocha, acompanham o investimento e o crescimento do setor cultural nos \u00faltimos anos: \u201cEssa parceria trata de cuidar de outros espa\u00e7os culturais, trata de um programa de empreendedorismo para a \u00e1rea cultural, com apoio do banco na parte t\u00e9cnica e na elabora\u00e7\u00e3o de projetos para que a gente possa investir cada vez mais na economia criativa do DF\u201d.<\/p>\n\n\n\n<figure><iframe src=\"https:\/\/www.youtube.com\/embed\/ISok2nhlNu4\" width=\"560\" height=\"315\" allowfullscreen=\"allowfullscreen\"><\/iframe><\/figure>\n\n\n\n<p><strong>Recursos pr\u00f3prios<\/strong><\/p>\n\n\n\n<p>Durante o evento de assinatura do documento, o governador tamb\u00e9m anunciou que o resultado da licita\u00e7\u00e3o para a reforma da Sala Martins Pena do Teatro Nacional ser\u00e1 divulgado na quarta-feira (26):&nbsp;\u201cInvestimos recursos pr\u00f3prios nessa obra; a licita\u00e7\u00e3o est\u00e1 sendo conclu\u00edda essa semana para que a gente comece pela Martins Pena, e agora o BRB assume a reforma da Sala Villa-Lobos e n\u00f3s vamos reformar todo o Teatro Nacional e devolv\u00ea-lo para a sociedade\u201d.<\/p>\n\n\n\n<blockquote class=\"wp-block-quote is-layout-flow wp-block-quote-is-layout-flow\"><p>R$ 100 milh\u00f5esser\u00e3o investidos pelo BRB nos segmentos culturais, nos pr\u00f3ximos cinco anos<\/p><\/blockquote>\n\n\n\n<p>O secret\u00e1rio de Cultura e Economia Criativa, Bartolomeu Rodrigues, classificou o momento como hist\u00f3rico, destacou os investimentos no DF e assegurou que o governo vai trabalhar para expandir as atividades culturais em todas as regi\u00f5es administrativas: \u201cSomente nos \u00faltimos dois anos, o governo investiu cerca de R$ 365,8 milh\u00f5es em cultura, sendo R$ 243 milh\u00f5es do FAC [Fundo de Apoio \u00e0 Cultura], R$ 103 milh\u00f5es de termos de fomento, R$ 17 milh\u00f5es em termos de colabora\u00e7\u00e3o e quase R$ 2 milh\u00f5es em premia\u00e7\u00f5es\u201d.<\/p>\n\n\n\n<p>Segundo o BRB, o apoio ao setor foi intimidado pela pandemia de covid-19, que necessitou o aporte de recursos em outras \u00e1reas. Agora, o banco considera o momento ideal para que a cultura e a arte sejam abra\u00e7adas de forma mais ampla.<\/p>\n\n\n\n<p>\u201cEssa vontade estava latente no trabalho do BRB, e juntos constru\u00edmos um amplo programa de apoio \u00e0 cultura e \u00e0 economia criativa\u201d, afirmou o presidente do BRB, Paulo Henrique Costa. \u201cNosso objetivo \u00e9 investir R$ 100 milh\u00f5es nos pr\u00f3ximos cinco anos, gerando assim desenvolvimento, emprego e renda, e fortalecendo Bras\u00edlia como um polo de atra\u00e7\u00e3o de entretenimento.\u201d<\/p>\n\n\n\n<p>Outra medida \u00e9 a isen\u00e7\u00e3o de tarifa e de todos os custos envolvendo a conta corrente dos benefici\u00e1rios de recursos culturais. \u201cO banco passa a isentar as tarifas, fazendo com que os recursos sejam aplicados diretamente na atividade final\u00edstica\u201d, explica o presidente do BRB.<\/p>\n","protected":false},"excerpt":{"rendered":"<p>Acordo com o BRB inclui apoio ao Festival de Bras\u00edlia do Cinema Brasileiro e&nbsp;\u00e0 Orquestra Sinf\u00f4nica, al\u00e9m de moderniza\u00e7\u00e3o e ocupa\u00e7\u00e3o de equipamentos p\u00fablicos Ian Ferraz, da Ag\u00eancia Bras\u00edlia | Edi\u00e7\u00e3o: Chico Neto O Governo do Distrito Federal (GDF) vai reformar a Sala Villa-Lobos do Teatro Nacional, modernizar a Orquestra Sinf\u00f4nica e investir em atividades [&hellip;]<\/p>\n","protected":false},"author":1,"featured_media":0,"comment_status":"open","ping_status":"open","sticky":false,"template":"","format":"standard","meta":{"footnotes":""},"categories":[],"tags":[],"class_list":["post-5858","post","type-post","status-publish","format-standard","hentry"],"_links":{"self":[{"href":"https:\/\/aguaslindasnoticias.com.br\/index.php\/wp-json\/wp\/v2\/posts\/5858","targetHints":{"allow":["GET"]}}],"collection":[{"href":"https:\/\/aguaslindasnoticias.com.br\/index.php\/wp-json\/wp\/v2\/posts"}],"about":[{"href":"https:\/\/aguaslindasnoticias.com.br\/index.php\/wp-json\/wp\/v2\/types\/post"}],"author":[{"embeddable":true,"href":"https:\/\/aguaslindasnoticias.com.br\/index.php\/wp-json\/wp\/v2\/users\/1"}],"replies":[{"embeddable":true,"href":"https:\/\/aguaslindasnoticias.com.br\/index.php\/wp-json\/wp\/v2\/comments?post=5858"}],"version-history":[{"count":0,"href":"https:\/\/aguaslindasnoticias.com.br\/index.php\/wp-json\/wp\/v2\/posts\/5858\/revisions"}],"wp:attachment":[{"href":"https:\/\/aguaslindasnoticias.com.br\/index.php\/wp-json\/wp\/v2\/media?parent=5858"}],"wp:term":[{"taxonomy":"category","embeddable":true,"href":"https:\/\/aguaslindasnoticias.com.br\/index.php\/wp-json\/wp\/v2\/categories?post=5858"},{"taxonomy":"post_tag","embeddable":true,"href":"https:\/\/aguaslindasnoticias.com.br\/index.php\/wp-json\/wp\/v2\/tags?post=5858"}],"curies":[{"name":"wp","href":"https:\/\/api.w.org\/{rel}","templated":true}]}}