{"id":5857,"date":"2023-01-04T10:15:41","date_gmt":"2023-01-04T13:15:41","guid":{"rendered":"https:\/\/aguaslindasnoticias.com.br\/index.php\/2023\/01\/04\/contra-o-etarismo-ccj-aprova-mudanca-de-pictograma-que-representa-idosos\/"},"modified":"2023-01-04T10:15:41","modified_gmt":"2023-01-04T13:15:41","slug":"contra-o-etarismo-ccj-aprova-mudanca-de-pictograma-que-representa-idosos","status":"publish","type":"post","link":"https:\/\/aguaslindasnoticias.com.br\/index.php\/2023\/01\/04\/contra-o-etarismo-ccj-aprova-mudanca-de-pictograma-que-representa-idosos\/","title":{"rendered":"Contra o etarismo, CCJ aprova mudan\u00e7a de pictograma que representa idosos"},"content":{"rendered":"\n<p>Foto: Reprodu\u00e7\u00e3o\/Web<\/p>\n\n\n\n<figure class=\"wp-block-image\"><img decoding=\"async\" src=\"https:\/\/www.cl.df.gov.br\/documents\/10162\/25630419\/Pictograma.jpg\/c75d599e-4752-b6ae-c0c1-00f4ef38b8ed?t=1666111356574\" alt=\"\"\/><\/figure>\n\n\n\n<p>Organiza\u00e7\u00e3o Mundial da Sa\u00fade (OMS) alerta que o comportamento preconceituoso contra idosos pode afetar negativamente a sa\u00fade f\u00edsica e mental dessa parcela da popula\u00e7\u00e3o<\/p>\n\n\n\n<p>A substitui\u00e7\u00e3o da imagem de um idoso curvado e de bengala para a de uma pessoa ereta com a sinaliza\u00e7\u00e3o 60+, objetivo do PL 2256\/2021, foi aprovada pela Comiss\u00e3o de Constitui\u00e7\u00e3o e Justi\u00e7a (CCJ) da C\u00e2mara Legislativa em reuni\u00e3o na manh\u00e3 desta ter\u00e7a-feira (18). O projeto, do deputado&nbsp;<a href=\"https:\/\/www.cl.df.gov.br\/web\/guest\/martins-machado-2019-2022\">Martins Machado<\/a>&nbsp;(Republicanos), prop\u00f5e a substitui\u00e7\u00e3o do pictograma atual de sinaliza\u00e7\u00e3o indicativa em vagas, assentos, filas, e outros que realizem servi\u00e7os priorit\u00e1rios \u00e0 pessoa idosa.&nbsp;<\/p>\n\n\n\n<p>De acordo com o texto, caber\u00e1 ao Executivo, por meio dos \u00f3rg\u00e3os competentes, realizar a substitui\u00e7\u00e3o das sinaliza\u00e7\u00f5es. Nos casos de sinaliza\u00e7\u00e3o indicativa realizada em vagas e placas, a substitui\u00e7\u00e3o poder\u00e1 se dar gradualmente, de acordo com a necessidade de manuten\u00e7\u00e3o da sinaliza\u00e7\u00e3o.<\/p>\n\n\n\n<p>Martins Machado justifica que a imagem atual denota preconceito contra os idosos. Contr\u00e1rio ao etarismo, ele lembra que o termo, segundo a Sociedade Brasileira de Geriatria e Gerontologia (SBGG), se refere a qualquer tipo de a\u00e7\u00e3o e pensamento que consista no preconceito, na intoler\u00e2ncia e na discrimina\u00e7\u00e3o contra pessoas com idade avan\u00e7ada.<\/p>\n\n\n\n<p>Em 2016, a Organiza\u00e7\u00e3o Mundial da Sa\u00fade (OMS), emitiu um comunicado alertando que o comportamento preconceituoso contra idosos pode afetar negativamente a sa\u00fade f\u00edsica e mental dessa parcela da popula\u00e7\u00e3o, acrescenta.<br>&nbsp;<\/p>\n\n\n\n<figure class=\"wp-block-image\"><img decoding=\"async\" src=\"https:\/\/www.cl.df.gov.br\/documents\/10162\/21129949\/1910833FR+%2810%29.jpg\/98f6283e-c485-456f-b258-31d922485d3a?t=1581702720000\" alt=\"\"\/><\/figure>\n\n\n\n<p><br>Segundo o distrital, com a mudan\u00e7a no logotipo, as placas continuar\u00e3o exercendo seu papel de instruir a popula\u00e7\u00e3o, mantendo clareza, objetividade e garantindo inviolabilidade \u00e0 autoestima e dignidade da popula\u00e7\u00e3o idosa, combatendo aos poucos o etarismo presente de forma enraizada na sociedade.<\/p>\n\n\n\n<p>Desse modo, nos espa\u00e7os onde houver pictograma que representa a pessoa idosa em posi\u00e7\u00e3o curvada deve ser substitu\u00eddo pela imagem baseada em uma figura que representa uma pessoa idosa em plena sa\u00fade, em posi\u00e7\u00e3o ereta.<br>&nbsp;<\/p>\n\n\n\n<h4 class=\"wp-block-heading\">Envelhecimento<\/h4>\n\n\n\n<p>Por sua vez, o relator da mat\u00e9ria na CCJ, deputado&nbsp;<a href=\"https:\/\/www.cl.df.gov.br\/web\/guest\/jose-gomes-2019-2022\">Jos\u00e9 Gomes<\/a>&nbsp;(PP), refor\u00e7ou que classificar o envelhecimento como \u201cvelhice\u201d \u00e9 atribuir ao tempo de vida de uma pessoa um diagn\u00f3stico de doen\u00e7a. Ao contr\u00e1rio do estigma e o \u201cidadismo\u201d, que \u00e9 o preconceito de idade, ele apoia caminhos para se reduzir o&nbsp;preconceito.<\/p>\n\n\n\n<p>J\u00e1 aprovado pela comiss\u00e3o de Economia, Or\u00e7amento e Finan\u00e7as (CEOF), o projeto segue agora para aprecia\u00e7\u00e3o do plen\u00e1rio da Casa.&nbsp;<\/p>\n\n\n\n<p>Participaram da reuni\u00e3o da CCJ, com transmiss\u00e3o ao vivo pela TV Distrital (canal 9.3) e&nbsp;<a href=\"http:\/\/%20https\/\/www.youtube.com\/watch?v=rfaPmSGII00&amp;list=PLgjufDVoPk_NJlqfd9x5KyI80FcsTb1eW&amp;index=1\">YouTube<\/a>, os deputados Jaqueline Silva (Agir), Professor Reginaldo Veras (PV), Daniel Donizet (PL), Martins Machado (Republicanos) e Jos\u00e9 Gomes (PP).<br>&nbsp;<\/p>\n\n\n\n<p><strong>Franci Moraes &#8211; Ag\u00eancia CLDF<\/strong><\/p>\n","protected":false},"excerpt":{"rendered":"<p>Foto: Reprodu\u00e7\u00e3o\/Web Organiza\u00e7\u00e3o Mundial da Sa\u00fade (OMS) alerta que o comportamento preconceituoso contra idosos pode afetar negativamente a sa\u00fade f\u00edsica e mental dessa parcela da popula\u00e7\u00e3o A substitui\u00e7\u00e3o da imagem de um idoso curvado e de bengala para a de uma pessoa ereta com a sinaliza\u00e7\u00e3o 60+, objetivo do PL 2256\/2021, foi aprovada pela Comiss\u00e3o [&hellip;]<\/p>\n","protected":false},"author":1,"featured_media":0,"comment_status":"open","ping_status":"open","sticky":false,"template":"","format":"standard","meta":{"footnotes":""},"categories":[],"tags":[],"class_list":["post-5857","post","type-post","status-publish","format-standard","hentry"],"_links":{"self":[{"href":"https:\/\/aguaslindasnoticias.com.br\/index.php\/wp-json\/wp\/v2\/posts\/5857","targetHints":{"allow":["GET"]}}],"collection":[{"href":"https:\/\/aguaslindasnoticias.com.br\/index.php\/wp-json\/wp\/v2\/posts"}],"about":[{"href":"https:\/\/aguaslindasnoticias.com.br\/index.php\/wp-json\/wp\/v2\/types\/post"}],"author":[{"embeddable":true,"href":"https:\/\/aguaslindasnoticias.com.br\/index.php\/wp-json\/wp\/v2\/users\/1"}],"replies":[{"embeddable":true,"href":"https:\/\/aguaslindasnoticias.com.br\/index.php\/wp-json\/wp\/v2\/comments?post=5857"}],"version-history":[{"count":0,"href":"https:\/\/aguaslindasnoticias.com.br\/index.php\/wp-json\/wp\/v2\/posts\/5857\/revisions"}],"wp:attachment":[{"href":"https:\/\/aguaslindasnoticias.com.br\/index.php\/wp-json\/wp\/v2\/media?parent=5857"}],"wp:term":[{"taxonomy":"category","embeddable":true,"href":"https:\/\/aguaslindasnoticias.com.br\/index.php\/wp-json\/wp\/v2\/categories?post=5857"},{"taxonomy":"post_tag","embeddable":true,"href":"https:\/\/aguaslindasnoticias.com.br\/index.php\/wp-json\/wp\/v2\/tags?post=5857"}],"curies":[{"name":"wp","href":"https:\/\/api.w.org\/{rel}","templated":true}]}}