{"id":5854,"date":"2023-01-04T10:15:41","date_gmt":"2023-01-04T13:15:41","guid":{"rendered":"https:\/\/aguaslindasnoticias.com.br\/index.php\/2023\/01\/04\/projeto-musica-nas-feiras-vai-ate-este-final-de-semana\/"},"modified":"2023-01-04T10:15:41","modified_gmt":"2023-01-04T13:15:41","slug":"projeto-musica-nas-feiras-vai-ate-este-final-de-semana","status":"publish","type":"post","link":"https:\/\/aguaslindasnoticias.com.br\/index.php\/2023\/01\/04\/projeto-musica-nas-feiras-vai-ate-este-final-de-semana\/","title":{"rendered":"Projeto M\u00fasica nas Feiras vai at\u00e9 este final de semana"},"content":{"rendered":"\n<h4 class=\"wp-block-heading\">Shows de artistas locais s\u00e3o abertos ao p\u00fablico nas feiras permanentes de Sobradinho, Sobradinho 2 e S\u00e3o Sebasti\u00e3o<\/h4>\n\n\n\n<p>Em sua reta final, o projeto M\u00fasica nas Feiras traz como destaque da programa\u00e7\u00e3o shows de Alberto Salgado e dupla Roniel e Rafael neste final de semana. Cantores de forr\u00f3, sertanejo e MPB se apresentar\u00e3o no s\u00e1bado e domingo (dias 22 e 23), das 11h \u00e0s 15h. Os shows s\u00e3o simult\u00e2neos nas feiras permanentes de Sobradinho, Sobradinho 2 e S\u00e3o Sebasti\u00e3o. A entrada \u00e9 gratuita.<\/p>\n\n\n\n<p>Ao longo de 18 finais de semana, cerca de 900 artistas ou grupos locais participaram desta segunda edi\u00e7\u00e3o do projeto, que contou com 324 apresenta\u00e7\u00f5es musicais. O projeto teve in\u00edcio em 18 de junho e \u00e9 de iniciativa do Grupo Cultural Azulim, que tem o objetivo de fomentar a cultura local, beneficiando feirantes e visitantes com a movimenta\u00e7\u00e3o nas feiras. O M\u00fasica nas Feiras conta com apoio da Secretaria de Cultura e Economia Criativa do DF.<\/p>\n\n\n\n<p><strong>Programa\u00e7\u00e3o de encerramento:<\/strong><\/p>\n\n\n\n<p><strong>S\u00e1bado, 22<\/strong><br>Neide Barros, Banda Line, Beto Gonzales &amp; Alex Paz (Sobradinho)<br>Joel Silva, Bonde Pared\u00e3o, Riel Reis convida Roniel &amp; Rafael (Sobradinho 2)<br>Mel Rodrigues, Banda Swing Capital, Daniel Dureg (S\u00e3o Sebasti\u00e3o)<\/p>\n\n\n\n<p><strong>Domingo, 23<\/strong><br>Lula de Lima, Alberto Salgado, Grupo Mariw\u00f4 (Sobradinho)<br>Berto &amp; Leo, Nildo Reis &amp; Jandy Mylla, Gael e Banda (Sobradinho 2)<br>Kallene Sampaio, Juninho Aipody, Amanda Alves &amp; Milene e Banda (S\u00e3o Sebasti\u00e3o)<\/p>\n\n\n\n<p><strong>Servi\u00e7o<\/strong>: 2\u00aa Edi\u00e7\u00e3o do Projeto M\u00fasica nas Feiras<\/p>\n\n\n\n<p><strong>Data:<\/strong>&nbsp;18 de junho a 23 de outubro de 2022<\/p>\n\n\n\n<p><strong>Hora:<\/strong>&nbsp;11h \u00e0s 15h<\/p>\n\n\n\n<p><strong>Local:<\/strong>&nbsp;feiras permanentes de Sobradinho, Sobradinho 2 e S\u00e3o Sebasti\u00e3o<\/p>\n\n\n\n<p><strong>Informa\u00e7\u00f5es<\/strong>: @musicanasfeiras (Instagram)<\/p>\n","protected":false},"excerpt":{"rendered":"<p>Shows de artistas locais s\u00e3o abertos ao p\u00fablico nas feiras permanentes de Sobradinho, Sobradinho 2 e S\u00e3o Sebasti\u00e3o Em sua reta final, o projeto M\u00fasica nas Feiras traz como destaque da programa\u00e7\u00e3o shows de Alberto Salgado e dupla Roniel e Rafael neste final de semana. Cantores de forr\u00f3, sertanejo e MPB se apresentar\u00e3o no s\u00e1bado [&hellip;]<\/p>\n","protected":false},"author":1,"featured_media":0,"comment_status":"open","ping_status":"open","sticky":false,"template":"","format":"standard","meta":{"footnotes":""},"categories":[],"tags":[],"class_list":["post-5854","post","type-post","status-publish","format-standard","hentry"],"_links":{"self":[{"href":"https:\/\/aguaslindasnoticias.com.br\/index.php\/wp-json\/wp\/v2\/posts\/5854","targetHints":{"allow":["GET"]}}],"collection":[{"href":"https:\/\/aguaslindasnoticias.com.br\/index.php\/wp-json\/wp\/v2\/posts"}],"about":[{"href":"https:\/\/aguaslindasnoticias.com.br\/index.php\/wp-json\/wp\/v2\/types\/post"}],"author":[{"embeddable":true,"href":"https:\/\/aguaslindasnoticias.com.br\/index.php\/wp-json\/wp\/v2\/users\/1"}],"replies":[{"embeddable":true,"href":"https:\/\/aguaslindasnoticias.com.br\/index.php\/wp-json\/wp\/v2\/comments?post=5854"}],"version-history":[{"count":0,"href":"https:\/\/aguaslindasnoticias.com.br\/index.php\/wp-json\/wp\/v2\/posts\/5854\/revisions"}],"wp:attachment":[{"href":"https:\/\/aguaslindasnoticias.com.br\/index.php\/wp-json\/wp\/v2\/media?parent=5854"}],"wp:term":[{"taxonomy":"category","embeddable":true,"href":"https:\/\/aguaslindasnoticias.com.br\/index.php\/wp-json\/wp\/v2\/categories?post=5854"},{"taxonomy":"post_tag","embeddable":true,"href":"https:\/\/aguaslindasnoticias.com.br\/index.php\/wp-json\/wp\/v2\/tags?post=5854"}],"curies":[{"name":"wp","href":"https:\/\/api.w.org\/{rel}","templated":true}]}}