{"id":5852,"date":"2023-01-04T10:15:41","date_gmt":"2023-01-04T13:15:41","guid":{"rendered":"https:\/\/aguaslindasnoticias.com.br\/index.php\/2023\/01\/04\/projeto-incentiva-o-reaproveitamento-de-podas-de-arvores\/"},"modified":"2023-01-04T10:15:41","modified_gmt":"2023-01-04T13:15:41","slug":"projeto-incentiva-o-reaproveitamento-de-podas-de-arvores","status":"publish","type":"post","link":"https:\/\/aguaslindasnoticias.com.br\/index.php\/2023\/01\/04\/projeto-incentiva-o-reaproveitamento-de-podas-de-arvores\/","title":{"rendered":"Projeto incentiva o reaproveitamento de podas de \u00e1rvores"},"content":{"rendered":"\n<p>Iniciativa desenvolvida pelo Bras\u00edlia Ambiental e pelo IFB avalia o potencial de res\u00edduos de material lenhoso descartados para uso em produtos tecnol\u00f3gicos e de design<\/p>\n\n\n\n<p>Ag\u00eancia Bras\u00edlia* | Edi\u00e7\u00e3o: Rosualdo Rodrigues&nbsp;O Instituto Bras\u00edlia Ambiental e o Instituto Federal de Educa\u00e7\u00e3o, Ci\u00eancia e Tecnologia de Bras\u00edlia (IFB) v\u00eam desenvolvendo, por meio do Acordo de Coopera\u00e7\u00e3o T\u00e9cnica (ACT 22\/2018), projeto para incentivar o reaproveitamento de podas de \u00e1rvores.<\/p>\n\n\n\n<p>A iniciativa, chamada Diagn\u00f3stico do potencial de agrega\u00e7\u00e3o de valor no reaproveitamento de res\u00edduos s\u00f3lidos de car\u00e1ter lenhoso do Distrito Federal, tem como objetivo a an\u00e1lise de uso dos res\u00edduos s\u00f3lidos descartados em espa\u00e7os p\u00fablicos e unidades de conserva\u00e7\u00e3o, a fim de garantir o tratamento adequado e reaproveitamento da poda de indiv\u00edduos arb\u00f3reos em produtos tecnol\u00f3gicos e de design.<\/p>\n\n\n\n<figure class=\"wp-block-image\"><img decoding=\"async\" src=\"http:\/\/agenciabrasilia.df.gov.br\/wp-conteudo\/uploads\/2022\/10\/Foto-Paulo-H.-Carvalho-_-Agencia-Brasilia.jpg\" alt=\"\" class=\"wp-image-439915\"\/><figcaption>Parte do material resultante de podas \u00e9 enviado para an\u00e1lise de potencial e desenvolvimento de produtos tecnol\u00f3gicos | Foto: Paulo H. Carvalho\/ Ag\u00eancia Bras\u00edlia<\/figcaption><\/figure>\n\n\n\n<p>Na primeira etapa de execu\u00e7\u00e3o do projeto, foram contatados \u00f3rg\u00e3os do Governo do Distrito Federal (GDF) envolvidos no gerenciamento das opera\u00e7\u00f5es de manuten\u00e7\u00e3o arb\u00f3rea em espa\u00e7os p\u00fablicos abertos e \u00e1reas verdes protegidas.<\/p>\n\n\n\n<p>Ao \u00f3rg\u00e3o ambiental cabe o fornecimento de informa\u00e7\u00f5es qualitativas e quantitativas da gest\u00e3o das unidades de conserva\u00e7\u00e3o quanto \u00e0s opera\u00e7\u00f5es de podas e manuten\u00e7\u00e3o de \u00e1rvores, periodicidade das opera\u00e7\u00f5es, destina\u00e7\u00e3o do material, al\u00e9m de acompanhamento e apoio das a\u00e7\u00f5es do IFB nesses espa\u00e7os.<\/p>\n\n\n\n<p>\u201cDessa forma, quando h\u00e1 efetiva\u00e7\u00e3o de podas de manuten\u00e7\u00e3o, onde se extraem galhos, os agentes de unidades de conserva\u00e7\u00e3o (UCs) entram em contato com a respons\u00e1vel pelo projeto. Parte do material \u00e9 enviada para an\u00e1lise de potencial e desenvolvimento de produtos tecnol\u00f3gicos, que visam agrega\u00e7\u00e3o de valor aos res\u00edduos, contribuindo para o desenvolvimento sustent\u00e1vel do DF\u201d, explica a agente de UCs do Bras\u00edlia Ambiental, Ana Paula Camelo.<\/p>\n\n\n\n<p>Em andamento desde 2020, o projeto, que tamb\u00e9m conta com apoio do Departamento de Engenharia Florestal da Universidade de Bras\u00edlia (UnB) e do Laborat\u00f3rio de Produtos Florestais do Servi\u00e7o Florestal Brasileiro, teve diversas atividades remanejadas e reajustadas em fun\u00e7\u00e3o da pandemia de covid-19. Atualmente, est\u00e1 em fase de confec\u00e7\u00e3o dos produtos, a partir das amostras coletadas, para an\u00e1lise da potencialidade tecnol\u00f3gica e econ\u00f4mica dos materiais.<\/p>\n\n\n\n<p>Al\u00e9m dos benef\u00edcios ambientais e de pesquisa, o estudo contribui para a forma\u00e7\u00e3o profissional no DF, contando com o envolvimento de diversos discentes de cursos do IFB e da UnB, como forma de promover o engajamento, desenvolvimento e aperfei\u00e7oamento acad\u00eamico e cient\u00edfico.<\/p>\n\n\n\n<p>A previs\u00e3o \u00e9 de que o trabalho atual seja conclu\u00eddo ainda em 2022, mas com a possibilidade de que estudos futuros, sobre outras vertentes deste campo de pesquisa, sejam realizados.<\/p>\n\n\n\n<p><em>*Com informa\u00e7\u00f5es do Bras\u00edlia Ambiental<\/em><\/p>\n","protected":false},"excerpt":{"rendered":"<p>Iniciativa desenvolvida pelo Bras\u00edlia Ambiental e pelo IFB avalia o potencial de res\u00edduos de material lenhoso descartados para uso em produtos tecnol\u00f3gicos e de design Ag\u00eancia Bras\u00edlia* | Edi\u00e7\u00e3o: Rosualdo Rodrigues&nbsp;O Instituto Bras\u00edlia Ambiental e o Instituto Federal de Educa\u00e7\u00e3o, Ci\u00eancia e Tecnologia de Bras\u00edlia (IFB) v\u00eam desenvolvendo, por meio do Acordo de Coopera\u00e7\u00e3o T\u00e9cnica [&hellip;]<\/p>\n","protected":false},"author":1,"featured_media":0,"comment_status":"open","ping_status":"open","sticky":false,"template":"","format":"standard","meta":{"footnotes":""},"categories":[],"tags":[],"class_list":["post-5852","post","type-post","status-publish","format-standard","hentry"],"_links":{"self":[{"href":"https:\/\/aguaslindasnoticias.com.br\/index.php\/wp-json\/wp\/v2\/posts\/5852","targetHints":{"allow":["GET"]}}],"collection":[{"href":"https:\/\/aguaslindasnoticias.com.br\/index.php\/wp-json\/wp\/v2\/posts"}],"about":[{"href":"https:\/\/aguaslindasnoticias.com.br\/index.php\/wp-json\/wp\/v2\/types\/post"}],"author":[{"embeddable":true,"href":"https:\/\/aguaslindasnoticias.com.br\/index.php\/wp-json\/wp\/v2\/users\/1"}],"replies":[{"embeddable":true,"href":"https:\/\/aguaslindasnoticias.com.br\/index.php\/wp-json\/wp\/v2\/comments?post=5852"}],"version-history":[{"count":0,"href":"https:\/\/aguaslindasnoticias.com.br\/index.php\/wp-json\/wp\/v2\/posts\/5852\/revisions"}],"wp:attachment":[{"href":"https:\/\/aguaslindasnoticias.com.br\/index.php\/wp-json\/wp\/v2\/media?parent=5852"}],"wp:term":[{"taxonomy":"category","embeddable":true,"href":"https:\/\/aguaslindasnoticias.com.br\/index.php\/wp-json\/wp\/v2\/categories?post=5852"},{"taxonomy":"post_tag","embeddable":true,"href":"https:\/\/aguaslindasnoticias.com.br\/index.php\/wp-json\/wp\/v2\/tags?post=5852"}],"curies":[{"name":"wp","href":"https:\/\/api.w.org\/{rel}","templated":true}]}}