{"id":5849,"date":"2023-01-04T10:15:41","date_gmt":"2023-01-04T13:15:41","guid":{"rendered":"https:\/\/aguaslindasnoticias.com.br\/index.php\/2023\/01\/04\/sistema-de-transporte-do-df-conta-com-21-novos-onibus\/"},"modified":"2023-01-04T10:15:41","modified_gmt":"2023-01-04T13:15:41","slug":"sistema-de-transporte-do-df-conta-com-21-novos-onibus","status":"publish","type":"post","link":"https:\/\/aguaslindasnoticias.com.br\/index.php\/2023\/01\/04\/sistema-de-transporte-do-df-conta-com-21-novos-onibus\/","title":{"rendered":"Sistema de transporte do DF conta com 21 novos \u00f4nibus"},"content":{"rendered":"\n<p>Ve\u00edculos come\u00e7aram a rodar em duas novas linhas e refor\u00e7am atendimento em outras sete<\/p>\n\n\n\n<p>Ag\u00eancia Bras\u00edlia* | Edi\u00e7\u00e3o: Rosualdo Rodrigues&nbsp;Os usu\u00e1rios de transporte p\u00fablico coletivo da Bacia 1 ganharam mais 21 novos \u00f4nibus no sistema. Dez ve\u00edculos j\u00e1 come\u00e7aram a rodar na regi\u00e3o de Planaltina e o restante ser\u00e1 alocado nos pr\u00f3ximos dias. A nova frota est\u00e1 circulando em duas novas linhas que foram criadas, ligando a Est\u00e2ncia (Condom\u00ednio Total Ville) \u00e0s avenidas W3 Sul e Norte e aos eixos Norte e Sul. Al\u00e9m disso, foi refor\u00e7ado o atendimento de outras sete linhas nas regi\u00f5es de Sobradinho, Plano Piloto e Arapoanga.<\/p>\n\n\n\n<figure class=\"wp-block-image\"><img decoding=\"async\" src=\"http:\/\/agenciabrasilia.df.gov.br\/wp-conteudo\/uploads\/2022\/10\/Foto-Ascom-Semob-DF-1-1.jpeg\" alt=\"\" class=\"wp-image-439638\"\/><figcaption>Dez ve\u00edculos j\u00e1 come\u00e7aram a rodar na regi\u00e3o de Planaltina e o restante ser\u00e1 alocado nos pr\u00f3ximos dias | Foto: Ascom\/ Semob-DF<\/figcaption><\/figure>\n\n\n\n<p>O secret\u00e1rio de Transporte e Mobilidade, Valter Casimiro, explica que a circula\u00e7\u00e3o dos dez novos coletivos faz parte da primeira etapa de aloca\u00e7\u00e3o dos novos ve\u00edculos adquiridos pela empresa Piracicabana. \u201cA secretaria fez um estudo que identificou a necessidade de amplia\u00e7\u00e3o de frota na regi\u00e3o de Planaltina e determinou \u00e0 empresa que comprasse novos coletivos para melhorar a oferta de transporte p\u00fablico disponibilizada aos moradores\u201d, conclui.<\/p>\n\n\n\n<p>As novas linhas criadas que come\u00e7aram a circular s\u00e3o a 642.3, fazendo o trajeto Est\u00e2ncia (Condom\u00ednio Total Ville) \/W3 Norte e Sul, e a 600.5, percorrendo a rota Est\u00e2ncia (Condom\u00ednio Total Ville) \/Eixo Norte e Sul. J\u00e1 as linhas que receberam refor\u00e7o de \u00f4nibus s\u00e3o as 0.643, 643.1, 642.1, 600.3, 062.5,115.1 e 115.2.<\/p>\n\n\n\n<p>A nova linha 642.3 far\u00e1 opera\u00e7\u00e3o de segunda a sexta-feira, com sa\u00eddas \u00e0s 5h15 e \u00e0s 5h40 do Condom\u00ednio Total Ville. A 600.5 tamb\u00e9m atender\u00e1 os passageiros em dias \u00fateis com partidas do Condom\u00ednio Total Ville \u00e0s 5h05 e \u00e0s 5h35. Os hor\u00e1rios, itiner\u00e1rios e mapas das linhas est\u00e3o dispon\u00edveis no&nbsp;<a href=\"https:\/\/dfnoponto.semob.df.gov.br\/\" target=\"_blank\" rel=\"noreferrer noopener\">site DF no Ponto<\/a>.<\/p>\n\n\n\n<p><strong>Servi\u00e7o<\/strong><br>In\u00edcio da opera\u00e7\u00e3o de dez novos \u00f4nibus, cria\u00e7\u00e3o e refor\u00e7o de linhas<br>\u2013 Nova linha 642.3 \u2013 Est\u00e2ncia (Condom\u00ednio Total Ville) \/W3 Norte e Sul \u2013 Hor\u00e1rios de segunda a sexta, partindo do Condom\u00ednio Total Ville: 5h15 e 5h40<br>\u2013 Nova linha 600.5 \u2013 Est\u00e2ncia (Condom\u00ednio Total Ville) \/Eixo Norte e Sul \u2013 Hor\u00e1rios de segunda a sexta, partindo do Condom\u00ednio Total Ville: 5h05 e 5h35<br>\u2013 Linhas que receberam refor\u00e7o de frota: 0.643, 643.1, 642.1, 600.3, 062.5, 115.1 e 115.2<\/p>\n\n\n\n<p><em>*Com informa\u00e7\u00f5es da Secretaria de Transporte e Mobilidade do DF<\/em><\/p>\n","protected":false},"excerpt":{"rendered":"<p>Ve\u00edculos come\u00e7aram a rodar em duas novas linhas e refor\u00e7am atendimento em outras sete Ag\u00eancia Bras\u00edlia* | Edi\u00e7\u00e3o: Rosualdo Rodrigues&nbsp;Os usu\u00e1rios de transporte p\u00fablico coletivo da Bacia 1 ganharam mais 21 novos \u00f4nibus no sistema. Dez ve\u00edculos j\u00e1 come\u00e7aram a rodar na regi\u00e3o de Planaltina e o restante ser\u00e1 alocado nos pr\u00f3ximos dias. A nova [&hellip;]<\/p>\n","protected":false},"author":1,"featured_media":0,"comment_status":"open","ping_status":"open","sticky":false,"template":"","format":"standard","meta":{"footnotes":""},"categories":[],"tags":[],"class_list":["post-5849","post","type-post","status-publish","format-standard","hentry"],"_links":{"self":[{"href":"https:\/\/aguaslindasnoticias.com.br\/index.php\/wp-json\/wp\/v2\/posts\/5849","targetHints":{"allow":["GET"]}}],"collection":[{"href":"https:\/\/aguaslindasnoticias.com.br\/index.php\/wp-json\/wp\/v2\/posts"}],"about":[{"href":"https:\/\/aguaslindasnoticias.com.br\/index.php\/wp-json\/wp\/v2\/types\/post"}],"author":[{"embeddable":true,"href":"https:\/\/aguaslindasnoticias.com.br\/index.php\/wp-json\/wp\/v2\/users\/1"}],"replies":[{"embeddable":true,"href":"https:\/\/aguaslindasnoticias.com.br\/index.php\/wp-json\/wp\/v2\/comments?post=5849"}],"version-history":[{"count":0,"href":"https:\/\/aguaslindasnoticias.com.br\/index.php\/wp-json\/wp\/v2\/posts\/5849\/revisions"}],"wp:attachment":[{"href":"https:\/\/aguaslindasnoticias.com.br\/index.php\/wp-json\/wp\/v2\/media?parent=5849"}],"wp:term":[{"taxonomy":"category","embeddable":true,"href":"https:\/\/aguaslindasnoticias.com.br\/index.php\/wp-json\/wp\/v2\/categories?post=5849"},{"taxonomy":"post_tag","embeddable":true,"href":"https:\/\/aguaslindasnoticias.com.br\/index.php\/wp-json\/wp\/v2\/tags?post=5849"}],"curies":[{"name":"wp","href":"https:\/\/api.w.org\/{rel}","templated":true}]}}