{"id":5848,"date":"2023-01-04T10:15:41","date_gmt":"2023-01-04T13:15:41","guid":{"rendered":"https:\/\/aguaslindasnoticias.com.br\/index.php\/2023\/01\/04\/parque-ecologico-de-aguas-claras-ganha-11-bancos-e-mesas-de-madeira\/"},"modified":"2023-01-04T10:15:41","modified_gmt":"2023-01-04T13:15:41","slug":"parque-ecologico-de-aguas-claras-ganha-11-bancos-e-mesas-de-madeira","status":"publish","type":"post","link":"https:\/\/aguaslindasnoticias.com.br\/index.php\/2023\/01\/04\/parque-ecologico-de-aguas-claras-ganha-11-bancos-e-mesas-de-madeira\/","title":{"rendered":"Parque Ecol\u00f3gico de \u00c1guas Claras ganha 11 bancos e mesas de madeira"},"content":{"rendered":"\n<p>Os novos equipamentos foram instalados no gramado, ao longo da pista de exerc\u00edcios, e finalizados com verniz n\u00e1utico, mais resistente \u00e0 \u00e1gua<\/p>\n\n\n\n<p>Catarina Lima, da Ag\u00eancia Bras\u00edlia | Edi\u00e7\u00e3o: Rosualdo Rodrigues&nbsp;O Parque Ecol\u00f3gico \u00c1guas Claras acaba de ganhar 11 conjuntos de bancos e mesas, instalados no gramado, pr\u00f3ximo \u00e0 pista de exerc\u00edcios. A ideia de disponibilizar os equipamentos aos frequentadores do parque foi do t\u00e9cnico de atividades de meio ambiente do Instituto Bras\u00edlia Ambiental Jos\u00e9 Reis, que trabalha na unidade de conserva\u00e7\u00e3o.<\/p>\n\n\n\n<figure class=\"wp-block-image\"><img decoding=\"async\" src=\"http:\/\/agenciabrasilia.df.gov.br\/wp-conteudo\/uploads\/2022\/10\/Dentro-1-5.jpg\" alt=\"\" class=\"wp-image-439682\"\/><figcaption>A empres\u00e1ria Ricca Batista escolheu o espa\u00e7o para fazer o lan\u00e7amento de sua marca de caf\u00e9s gourmet | Fotos: Geovana Albuquerque\/ Ag\u00eancia Bras\u00edlia<\/figcaption><\/figure>\n\n\n\n<p>Reis explicou que a madeira foi comprada com recursos provenientes de pec\u00fanias destinadas pelo Tribunal de Justi\u00e7a do Distrito Federal e Territ\u00f3rios (TJDFT), tendo a confec\u00e7\u00e3o dos bancos ficado a cargo de brigadistas que trabalhavam no local e possu\u00edam conhecimento de marcenaria.<\/p>\n\n\n\n<p>Com pouco mais de uma semana de instalados, os bancos e mesas j\u00e1 ca\u00edram no gosto dos frequentadores do Parque de \u00c1guas Claras, como a empres\u00e1ria Ricca Batista, 39 anos, que escolheu o espa\u00e7o para fazer o lan\u00e7amento de sua marca de caf\u00e9s gourmet. Ela e a equipe aproveitaram o conjunto de mesa e bancos para expor os produtos.<\/p>\n\n\n\n<p>\u201cSou moradora daqui e frequentadora do parque. Esses bancos aproveitaram muito bem a estrutura j\u00e1 existente. Eles tornam o local mais aconchegante. Para mim, chegou em boa hora; estou lan\u00e7ando minha marca de caf\u00e9, e a primeira coisa que pensei quando decidi realizar o evento aqui no parque foi utilizar as mesas e bancos\u201d, destacou a empres\u00e1ria.<\/p>\n\n\n\n<figure class=\"wp-block-image\"><img decoding=\"async\" src=\"http:\/\/agenciabrasilia.df.gov.br\/wp-conteudo\/uploads\/2022\/10\/Maria-da-Conceicao-aposentada-2.jpg\" alt=\"\" class=\"wp-image-439685\"\/><figcaption>Para a aposentada Maria da Concei\u00e7\u00e3o Pereira, os novos bancos e mesas foram uma ideia maravilhosa: \u201cAgora \u00e9 poss\u00edvel parar para fazer um lanche, descansar\u201d<\/figcaption><\/figure>\n\n\n\n<p>Quando iniciou o projeto, Jos\u00e9 Reis pensou justamente em proporcionar mais conforto e op\u00e7\u00f5es para os usu\u00e1rios do Parque de \u00c1guas Claras. \u201cS\u00e3o 15 quil\u00f4metros de pista, vi que havia a necessidade de pontos onde as pessoas pudessem descansar, parar para conversar\u201d, disse.<\/p>\n\n\n\n<p>A confec\u00e7\u00e3o dos equipamentos durou um ano. Segundo o servidor do Bras\u00edlia Ambiental, os bancos e mesas s\u00e3o feitos com madeira resistente, com 30 cent\u00edmetros de largura e cinco de espessura. Para o acabamento, foi usado o verniz n\u00e1utico, mais resistente \u00e0 \u00e1gua.<\/p>\n\n\n\n<p>A servidora aposentada Maria da Concei\u00e7\u00e3o Pereira, 73, moradora de \u00c1guas Claras h\u00e1 tr\u00eas anos e frequentadora do parque, tamb\u00e9m aprovou os novos bancos e mesas. \u201cA instala\u00e7\u00e3o desse material foi uma ideia maravilhosa. Agora \u00e9 poss\u00edvel parar para fazer um lanche, descansar. Agora mesmo, passando por aqui, eu estava pensando em sentar\u201d, disse ela, apontando para um dos bancos. Maria da Concei\u00e7\u00e3o caminhava com seu c\u00e3ozinho enquanto a filha dava aulas de ioga.<\/p>\n\n\n\n<p>O Parque de \u00c1guas Claras tem 95,4 hectares e est\u00e1 localizado em uma \u00e1rea de prote\u00e7\u00e3o ambiental na Regi\u00e3o Administrativa de \u00c1guas Claras, ao lado da resid\u00eancia oficial do governador do Distrito Federal. A unidade foi inaugurada em 15 de maio de 2000 e \u00e9 gerida pelo Instituto Bras\u00edlia Ambiental.<\/p>\n","protected":false},"excerpt":{"rendered":"<p>Os novos equipamentos foram instalados no gramado, ao longo da pista de exerc\u00edcios, e finalizados com verniz n\u00e1utico, mais resistente \u00e0 \u00e1gua Catarina Lima, da Ag\u00eancia Bras\u00edlia | Edi\u00e7\u00e3o: Rosualdo Rodrigues&nbsp;O Parque Ecol\u00f3gico \u00c1guas Claras acaba de ganhar 11 conjuntos de bancos e mesas, instalados no gramado, pr\u00f3ximo \u00e0 pista de exerc\u00edcios. A ideia de [&hellip;]<\/p>\n","protected":false},"author":1,"featured_media":0,"comment_status":"open","ping_status":"open","sticky":false,"template":"","format":"standard","meta":{"footnotes":""},"categories":[],"tags":[],"class_list":["post-5848","post","type-post","status-publish","format-standard","hentry"],"_links":{"self":[{"href":"https:\/\/aguaslindasnoticias.com.br\/index.php\/wp-json\/wp\/v2\/posts\/5848","targetHints":{"allow":["GET"]}}],"collection":[{"href":"https:\/\/aguaslindasnoticias.com.br\/index.php\/wp-json\/wp\/v2\/posts"}],"about":[{"href":"https:\/\/aguaslindasnoticias.com.br\/index.php\/wp-json\/wp\/v2\/types\/post"}],"author":[{"embeddable":true,"href":"https:\/\/aguaslindasnoticias.com.br\/index.php\/wp-json\/wp\/v2\/users\/1"}],"replies":[{"embeddable":true,"href":"https:\/\/aguaslindasnoticias.com.br\/index.php\/wp-json\/wp\/v2\/comments?post=5848"}],"version-history":[{"count":0,"href":"https:\/\/aguaslindasnoticias.com.br\/index.php\/wp-json\/wp\/v2\/posts\/5848\/revisions"}],"wp:attachment":[{"href":"https:\/\/aguaslindasnoticias.com.br\/index.php\/wp-json\/wp\/v2\/media?parent=5848"}],"wp:term":[{"taxonomy":"category","embeddable":true,"href":"https:\/\/aguaslindasnoticias.com.br\/index.php\/wp-json\/wp\/v2\/categories?post=5848"},{"taxonomy":"post_tag","embeddable":true,"href":"https:\/\/aguaslindasnoticias.com.br\/index.php\/wp-json\/wp\/v2\/tags?post=5848"}],"curies":[{"name":"wp","href":"https:\/\/api.w.org\/{rel}","templated":true}]}}