{"id":5847,"date":"2023-01-04T10:15:41","date_gmt":"2023-01-04T13:15:41","guid":{"rendered":"https:\/\/aguaslindasnoticias.com.br\/index.php\/2023\/01\/04\/alunos-do-cef-308-de-santa-maria-aprendem-a-cozinhar-e-a-empreender\/"},"modified":"2023-01-04T10:15:41","modified_gmt":"2023-01-04T13:15:41","slug":"alunos-do-cef-308-de-santa-maria-aprendem-a-cozinhar-e-a-empreender","status":"publish","type":"post","link":"https:\/\/aguaslindasnoticias.com.br\/index.php\/2023\/01\/04\/alunos-do-cef-308-de-santa-maria-aprendem-a-cozinhar-e-a-empreender\/","title":{"rendered":"Alunos do CEF 308 de Santa Maria aprendem a cozinhar e a empreender"},"content":{"rendered":"\n<p>Mais de 3 mil estudantes j\u00e1 participaram do projeto; aulas ministradas em escola integral envolvem atualmente 170 jovens<\/p>\n\n\n\n<p>L\u00facio Fl\u00e1vio e L\u00edvia Braz, da Ag\u00eancia Bras\u00edlia I Edi\u00e7\u00e3o: D\u00e9bora Cronemberger&nbsp;Uma iniciativa de abrir o apetite. Assim \u00e9 o projeto de culin\u00e1ria do Centro de Ensino Fundamental 308 de Santa Maria, que desde 2012 vem estimulando alunos n\u00e3o apenas a cozinhar \u2013 com a garotada colocando, literalmente, a m\u00e3o na massa -, mas tamb\u00e9m a ter no\u00e7\u00f5es de empreendedorismo e a n\u00e3o desperdi\u00e7ar alimentos.<\/p>\n\n\n\n<figure><iframe src=\"https:\/\/www.youtube.com\/embed\/GlLPNnTtrzY\" width=\"560\" height=\"315\" allowfullscreen=\"allowfullscreen\"><\/iframe><\/figure>\n\n\n\n<p>Atualmente, 170 alunos do terceiro ao nono ano da escola participam das atividades, que v\u00e3o desde o preparo de biscoitos, bolos, doces e salgados a receitas ex\u00f3ticas e saborosas, como farofas de talos de verduras e de casca de banana, al\u00e9m de deliciosa geleia de morango levemente apimentada.<\/p>\n\n\n\n<p>\u201cO projeto nasceu quando percebemos a dificuldade que os alunos tinham para comer, de ter algo diferente, que chamasse a aten\u00e7\u00e3o dos alunos\u201d, conta a diretora da institui\u00e7\u00e3o, Ana M\u00e1rcia Ribeiro Sales.<\/p>\n\n\n\n<figure class=\"wp-block-image\"><img decoding=\"async\" src=\"http:\/\/agenciabrasilia.df.gov.br\/wp-conteudo\/uploads\/2022\/10\/Dentro-3-1-scaled.jpg\" alt=\"\" class=\"wp-image-439364\"\/><figcaption>Mais de 3 mil estudantes da escola j\u00e1 participaram das aulas de culin\u00e1ria, aprendendo a preparar receitas e tamb\u00e9m a n\u00e3o desperdi\u00e7ar alimentos | Fotos: L\u00facio Bernardo Jr\/Ag\u00eancia Bras\u00edlia<\/figcaption><\/figure>\n\n\n\n<p>\u201cEnt\u00e3o surgiu a ideia de fazer essas receitas feitas a partir de sobras de alimentos da cantina da escola. Ao inv\u00e9s de desperdi\u00e7ar, utilizamos tudo para um bem comum, aproveitando na produ\u00e7\u00e3o de tortas, doces, sobremesas ap\u00f3s o lanche\u201d, diz.<\/p>\n\n\n\n<p>Mais de 3 mil estudantes da escola j\u00e1 passaram pelo projeto, que conta com o apoio da Regional de Ensino de Santa Maria. O aluno n\u00e3o precisa levar nada de casa para participar da l\u00fadica oficina de culin\u00e1ria. As doa\u00e7\u00f5es dos ingredientes e materiais s\u00e3o feitas pelos pr\u00f3prios professores e coordenadores de ensino, mas o p\u00fablico externo tamb\u00e9m pode colaborar.<\/p>\n\n\n\n<figure class=\"wp-block-image\"><img decoding=\"async\" src=\"http:\/\/agenciabrasilia.df.gov.br\/wp-conteudo\/uploads\/2022\/10\/Ioni-Pereira-Professora-300x199.jpg\" alt=\"\" class=\"wp-image-439361\"\/><figcaption>A professora Ioni Pereira Coelho de Oliveira \u00e9 a coordenadora da educa\u00e7\u00e3o integral do CEF 308 de Santa Maria<\/figcaption><\/figure>\n\n\n\n<p>A respons\u00e1vel direta por ensinar os meninos e meninas a preparar as receitas e a dividir o p\u00e3o com colegas, professores e pais \u00e9 Ioni Pereira Coelho de Oliveira, professora de atividades e coordenadora de educa\u00e7\u00e3o integral do CEF 308 de Santa Maria.<\/p>\n\n\n\n<p>Mineira da Serra do Salitre h\u00e1 quase 30 anos morando em Luzi\u00e2nia, ela uniu em um mesmo card\u00e1pio o talento de cozinhar quitutes de dar \u00e1gua na boca com a voca\u00e7\u00e3o de ensinar. N\u00e3o foi f\u00e1cil, mas hoje o aroma e o tempero de suas ideias e ensinamentos t\u00eam conquistado alunos e pais, servindo de refer\u00eancia para outras escolas.<\/p>\n\n\n\n<p>Tanto que, no pr\u00f3ximo dia 26, das 8h \u00e0s 11h30, a professora vai compartilhar sua experi\u00eancia nutritiva \u2013 incluindo sua especialidade, o bolo da felicidade \u2013 com outros profissionais de escolas integral, durante evento na Regional de Ensino de Santa Maria.<\/p>\n","protected":false},"excerpt":{"rendered":"<p>Mais de 3 mil estudantes j\u00e1 participaram do projeto; aulas ministradas em escola integral envolvem atualmente 170 jovens L\u00facio Fl\u00e1vio e L\u00edvia Braz, da Ag\u00eancia Bras\u00edlia I Edi\u00e7\u00e3o: D\u00e9bora Cronemberger&nbsp;Uma iniciativa de abrir o apetite. Assim \u00e9 o projeto de culin\u00e1ria do Centro de Ensino Fundamental 308 de Santa Maria, que desde 2012 vem estimulando [&hellip;]<\/p>\n","protected":false},"author":1,"featured_media":0,"comment_status":"open","ping_status":"open","sticky":false,"template":"","format":"standard","meta":{"footnotes":""},"categories":[],"tags":[],"class_list":["post-5847","post","type-post","status-publish","format-standard","hentry"],"_links":{"self":[{"href":"https:\/\/aguaslindasnoticias.com.br\/index.php\/wp-json\/wp\/v2\/posts\/5847","targetHints":{"allow":["GET"]}}],"collection":[{"href":"https:\/\/aguaslindasnoticias.com.br\/index.php\/wp-json\/wp\/v2\/posts"}],"about":[{"href":"https:\/\/aguaslindasnoticias.com.br\/index.php\/wp-json\/wp\/v2\/types\/post"}],"author":[{"embeddable":true,"href":"https:\/\/aguaslindasnoticias.com.br\/index.php\/wp-json\/wp\/v2\/users\/1"}],"replies":[{"embeddable":true,"href":"https:\/\/aguaslindasnoticias.com.br\/index.php\/wp-json\/wp\/v2\/comments?post=5847"}],"version-history":[{"count":0,"href":"https:\/\/aguaslindasnoticias.com.br\/index.php\/wp-json\/wp\/v2\/posts\/5847\/revisions"}],"wp:attachment":[{"href":"https:\/\/aguaslindasnoticias.com.br\/index.php\/wp-json\/wp\/v2\/media?parent=5847"}],"wp:term":[{"taxonomy":"category","embeddable":true,"href":"https:\/\/aguaslindasnoticias.com.br\/index.php\/wp-json\/wp\/v2\/categories?post=5847"},{"taxonomy":"post_tag","embeddable":true,"href":"https:\/\/aguaslindasnoticias.com.br\/index.php\/wp-json\/wp\/v2\/tags?post=5847"}],"curies":[{"name":"wp","href":"https:\/\/api.w.org\/{rel}","templated":true}]}}