{"id":5846,"date":"2023-01-04T10:15:41","date_gmt":"2023-01-04T13:15:41","guid":{"rendered":"https:\/\/aguaslindasnoticias.com.br\/index.php\/2023\/01\/04\/vacinacao-de-caes-e-gatos-registra-recorde\/"},"modified":"2023-01-04T10:15:41","modified_gmt":"2023-01-04T13:15:41","slug":"vacinacao-de-caes-e-gatos-registra-recorde","status":"publish","type":"post","link":"https:\/\/aguaslindasnoticias.com.br\/index.php\/2023\/01\/04\/vacinacao-de-caes-e-gatos-registra-recorde\/","title":{"rendered":"Vacina\u00e7\u00e3o de c\u00e3es e gatos registra recorde"},"content":{"rendered":"\n<p>Em 3 meses, campanha imunizou 229.126 animais em todo o DF. Se seu bichinho ficou de fora, confira onde buscar a vacina<\/p>\n\n\n\n<p>Ag\u00eancia Bras\u00edlia* | Edi\u00e7\u00e3o: Saulo Moreno<\/p>\n\n\n\n<figure class=\"wp-block-image\"><img decoding=\"async\" src=\"http:\/\/agenciabrasilia.df.gov.br\/wp-conteudo\/uploads\/2022\/10\/Vacinacao-antirrabica.-Foto-Tony-Winston-Agencia-Saude-DF-5-300x206.jpg\" alt=\"\" class=\"wp-image-439703\"\/><figcaption>Tutores tiveram op\u00e7\u00f5es para levar os bichinhos de estima\u00e7\u00e3o em escolas, pra\u00e7as, estabelecimentos privados, universidades e at\u00e9 em um posto de drive-thru | Foto: Tony Winston \/ Ag\u00eancia Sa\u00fade DF<\/figcaption><\/figure>\n\n\n\n<p>A campanha de vacina\u00e7\u00e3o antirr\u00e1bica para c\u00e3es e gatos no Distrito Federal bateu recorde em 2022. Entre os dias 6 de julho e 1\u00ba de outubro foram imunizados 229.126 animais, sendo 186.664 caninos e 42.462 felinos. A Secretaria de Sa\u00fade realizou vacina\u00e7\u00e3o em escolas, pra\u00e7as, estabelecimentos privados, universidades e at\u00e9 em um posto de drive-thru.<\/p>\n\n\n\n<p>\u201cA cobertura vacinal de c\u00e3es e gatos no DF atingiu grandes n\u00fameros de modo a proteger a popula\u00e7\u00e3o contra a raiva\u201d, afirma o diretor substituto da Vigil\u00e2ncia Ambiental em Sa\u00fade, Laur\u00edcio Monteiro Cruz. O recorde anterior havia sido em 2012, com 222.226 animais vacinados.<\/p>\n\n\n\n<figure class=\"wp-block-image\"><img decoding=\"async\" src=\"http:\/\/agenciabrasilia.df.gov.br\/wp-conteudo\/uploads\/2022\/10\/09.07.2022-Vacinacao-Antirrabica-Alexandre-Campelo-e-Miguel-Campelo-foto-Sandro-Araujo-3.jpg\" alt=\"\" class=\"wp-image-439699\"\/><figcaption>Entre os dias 6 de julho e 1\u00ba de outubro foram imunizados 229.126 animais, sendo 186.664 caninos e 42.462 felinos | Foto: Sandro Ara\u00fajo \/ Ag\u00eancia Sa\u00fade DF<\/figcaption><\/figure>\n\n\n\n<p>Em 2022, o Distrito Federal registrou seu segundo caso de raiva transmitido para humanos. O anterior havia sido em 1978. Com isso, a campanha foi antecipada e intensificada, com o envio de doses extras de vacina pelo Minist\u00e9rio da Sa\u00fade.<\/p>\n\n\n\n<p><strong>Vacina\u00e7\u00e3o continua<\/strong><\/p>\n\n\n\n<p>Apesar do encerramento da campanha de vacina\u00e7\u00e3o, c\u00e3es e gatos a partir dos tr\u00eas meses de vida podem ser imunizados de segunda a sexta-feira (dias \u00fateis) em um dos N\u00facleos Regionais de Vigil\u00e2ncia Ambiental. A lista com os endere\u00e7os e hor\u00e1rios est\u00e1 dispon\u00edvel em&nbsp;<a href=\"https:\/\/www.saude.df.gov.br\/vacinacao-antirrabica\">Vacina\u00e7\u00e3o Antirr\u00e1bica \u2013 Secretaria de Sa\u00fade do Distrito Federal<\/a>.<\/p>\n\n\n\n<blockquote class=\"wp-block-quote is-layout-flow wp-block-quote-is-layout-flow\"><p>\u201cA cobertura vacinal de c\u00e3es e gatos no DF atingiu grandes n\u00fameros de modo a proteger a popula\u00e7\u00e3o contra a raiva\u201dLaur\u00edcio Monteiro Cruz, diretor substituto da Vigil\u00e2ncia Ambiental em Sa\u00fade<\/p><\/blockquote>\n\n\n\n<p><strong>Raiva<\/strong><br>A raiva \u00e9 uma doen\u00e7a infecciosa viral aguda que pode ser transmitida aos humanos por mordidas, lambidas ou arranh\u00f5es de animais infectados. Em praticamente 100% dos casos, o desfecho \u00e9 o \u00f3bito.<\/p>\n\n\n\n<p>No caso de uma mordida de um c\u00e3o ou gato, mesmo que o animal seja vacinado, \u00e9 necess\u00e1rio lavar imediatamente o ferimento com \u00e1gua e sab\u00e3o em barra, procurar uma Unidade B\u00e1sica de Sa\u00fade (UBS) e comunicar \u00e0 Diretoria de Vigil\u00e2ncia Ambiental em Sa\u00fade pelo Disque Sa\u00fade, no n\u00famero 160. Al\u00e9m disso, o animal n\u00e3o deve ser morto, e sim deixado em observa\u00e7\u00e3o durante 10 dias, em local seguro, para n\u00e3o fugir nem atacar pessoas ou outros animais.<\/p>\n\n\n\n<p><strong>Confira os locais de vacina\u00e7\u00e3o<\/strong><br>\u2013 DIVAL \u2013 Diretoria de Vigil\u00e2ncia Ambiental em Sa\u00fade<br>AENW, Trecho 2, Lote 4 \u2013 Noroeste (ao lado do Hospital da Crian\u00e7a)<br>Segunda a sexta-feira, das 9h \u00e0s 17h<\/p>\n\n\n\n<p>\u2013 N\u00facleo Regional de Vigil\u00e2ncia Ambiental de Brazl\u00e2ndia<\/p>\n\n\n\n<p>\u00c1rea Especial 04, Lote 09, Setor Tradicional (ao lado da administra\u00e7\u00e3o regional)<br>Segunda a sexta-feira, das 8h \u00e0s 12h e das 13h \u00e0s 17h<\/p>\n\n\n\n<p>\u2013 N\u00facleo Regional de Vigil\u00e2ncia Ambiental de Ceil\u00e2ndia<br>QNM 15, M\u00f3dulo D \u2013 \u00c1rea Especial<br>Segunda a sexta-feira, das 8h30 \u00e0s 11h30 e das 13h30 \u00e0s 16h30<\/p>\n\n\n\n<p>\u2013 N\u00facleo Regional de Vigil\u00e2ncia Ambiental do Gama<br>\u00c1rea Especial 7 \u2013 Setor Central lado leste<br>Segunda a sexta-feira, das 8h30 \u00e0s 11h30 e das 13h30 \u00e0s 16h30<\/p>\n\n\n\n<p>\u2013 N\u00facleo Regional de Vigil\u00e2ncia Ambiental do Guar\u00e1<br>Endere\u00e7o: QE 12 \u2013 \u00c1rea Especial Lote B (em frente ao Centro Esp\u00edrita Andr\u00e9 Luiz)<br>Segunda a sexta-feira, das 8h30 \u00e0s 16h<\/p>\n\n\n\n<p>\u2013 N\u00facleo Regional de Vigil\u00e2ncia Ambiental do N\u00facleo Bandeirante<br>Terceira Avenida AE 03 \u2013 Inspetoria de Sa\u00fade<br>\u00c0s ter\u00e7as, quartas e quintas-feiras, das 9h \u00e0s 12h<\/p>\n\n\n\n<p>\u2013 N\u00facleo Regional de Vigil\u00e2ncia Ambiental do Parano\u00e1<br>Quadra 3 \u2013 \u00c1rea Especial, Lote 7<br>Segunda a sexta-feira, das 9h \u00e0s 16h<\/p>\n\n\n\n<p>\u2013 N\u00facleo Regional de Vigil\u00e2ncia Ambiental de Planaltina<br>Quadra 2 \u2013 Bloco J, Avenida Independ\u00eancia<br>Segunda a sexta-feira, das 9h \u00e0s 17h<\/p>\n\n\n\n<p>\u2013 N\u00facleo Regional de Vigil\u00e2ncia Ambiental do Recanto das Emas<br>Quadra 104\/105, Lote 3 \u2013 \u00c1rea Especial Setor Hospitalar<br>Segunda a sexta-feira, das 9h \u00e0s 17h<\/p>\n\n\n\n<p>\u2013 N\u00facleo Regional de Vigil\u00e2ncia Ambiental de Samambaia<br>Quadra 302 \u2013 \u00c1rea Especial, anexo da administra\u00e7\u00e3o regional<br>Segunda a sexta-feira, das 8h30 \u00e0s 11h30 e das 14h \u00e0s 16h30<\/p>\n\n\n\n<p>\u2013 N\u00facleo Regional de Vigil\u00e2ncia Ambiental de Santa Maria<br>QR 100, Conjunto T, Lote 3 \u2013 atr\u00e1s do hospital<br>Segunda a sexta-feira, das 9h \u00e0s 17h<\/p>\n\n\n\n<p>\u2013 N\u00facleo Regional de Vigil\u00e2ncia Ambiental de S\u00e3o Sebasti\u00e3o<br>Rua 47A, Lote 50<br>Segunda a sexta-feira, das 9h \u00e0s 17h<\/p>\n\n\n\n<p>\u2013 N\u00facleo Regional de Vigil\u00e2ncia Ambiental de Sobradinho<br>Setor Administrativo e Cultural, Quadra Central \u2013 ao lado do F\u00f3rum<br>Segunda a sexta-feira, das 8h \u00e0s 17h<\/p>\n\n\n\n<p>\u2013 N\u00facleo Regional de Vigil\u00e2ncia Ambiental de Taguatinga<br>QSE 11\/13 AE<br>Segunda a sexta-feira, das 9h \u00e0s 12h e das 13h \u00e0s 16<\/p>\n\n\n\n<p><em>*Com informa\u00e7\u00f5es da Secretaria de Sa\u00fade do DF<\/em><\/p>\n","protected":false},"excerpt":{"rendered":"<p>Em 3 meses, campanha imunizou 229.126 animais em todo o DF. Se seu bichinho ficou de fora, confira onde buscar a vacina Ag\u00eancia Bras\u00edlia* | Edi\u00e7\u00e3o: Saulo Moreno A campanha de vacina\u00e7\u00e3o antirr\u00e1bica para c\u00e3es e gatos no Distrito Federal bateu recorde em 2022. Entre os dias 6 de julho e 1\u00ba de outubro foram [&hellip;]<\/p>\n","protected":false},"author":1,"featured_media":0,"comment_status":"open","ping_status":"open","sticky":false,"template":"","format":"standard","meta":{"footnotes":""},"categories":[],"tags":[],"class_list":["post-5846","post","type-post","status-publish","format-standard","hentry"],"_links":{"self":[{"href":"https:\/\/aguaslindasnoticias.com.br\/index.php\/wp-json\/wp\/v2\/posts\/5846","targetHints":{"allow":["GET"]}}],"collection":[{"href":"https:\/\/aguaslindasnoticias.com.br\/index.php\/wp-json\/wp\/v2\/posts"}],"about":[{"href":"https:\/\/aguaslindasnoticias.com.br\/index.php\/wp-json\/wp\/v2\/types\/post"}],"author":[{"embeddable":true,"href":"https:\/\/aguaslindasnoticias.com.br\/index.php\/wp-json\/wp\/v2\/users\/1"}],"replies":[{"embeddable":true,"href":"https:\/\/aguaslindasnoticias.com.br\/index.php\/wp-json\/wp\/v2\/comments?post=5846"}],"version-history":[{"count":0,"href":"https:\/\/aguaslindasnoticias.com.br\/index.php\/wp-json\/wp\/v2\/posts\/5846\/revisions"}],"wp:attachment":[{"href":"https:\/\/aguaslindasnoticias.com.br\/index.php\/wp-json\/wp\/v2\/media?parent=5846"}],"wp:term":[{"taxonomy":"category","embeddable":true,"href":"https:\/\/aguaslindasnoticias.com.br\/index.php\/wp-json\/wp\/v2\/categories?post=5846"},{"taxonomy":"post_tag","embeddable":true,"href":"https:\/\/aguaslindasnoticias.com.br\/index.php\/wp-json\/wp\/v2\/tags?post=5846"}],"curies":[{"name":"wp","href":"https:\/\/api.w.org\/{rel}","templated":true}]}}