{"id":5845,"date":"2023-01-04T10:15:41","date_gmt":"2023-01-04T13:15:41","guid":{"rendered":"https:\/\/aguaslindasnoticias.com.br\/index.php\/2023\/01\/04\/reeleito-deputado-que-quer-proibir-linguagem-neutra-nas-escolas-do-df\/"},"modified":"2023-01-04T10:15:41","modified_gmt":"2023-01-04T13:15:41","slug":"reeleito-deputado-que-quer-proibir-linguagem-neutra-nas-escolas-do-df","status":"publish","type":"post","link":"https:\/\/aguaslindasnoticias.com.br\/index.php\/2023\/01\/04\/reeleito-deputado-que-quer-proibir-linguagem-neutra-nas-escolas-do-df\/","title":{"rendered":"Reeleito deputado que quer proibir linguagem neutra nas escolas do DF"},"content":{"rendered":"\n<figure class=\"wp-block-image size-large\"><img decoding=\"async\" src=\"http:\/\/claricegulyas.com.br\/wp-content\/uploads\/2022\/10\/iolando-1024x683.jpg\" alt=\"\" class=\"wp-image-10936\"\/><\/figure>\n\n\n\n<p><em>Com foco na defesa da fam\u00edlia e das pessoas com defici\u00eancia, morador de Brazl\u00e2ndia refor\u00e7a time de Ibaneis na CLDF<\/em><\/p>\n\n\n\n<p>Membro da igreja evang\u00e9lica Assembleia de Deus, Iolando Almeida (MDB) acaba de ser reeleito com 20.757 votos para a C\u00e2mara Legislativa. O deputado \u00e9 autor do projeto de lei 2303\/2021, que quer proibir a linguagem neutra nas escolas p\u00fablicas e privadas do Distrito Federal. Caso a proposta seja aprovada, professores ser\u00e3o impedidos de induzir alunos a usar palavras, como &#8220;elo&#8221;, &#8220;delo&#8221;, &#8220;todes&#8221; e &#8220;menines&#8221;.<\/p>\n\n\n\n<p>Outra iniciativa pol\u00eamica do parlamentar \u00e9 a lei 7.049\/2022, de sua autoria, que obriga escolas a comunicar a autoridades casos de gravidez de alunas com menos de 14 anos. Iolando ajudou na regulariza\u00e7\u00e3o de terrenos religiosos e na realiza\u00e7\u00e3o de eventos tradicionais de Brazl\u00e2ndia, como as festas da goiaba e do morango.<\/p>\n\n\n\n<p>No legislativo local, o distrital \u00e9 o principal representante das pessoas com defici\u00eancia. Foi ele quem articulou a cria\u00e7\u00e3o da Secretaria da Pessoa com Defici\u00eancia, em 2019, e criou o Estatuto da Pessoa com Defici\u00eancia (6.637\/2020) e o cart\u00e3o de identifica\u00e7\u00e3o para pessoa com defici\u00eancia (lei 6.809\/21).<\/p>\n\n\n\n<p>&#8220;Vencemos gra\u00e7as a Deus! Agrade\u00e7o aos 20.757 eleitores pelo voto de confian\u00e7a; e a todos que de alguma forma contribu\u00edram para o sucesso da nossa reelei\u00e7\u00e3o. Vamos juntos! A voz da inclus\u00e3o continua firme na C\u00e2mara Legislativa do DF.&#8221;, agradeceu Iolando em suas redes sociais.<\/p>\n\n\n\n<p><strong>Biografia<\/strong><\/p>\n\n\n\n<p>Iolando Almeida \u00e9 deputado distrital e Primeiro-secret\u00e1rio da Mesa Diretora da C\u00e2mara Legislativa do DF. Graduado em Teologia e Filosofia pela Universidade Cat\u00f3lica de Bras\u00edlia, o distrital \u00e9 membro da Igreja Evang\u00e9lica Assembleia de Deus de Bras\u00edlia. Filho de pais nordestinos, ele \u00e9 casado, pai de dois filhos e morador de Brazl\u00e2ndia desde que nasceu.<\/p>\n\n\n\n<p>Aos 12 anos come\u00e7ou a trabalhar e aos 18 realizou o grande sonho de sua vida, ingressou nas For\u00e7as Armadas Brasileiras (FAB). Com muito orgulho come\u00e7ou a servir seu pa\u00eds, mas um tr\u00e1gico acidente mudou completamente a sua vida. Mesmo vencendo muitas batalhas nas diversas cirurgias, o acidente lhe causou danos irrepar\u00e1veis, com a perda total dos movimentos do bra\u00e7o direito. Ele foi aposentado pela FAB em 2003. Trabalhou como assessor parlamentar por 10 anos na C\u00e2mara Legislativa. Tamb\u00e9m fundou a Uni\u00e3o Brasileira de Pessoa com Defici\u00eancia (UBRAPOD) para ajudar o segmento da pessoa com defici\u00eancia e foi um importante l\u00edder comunit\u00e1rio em Brazl\u00e2ndia, sua cidade.<\/p>\n\n\n\n<p>Em 2006, Iolando deu in\u00edcio a sua trajet\u00f3ria pol\u00edtica e foi eleito em 2018. Foi por iniciativa do deputado Iolando junto ao Governo do Distrito Federal a cria\u00e7\u00e3o da primeira Secretaria da Pessoa com Defici\u00eancia no Distrito Federal, um marco para o segmento da pessoa com defici\u00eancia. Tamb\u00e9m foi eleito Primeiro-secret\u00e1rio da Mesa Diretora da Casa para o bi\u00eanio 2019\/20 e reeleito para o pr\u00f3ximo bi\u00eanio 2021\/22.<\/p>\n","protected":false},"excerpt":{"rendered":"<p>Com foco na defesa da fam\u00edlia e das pessoas com defici\u00eancia, morador de Brazl\u00e2ndia refor\u00e7a time de Ibaneis na CLDF Membro da igreja evang\u00e9lica Assembleia de Deus, Iolando Almeida (MDB) acaba de ser reeleito com 20.757 votos para a C\u00e2mara Legislativa. O deputado \u00e9 autor do projeto de lei 2303\/2021, que quer proibir a linguagem [&hellip;]<\/p>\n","protected":false},"author":1,"featured_media":0,"comment_status":"open","ping_status":"open","sticky":false,"template":"","format":"standard","meta":{"footnotes":""},"categories":[],"tags":[],"class_list":["post-5845","post","type-post","status-publish","format-standard","hentry"],"_links":{"self":[{"href":"https:\/\/aguaslindasnoticias.com.br\/index.php\/wp-json\/wp\/v2\/posts\/5845","targetHints":{"allow":["GET"]}}],"collection":[{"href":"https:\/\/aguaslindasnoticias.com.br\/index.php\/wp-json\/wp\/v2\/posts"}],"about":[{"href":"https:\/\/aguaslindasnoticias.com.br\/index.php\/wp-json\/wp\/v2\/types\/post"}],"author":[{"embeddable":true,"href":"https:\/\/aguaslindasnoticias.com.br\/index.php\/wp-json\/wp\/v2\/users\/1"}],"replies":[{"embeddable":true,"href":"https:\/\/aguaslindasnoticias.com.br\/index.php\/wp-json\/wp\/v2\/comments?post=5845"}],"version-history":[{"count":0,"href":"https:\/\/aguaslindasnoticias.com.br\/index.php\/wp-json\/wp\/v2\/posts\/5845\/revisions"}],"wp:attachment":[{"href":"https:\/\/aguaslindasnoticias.com.br\/index.php\/wp-json\/wp\/v2\/media?parent=5845"}],"wp:term":[{"taxonomy":"category","embeddable":true,"href":"https:\/\/aguaslindasnoticias.com.br\/index.php\/wp-json\/wp\/v2\/categories?post=5845"},{"taxonomy":"post_tag","embeddable":true,"href":"https:\/\/aguaslindasnoticias.com.br\/index.php\/wp-json\/wp\/v2\/tags?post=5845"}],"curies":[{"name":"wp","href":"https:\/\/api.w.org\/{rel}","templated":true}]}}