{"id":5843,"date":"2023-01-04T10:15:41","date_gmt":"2023-01-04T13:15:41","guid":{"rendered":"https:\/\/aguaslindasnoticias.com.br\/index.php\/2023\/01\/04\/conheca-o-perfil-dos-24-novos-distritais-eleitos-para-2023\/"},"modified":"2023-01-04T10:15:41","modified_gmt":"2023-01-04T13:15:41","slug":"conheca-o-perfil-dos-24-novos-distritais-eleitos-para-2023","status":"publish","type":"post","link":"https:\/\/aguaslindasnoticias.com.br\/index.php\/2023\/01\/04\/conheca-o-perfil-dos-24-novos-distritais-eleitos-para-2023\/","title":{"rendered":"Conhe\u00e7a o perfil dos 24 novos distritais eleitos para 2023"},"content":{"rendered":"\n<p>Foto: Carlos Gandra\/CLDF<\/p>\n\n\n\n<figure class=\"wp-block-image\"><img decoding=\"async\" src=\"https:\/\/www.cl.df.gov.br\/documents\/10162\/26126004\/2211377CG+%285%29.jpg\/d36b9dc1-4e95-4e7e-87a4-7211e7675876?t=1664552964799\" alt=\"\"\/><\/figure>\n\n\n\n<p>Parlamentares eleitos tomam posse dia 1\u00b0 de janeiro e ser\u00e3o os representantes dos cidad\u00e3os do Distrito Federal na C\u00e2mara Legislativa at\u00e9 o final de 2026<\/p>\n\n\n\n<p>Os eleitores do&nbsp;Distrito Federal escolheram neste domingo (2)&nbsp;<a href=\"https:\/\/www.cl.df.gov.br\/web\/guest\/-\/-eleicoes-2022-renovacao-na-cldf-chega-a-50-dos-distritais-e-ha-um-novo-campeao-de-votos?redirect=%2Fweb%2Fguest%2Fmais-lidas\">seus representantes para a nona Legislatura da C\u00e2mara Legislativa (2023-2026)<\/a>. Conhe\u00e7a&nbsp;mais&nbsp;sobre os novos deputados distritais que, al\u00e9m de criar Leis do DF, v\u00e3o fiscalizar o Poder Executivo pelos&nbsp;pr\u00f3ximos quatro anos.<\/p>\n\n\n\n<p>Ao clicar no nome de cada candidato, voc\u00ea tem acesso aos dados do Tribunal Superior Eleitoral, que incluem a presta\u00e7\u00e3o de contas dos recursos financeiros utilizados na campanha.<\/p>\n\n\n\n<figure><iframe src=\"https:\/\/www.instagram.com\/reel\/CjO5-2AgahS\/embed\/\" width=\"400\" height=\"660\"><\/iframe><\/figure>\n\n\n\n<figure class=\"wp-block-image\"><img decoding=\"async\" src=\"https:\/\/www.cl.df.gov.br\/documents\/10162\/26113759\/F%C3%A1bio+Felix.jpg\/a9aadc55-e1c4-cbcb-ad56-448e60bd4fde?t=1664309623656\" alt=\"\"\/><\/figure>\n\n\n\n<p><strong>1 &#8211;<\/strong>&nbsp;<a href=\"https:\/\/divulgacandcontas.tse.jus.br\/divulga\/#\/candidato\/2022\/2040602022\/DF\/70001601758\">F\u00e1bio F\u00e9lix \u2013 PSOL<\/a>&nbsp;&#8211; 51.792&nbsp;votos<br><br>Reeleito para o segundo mandato na CLDF com a maior vota\u00e7\u00e3o da hist\u00f3ria, F\u00e1bio F\u00e9lix (PSOL) \u00e9 assistente social, servidor do sistema socioeducativo, ativista LGBTQIA+ e professor. Natural de Bras\u00edlia, \u00e9 o primeiro deputado distrital a declarar-se gay. Durante o mandato, foi presidente da Comiss\u00e3o de Direitos Humanos, da Comiss\u00e3o da Vacina e relator da CPI do Feminic\u00eddio.<\/p>\n\n\n\n<figure class=\"wp-block-image\"><img decoding=\"async\" src=\"https:\/\/www.cl.df.gov.br\/documents\/10162\/26113759\/Chico+Vigilante.jpg\/a6f286bd-2902-6796-02ba-f17b7eedbca0?t=1664309621594\" alt=\"\"\/><\/figure>\n\n\n\n<p><strong>2 &#8211;<\/strong>&nbsp;<a href=\"https:\/\/divulgacandcontas.tse.jus.br\/divulga\/#\/candidato\/2022\/2040602022\/DF\/70001596100%C2%A0\">Chico Vigilante \u2013 PT<\/a>&nbsp;&#8211; 43.854&nbsp;votos<br>Maranhense, mudou-se para Bras\u00edlia em 1977 e sua vida p\u00fablica come\u00e7ou em 1979 com a cria\u00e7\u00e3o da Associa\u00e7\u00e3o dos Vigilantes do DF, que depois se tornou sindicato, entidade presidida por Chico Vigilante entre 1984 e 1990. Entre 1990 e 1994, foi eleito deputado federal pelo DF. Ocupa atualmente uma das cadeiras da C\u00e2mara Legislativa, cargo para o qual foi eleito diversas vezes.&nbsp;<\/p>\n\n\n\n<figure class=\"wp-block-image\"><img decoding=\"async\" src=\"https:\/\/www.cl.df.gov.br\/documents\/10162\/26113759\/Max+Maciel.jpg\/60abcd59-415d-a2e1-ff01-1d644bf9553b?t=1664309625766\" alt=\"\"\/><\/figure>\n\n\n\n<p><strong>3 &#8211;<\/strong>&nbsp;<a href=\"https:\/\/divulgacandcontas.tse.jus.br\/divulga\/#\/candidato\/2022\/2040602022\/DF\/70001601757\">Max Maciel \u2013 Psol<\/a>&nbsp;&#8211; 35.758&nbsp;votos<br>O pedagogo e ativista social Max Maciel chega \u00e0 C\u00e2mara Legislativa em sua segunda campanha ao cargo de deputado distrital. Com o lema \u201cA periferia \u00e9 o centro\u201d, o ceilandense \u2013 que atua h\u00e1 mais de 20 anos na defesa dos direitos da juventude \u2013 apresentou propostas para o passe livre estudantil, descentraliza\u00e7\u00e3o da cultura, fortalecimento do empreendedorismo local e sa\u00fade p\u00fablica.<\/p>\n\n\n\n<figure class=\"wp-block-image\"><img decoding=\"async\" src=\"https:\/\/www.cl.df.gov.br\/documents\/10162\/26113759\/Daniel+Donizet.jpg\/4833e36a-ec11-132c-5441-0989684137fa?t=1664309622125\" alt=\"\"\/><\/figure>\n\n\n\n<p><strong>4 &#8211;<\/strong>&nbsp;<a href=\"https:\/\/divulgacandcontas.tse.jus.br\/divulga\/#\/candidato\/2022\/2040602022\/DF\/70001615885%C2%A0\">Daniel Donizet \u2013 PL<\/a>&nbsp;&#8211; 33.573&nbsp;votos<br>Daniel Donizet \u00e9 deputado distrital desde 2019. Entre os temas levantados por ele na atual legislatura est\u00e3o: defesa dos animais, educa\u00e7\u00e3o, tecnologia, motoristas de aplicativo e melhorias do Gama, regi\u00e3o administrativa onde nasceu.<\/p>\n\n\n\n<figure class=\"wp-block-image\"><img decoding=\"async\" src=\"https:\/\/www.cl.df.gov.br\/documents\/10162\/26113759\/Martins+Machado.jpg\/63f4af3b-06f7-1f15-fd59-0e6d963826a3?t=1664309625625\" alt=\"\"\/><\/figure>\n\n\n\n<p><strong>5 &#8211;<\/strong>&nbsp;<a href=\"https:\/\/divulgacandcontas.tse.jus.br\/divulga\/#\/candidato\/2022\/2040602022\/DF\/70001616707\">Martins Machado \u2013 Republicanos<\/a>&nbsp;&#8211; 31.993&nbsp;votos<br>Nascido em S\u00e3o Paulo, Martins Machado \u00e9 pastor e radialista. Foi reeleito deputado distrital em campanha que teve como lema \u201cF\u00e9, For\u00e7a e Fam\u00edlia\u201d. Em 2018, quando disputou pela primeira vez uma cadeira no Legislativo local, foi o mais votado entre os candidatos. Esteve \u00e0 frente da Comiss\u00e3o de Assuntos Sociais desde o in\u00edcio de seu mandato, com exce\u00e7\u00e3o do per\u00edodo em que se licenciou para chefiar a Secretaria Extraordin\u00e1ria da Fam\u00edlia do GDF.<\/p>\n\n\n\n<figure class=\"wp-block-image\"><img decoding=\"async\" src=\"https:\/\/www.cl.df.gov.br\/documents\/10162\/26113759\/Rob%C3%A9rio+Negreiros.jpg\/4862963f-8a54-9321-1fab-78ad6f4c63c1?t=1664309628000\" alt=\"\"\/><\/figure>\n\n\n\n<p><strong>6 &#8211;<\/strong>&nbsp;<a href=\"https:\/\/divulgacandcontas.tse.jus.br\/divulga\/#\/candidato\/2022\/2040602022\/DF\/70001654541\">Rob\u00e9rio Negreiros \u2013 PSD<\/a>&nbsp;&#8211; 31.341&nbsp;votos<br>Eleito para o quarto mandato, o deputado \u00e9 autor de 78 leis e 419 projetos. Empres\u00e1rio, bacharel em Direito com MBA em Gest\u00e3o P\u00fablica, Rob\u00e9rio Negreiros defende as bandeiras: jovens, gera\u00e7\u00e3o de emprego e renda, mulheres e pessoas com defici\u00eancia.<\/p>\n\n\n\n<p><img decoding=\"async\" src=\"https:\/\/www.cl.df.gov.br\/documents\/10162\/26113759\/Jorge+Vianna.jpg\/f278f573-6321-d45e-87bf-9a85aa4783b7?t=1664309624969\"><strong>7 &#8211;<\/strong>&nbsp;<a href=\"https:\/\/divulgacandcontas.tse.jus.br\/divulga\/#\/candidato\/2022\/2040602022\/DF\/70001654552\">Jorge Vianna \u2013 PSD<\/a>&nbsp;&#8211; 30.640&nbsp;votos<br>Reeleito deputado distrital, Jorge Vianna nasceu no Maranh\u00e3o e chegou ao DF com dois anos de idade. \u00c9 servidor da Secret\u00e1ria de Sa\u00fade, onde ocupa o cargo de t\u00e9cnico de enfermagem. Iniciou a vida pol\u00edtica em movimentos estudantis e esteve \u00e0 frente do Sindicato dos Auxiliares e T\u00e9cnicos em Enfermagem do Distrito Federal (Sindate-DF). No atual mandato na CLDF, tem integrado comiss\u00f5es permanentes como a de Educa\u00e7\u00e3o, Sa\u00fade e Cultura (CESC).<\/p>\n\n\n\n<figure class=\"wp-block-image\"><img decoding=\"async\" src=\"https:\/\/www.cl.df.gov.br\/documents\/10162\/26113759\/Jaqueline+Silva.jpg\/c3caad71-9617-cd82-f88b-fc4f66a86ad4?t=1664309624594\" alt=\"\"\/><\/figure>\n\n\n\n<p><strong>8 &#8211;<\/strong>&nbsp;<a href=\"https:\/\/divulgacandcontas.tse.jus.br\/divulga\/#\/candidato\/2022\/2040602022\/DF\/70001620312\">Jaqueline Silva \u2013 Agir<\/a>&nbsp;&#8211; 26.452&nbsp;votos<br>Jaqueline Silva volta \u00e0 CLDF em seu segundo mandato consecutivo. Nascida no Gama e moradora de Santa Maria, trabalhou como comerciante. Durante o atual mandato como deputada distrital, preside a Comiss\u00e3o de Constitui\u00e7\u00e3o e Justi\u00e7a (CCJ). Defende o setor produtivo, o empreendedorismo, direitos da mulher e a educa\u00e7\u00e3o, com iniciativas como o cart\u00e3o Material Escolar.&nbsp;<\/p>\n\n\n\n<p><img decoding=\"async\" src=\"https:\/\/www.cl.df.gov.br\/documents\/10162\/26113759\/Thiago+Manzoni.jpg\/161b03bc-000a-9836-3908-3fc69e4d413f?t=1664748293296\"><strong>9 &#8211;<\/strong>&nbsp;<a href=\"https:\/\/divulgacandcontas.tse.jus.br\/divulga\/#\/candidato\/2022\/2040602022\/DF\/70001615869\">Thiago Manzoni &#8211; PL&nbsp;<\/a>&nbsp;&#8211; 25.554&nbsp;votos<br>Thiago Manzoni (PL) \u00e9 advogado. Natural de Campo Grande (MS), chegou a Bras\u00edlia em 1990, com 6 anos de idade. Declara-se como crist\u00e3o e conservador. Fez campanha colocando-se como o distrital da deputada federal Bia Kicis (PL). Posiciona-se como contr\u00e1rio ao aborto, al\u00e9m de ser a favor da liberdade e da propriedade privada. Em 2018, foi candidato a deputado federal pelo Partido Novo e alcan\u00e7ou 11.610 votos.<\/p>\n\n\n\n<p><img decoding=\"async\" src=\"https:\/\/www.cl.df.gov.br\/documents\/10162\/26113759\/Eduardo.+Pedrosa.jpeg\/8f447c74-27df-b1fb-934c-55c3da272c05?t=1664750264521\"><strong>10 &#8211;<\/strong><a href=\"https:\/\/divulgacandcontas.tse.jus.br\/divulga\/#\/candidato\/2022\/2040602022\/DF\/70001609144\">&nbsp;Eduardo Pedrosa (Uni\u00e3o Brasil)<\/a>&nbsp;&#8211; 22.489 votos<br>Natural de Bras\u00edlia e formado em administra\u00e7\u00e3o de empresas, Eduardo Pedrosa (Uni\u00e3o Brasil) vai para o segundo mandato na CLDF. Sobrinho da ex-deputada Eliane Pedrosa, o empres\u00e1rio trabalhou na C\u00e2mara Legislativa pelo setor produtivo, por pol\u00edticas p\u00fablicas de emprego, renda e de qualifica\u00e7\u00e3o. Promoveu a\u00e7\u00f5es para ajudar v\u00e1rias institui\u00e7\u00f5es, desde as especializadas em tratamento de c\u00e2ncer, passando pelo combate \u00e0 viol\u00eancia contra a mulher e atividades esportivas para Pessoas com Defici\u00eancia (PCDs).&nbsp;<\/p>\n\n\n\n<figure class=\"wp-block-image\"><img decoding=\"async\" src=\"https:\/\/www.cl.df.gov.br\/documents\/10162\/26113759\/Joaquim+Roriz+Neto.jpg\/d5984110-3862-0dca-8e3d-1288cd4a87c9?t=1664309624797\" alt=\"\"\/><\/figure>\n\n\n\n<p><strong>11 &#8211;<\/strong>&nbsp;<a href=\"https:\/\/divulgacandcontas.tse.jus.br\/divulga\/#\/candidato\/2022\/2040602022\/DF\/70001615870\">Joaquim Roriz Neto \u2013 PL&nbsp;<\/a>&#8211; 21.057&nbsp;votos<br>Joaquim Roriz Neto \u00e9 brasiliense, filho da ex-deputada distrital Jaqueline Roriz. Formado em Ci\u00eancias Pol\u00edticas, foi subsecret\u00e1rio de Parcerias Comunit\u00e1rias e Voluntariado do Governo Ibaneis Rocha, tendo se licenciado para disputar uma vaga na CLDF. Nas elei\u00e7\u00f5es de 2014 e 2018, tentou uma cadeira na C\u00e2mara dos Deputados. Afirma querer dar continuidade ao legado do av\u00f4, o ex-governador Joaquim Roriz.<\/p>\n\n\n\n<figure class=\"wp-block-image\"><img decoding=\"async\" src=\"https:\/\/www.cl.df.gov.br\/documents\/10162\/26113759\/Iolando.jpg\/bb4bad64-5b08-7279-6ca2-249d33c7a9ce?t=1664309624406\" alt=\"\"\/><\/figure>\n\n\n\n<p><strong>12 &#8211;<\/strong>&nbsp;<a href=\"https:\/\/divulgacandcontas.tse.jus.br\/divulga\/#\/candidato\/2022\/2040602022\/DF\/70001650810\">Iolando \u2013 MDB<\/a>&nbsp;&#8211; 20.757&nbsp;votos<br>Graduado em Teologia e Filosofia, membro da Assembleia de Deus de Bras\u00edlia, Iolando foi reeleito para o segundo mandato. Morador de Brazl\u00e2ndia, \u00e9 militar reformado da For\u00e7a A\u00e9rea Brasileira (FAB). Devido a um acidente teve perda total dos movimentos do bra\u00e7o direito e defende, no legislativo local, a pessoa com defici\u00eancia. Exerce o cargo de Primeiro-Secret\u00e1rio da Mesa Diretora da CLDF.<\/p>\n\n\n\n<figure class=\"wp-block-image\"><img decoding=\"async\" src=\"https:\/\/www.cl.df.gov.br\/documents\/10162\/26113759\/Pastor+Daniel+de+Castro.jpg\/3252a31c-4895-245b-f7d2-347a9dee18d0?t=1664309626516\" alt=\"\"\/><\/figure>\n\n\n\n<p><br><strong>13&nbsp;&#8211;<\/strong>&nbsp;<a href=\"https:\/\/divulgacandcontas.tse.jus.br\/divulga\/#\/candidato\/2022\/2040602022\/DF\/70001650210\">Pastor Daniel de Castro \u2013 PP<\/a>&nbsp;&#8211; 20.402&nbsp;votos<br>Natural de Itapipoca (CE), o distrital eleito \u00e9 professor, cientista pol\u00edtico, advogado e ex-administrador de Vicente Pires. Ficou como suplente em duas elei\u00e7\u00f5es para deputado distrital: 2014, pelo PMDB, e 2018, pelo PSC. Al\u00e9m de pautas de sa\u00fade, seguran\u00e7a e infraestrutura com foco em Vicente Pires, posiciona-se contra a legaliza\u00e7\u00e3o das drogas e do aborto, entre outros temas.<\/p>\n\n\n\n<figure class=\"wp-block-image\"><img decoding=\"async\" src=\"https:\/\/www.cl.df.gov.br\/documents\/10162\/26113759\/Hermeto.jpg\/d7bd16fc-d5c8-5ee1-8668-832e95d77f3f?t=1664309624234\" alt=\"\"\/><\/figure>\n\n\n\n<p><br><strong>14 &#8211;<\/strong>&nbsp;<a href=\"https:\/\/divulgacandcontas.tse.jus.br\/divulga\/#\/candidato\/2022\/2040602022\/DF\/70001650807\">Hermeto \u2013 MDB<\/a>&nbsp;&#8211; 20.332 votos<br>Cearense, Hermeto \u00e9 subtenente da Pol\u00edcia Militar do DF. Ge\u00f3grafo, foi administrador regional da Candangol\u00e2ndia por oito anos e mant\u00e9m o programa \u201cPinga Fogo\u201d na R\u00e1dio Atividade FM. Chega ao segundo mandato na C\u00e2mara Legislativa. Atualmente, ocupa a fun\u00e7\u00e3o de l\u00edder do governo Ibaneis Rocha e \u00e9 titular da Corregedoria da CLDF.<\/p>\n\n\n\n<figure class=\"wp-block-image\"><img decoding=\"async\" src=\"https:\/\/www.cl.df.gov.br\/documents\/10162\/26113759\/Roosevelt+Vilela.jpg\/c001b646-477d-7da3-d3cb-f0f9905e5be4?t=1664309628188\" alt=\"\"\/><\/figure>\n\n\n\n<p><strong>15&nbsp;&#8211;<\/strong>&nbsp;<a href=\"https:\/\/divulgacandcontas.tse.jus.br\/divulga\/#\/candidato\/2022\/2040602022\/DF\/70001615877\">Roosevelt Vilela \u2013 PL<\/a>&nbsp;&#8211; 20.223<br>Eleito suplente em 2010 e em 2014, o deputado distrital assumir\u00e1 seu segundo mandato na CLDF. Formando em Direito e mestre em Administra\u00e7\u00e3o P\u00fablica, Roosevelt Vilela \u00e9 subtenente veterano do Corpo de Bombeiros Militar do DF. Foi secret\u00e1rio-adjunto das Cidades e administrador de tr\u00eas regi\u00f5es administrativas. Atua pela melhoria da seguran\u00e7a, da educa\u00e7\u00e3o, da sa\u00fade e pelo est\u00edmulo ao esporte.<\/p>\n\n\n\n<figure class=\"wp-block-image\"><img decoding=\"async\" src=\"https:\/\/www.cl.df.gov.br\/documents\/10162\/26113759\/Doutora+Jane.jpg\/807812da-4b2e-487b-8cc7-61dacba3b869?t=1664309622891\" alt=\"\"\/><\/figure>\n\n\n\n<p><strong>16&nbsp;&#8211;<\/strong>&nbsp;<a href=\"https:\/\/divulgacandcontas.tse.jus.br\/divulga\/#\/candidato\/2022\/2040602022\/DF\/70001620311\">Doutora&nbsp;Jane \u2013 Agir<\/a>&nbsp;&#8211; 19.006&nbsp;<br>Doutora Jane \u00e9 natural de Bras\u00edlia. Delegada da Pol\u00edcia Civil, foi atleta de v\u00f4lei, enfermeira, professora de geografia na rede p\u00fablica e diretora do Sindicato dos Professores. Exerceu diversos cargos, como secret\u00e1ria de Estado de Pol\u00edticas para Crian\u00e7as Adolescentes e Juventude, administradora de Sobradinho e chefe da Controladoria Jur\u00eddica da Codeplan. Em 2018, ficou como suplente na CLDF.<\/p>\n\n\n\n<figure class=\"wp-block-image\"><img decoding=\"async\" src=\"https:\/\/www.cl.df.gov.br\/documents\/10162\/26113759\/Roge%CC%81rio+Morro+da+Cruz.jpeg\/400812dd-67f2-5c65-1188-363286a5aa30?t=1664643608412\" alt=\"\"\/><\/figure>\n\n\n\n<p><strong>17&nbsp;&#8211;&nbsp;<\/strong><a href=\"https:\/\/divulgacandcontas.tse.jus.br\/divulga\/#\/candidato\/2022\/2040602022\/DF\/70001600818\">Rog\u00e9rio Morro da Cruz \u2013 PMN<\/a>&nbsp;&#8211; 18.207&nbsp;votos<br>Bernardo Rog\u00e9rio Mata de Ara\u00fajo Junior, eleito com o nome Rog\u00e9rio Morro da Cruz, nasceu em Porto (PI). \u00c9 casado, tem seis filhos e trabalha na \u00e1rea de vendas. Entre as suas prioridades para o mandato de deputado distrital, na nona legislatura da C\u00e2mara Legislativa, ele destaca a regulariza\u00e7\u00e3o fundi\u00e1ria.<\/p>\n\n\n\n<figure class=\"wp-block-image\"><img decoding=\"async\" src=\"https:\/\/www.cl.df.gov.br\/documents\/10162\/26113759\/Gabriel+Magno.jpg\/8c46312c-388c-47c7-d38b-373e287ab152?t=1664309624031\" alt=\"\"\/><\/figure>\n\n\n\n<p><strong>18&nbsp;&#8211;<\/strong>&nbsp;<a href=\"https:\/\/divulgacandcontas.tse.jus.br\/divulga\/#\/candidato\/2022\/2040602022\/DF\/70001596090\">Gabriel Magno \u2013 PT<\/a>&nbsp;&#8211;&nbsp; 18.063<br>Gabriel Magno \u00e9 professor do ensino m\u00e9dio da Secretaria de Educa\u00e7\u00e3o do DF. Considerado sucessor da deputada distrital Arlete Sampaio (PT), de quem foi chefe de gabinete, chega \u00e0 CLDF em sua primeira elei\u00e7\u00e3o com propostas para a educa\u00e7\u00e3o, sa\u00fade e direitos humanos, entre outras \u00e1reas. Al\u00e9m disso, afirma que vai lutar por \u201cuma cidade para todos\u201d.<\/p>\n\n\n\n<figure class=\"wp-block-image\"><img decoding=\"async\" src=\"https:\/\/www.cl.df.gov.br\/documents\/10162\/26113759\/Jo%C3%A3o+Cardoso.jpg\/befa28d6-0033-1626-d542-b35309bfb0bf?t=1664642713592\" alt=\"\"\/><\/figure>\n\n\n\n<p><strong>19&nbsp;&#8211;<\/strong>&nbsp;<a href=\"https:\/\/divulgacandcontas.tse.jus.br\/divulga\/#\/candidato\/2022\/2040602022\/DF\/70001611506\">Jo\u00e3o Cardoso \u2013 Avante<\/a>&nbsp;&#8211; 17.579&nbsp;votos<br>Atualmente ocupando uma das cadeiras da C\u00e2mara Legislativa, Jo\u00e3o Cardoso foi reeleito para um novo mandato como deputado distrital. Servidor p\u00fablico do Distrito Federal, nas carreiras de professor e auditor, \u00e9 morador de Sobradinho, e professa a f\u00e9 cat\u00f3lica. Concentra sua atua\u00e7\u00e3o em \u00e1reas como educa\u00e7\u00e3o, servidores, condom\u00ednios, rodovi\u00e1rios e meio ambiente.<\/p>\n\n\n\n<p><br><br><img decoding=\"async\" src=\"https:\/\/www.cl.df.gov.br\/documents\/10162\/26113759\/Paula+Belmonte.jpg\/1bef2845-ea64-85ec-8f5a-8ff9e75962f1?t=1664309626688\"><strong>20 &#8211;<\/strong>&nbsp;<a href=\"https:\/\/divulgacandcontas.tse.jus.br\/divulga\/#\/candidato\/2022\/2040602022\/DF\/70001728079\">Paula Belmonte \u2013 Cidadania<\/a>&nbsp;&#8211; 17.208&nbsp;&nbsp;votos<br>Deputada federal eleita em 2018 pelo PPS, tem como principais bandeiras a defesa da inf\u00e2ncia, da educa\u00e7\u00e3o e do incentivo ao empreendedorismo. Formada em administra\u00e7\u00e3o, \u00e9 empres\u00e1ria e defende a reforma tribut\u00e1ria e fim de privil\u00e9gios aos pol\u00edticos, como a prerrogativa de foro e a reelei\u00e7\u00f5es sem limites no legislativo.<\/p>\n\n\n\n<figure class=\"wp-block-image\"><a href=\"https:\/\/divulgacandcontas.tse.jus.br\/divulga\/#\/candidato\/2022\/2040602022\/DF\/70001596094\"><img decoding=\"async\" src=\"https:\/\/www.cl.df.gov.br\/documents\/10162\/26113759\/Ricardo+Vale.jpg\/38adc9ae-9433-09c0-4901-9e7ca80ec2c7?t=1664309627844\" alt=\"\"\/><\/a><\/figure>\n\n\n\n<p><strong>21&nbsp;&#8211;<\/strong>&nbsp;<a href=\"https:\/\/divulgacandcontas.tse.jus.br\/divulga\/#\/candidato\/2022\/2040602022\/DF\/70001596094\">Ricardo Vale \u2013 PT<\/a>&nbsp;&#8211; 17.077&nbsp;votos<br>Tamb\u00e9m eleito deputado distrital em 2014, Ricardo Vale \u00e9 desenhista t\u00e9cnico, graduado em administra\u00e7\u00e3o e marketing. Morador de Sobradinho, milita pelas causas sociais, com atua\u00e7\u00e3o nos movimentos estudantis, culturais, esportivos e em defesa dos direitos humanos.<\/p>\n\n\n\n<figure class=\"wp-block-image\"><img decoding=\"async\" src=\"https:\/\/www.cl.df.gov.br\/documents\/10162\/26113759\/Wellington+Luiz.jpg\/cd9204e7-aa2b-16bf-a841-c7a15b789321?t=1664309629844\" alt=\"\"\/><\/figure>\n\n\n\n<p><strong>22&nbsp;&#8211;<\/strong>&nbsp;<a href=\"https:\/\/divulgacandcontas.tse.jus.br\/divulga\/#\/candidato\/2022\/2040602022\/DF\/70001650805\">Wellington Luiz \u2013 MDB<\/a>&nbsp;&#8211; 16.933&nbsp;votos<br>Policial civil, Wellington Luiz retorna \u00e0 C\u00e2mara Legislativa para atuar na nona legislatura ap\u00f3s ter ocupado uma das cadeiras da CLDF entre os anos de 2011 e 2018. Entre outras, \u00e9 autor da Lei distrital n\u00ba 5.177\/2013, que reserva vagas para gestantes nos estacionamentos do DF.<\/p>\n\n\n\n<p><br><br><a href=\"https:\/\/divulgacandcontas.tse.jus.br\/divulga\/#\/candidato\/2022\/2040602022\/DF\/70001650204\"><\/a><strong>23 &#8211;<\/strong>&nbsp;<a href=\"https:\/\/divulgacandcontas.tse.jus.br\/divulga\/#\/candidato\/2022\/2040602022\/DF\/70001650204\">Pepa \u2013 PP<\/a>&nbsp;&#8211; 15.393 votos<br>Natural de V\u00e1rzea do Po\u00e7o (BA), \u00e9 morador de Planaltina, servidor p\u00fablico do DF, e tem como bandeiras principais o esporte, a cultura, a mobilidade e a assist\u00eancia social. Foi candidato a deputado distrital em 2014, pelo PHS, e em 2018, pelo PSC.<\/p>\n\n\n\n<p><img decoding=\"async\" src=\"https:\/\/www.cl.df.gov.br\/documents\/10162\/26113759\/Dayse.jpg\/df861d0b-0c91-25db-9ee1-6cbbfa3b004c?t=1664749491474\"><strong>24 &#8211;<\/strong>&nbsp;<a href=\"https:\/\/divulgacandcontas.tse.jus.br\/divulga\/#\/candidato\/2022\/2040602022\/DF\/70001636075\">Dayse Amarilio \u2013 PSB<\/a>&nbsp;&#8211; 11.012 votos<br>A enfermeira obstetra Dayse Amarilio \u00e9 brasiliense e foi eleita para seu primeiro mandato de deputada distrital. Para concorrer \u00e0 elei\u00e7\u00e3o, licenciou-se do SindEnfermeiro DF, no qual ocupava o cargo de presidente. Na entidade, esteve \u00e0 frente de lutas da categoria. Tamb\u00e9m \u00e9 professora e apresenta-se como defensora do SUS.<\/p>\n\n\n\n<p><strong>Ag\u00eancia CLDF<\/strong><\/p>\n","protected":false},"excerpt":{"rendered":"<p>Foto: Carlos Gandra\/CLDF Parlamentares eleitos tomam posse dia 1\u00b0 de janeiro e ser\u00e3o os representantes dos cidad\u00e3os do Distrito Federal na C\u00e2mara Legislativa at\u00e9 o final de 2026 Os eleitores do&nbsp;Distrito Federal escolheram neste domingo (2)&nbsp;seus representantes para a nona Legislatura da C\u00e2mara Legislativa (2023-2026). Conhe\u00e7a&nbsp;mais&nbsp;sobre os novos deputados distritais que, al\u00e9m de criar Leis [&hellip;]<\/p>\n","protected":false},"author":1,"featured_media":0,"comment_status":"open","ping_status":"open","sticky":false,"template":"","format":"standard","meta":{"footnotes":""},"categories":[],"tags":[],"class_list":["post-5843","post","type-post","status-publish","format-standard","hentry"],"_links":{"self":[{"href":"https:\/\/aguaslindasnoticias.com.br\/index.php\/wp-json\/wp\/v2\/posts\/5843","targetHints":{"allow":["GET"]}}],"collection":[{"href":"https:\/\/aguaslindasnoticias.com.br\/index.php\/wp-json\/wp\/v2\/posts"}],"about":[{"href":"https:\/\/aguaslindasnoticias.com.br\/index.php\/wp-json\/wp\/v2\/types\/post"}],"author":[{"embeddable":true,"href":"https:\/\/aguaslindasnoticias.com.br\/index.php\/wp-json\/wp\/v2\/users\/1"}],"replies":[{"embeddable":true,"href":"https:\/\/aguaslindasnoticias.com.br\/index.php\/wp-json\/wp\/v2\/comments?post=5843"}],"version-history":[{"count":0,"href":"https:\/\/aguaslindasnoticias.com.br\/index.php\/wp-json\/wp\/v2\/posts\/5843\/revisions"}],"wp:attachment":[{"href":"https:\/\/aguaslindasnoticias.com.br\/index.php\/wp-json\/wp\/v2\/media?parent=5843"}],"wp:term":[{"taxonomy":"category","embeddable":true,"href":"https:\/\/aguaslindasnoticias.com.br\/index.php\/wp-json\/wp\/v2\/categories?post=5843"},{"taxonomy":"post_tag","embeddable":true,"href":"https:\/\/aguaslindasnoticias.com.br\/index.php\/wp-json\/wp\/v2\/tags?post=5843"}],"curies":[{"name":"wp","href":"https:\/\/api.w.org\/{rel}","templated":true}]}}