{"id":5840,"date":"2023-01-04T10:15:41","date_gmt":"2023-01-04T13:15:41","guid":{"rendered":"https:\/\/aguaslindasnoticias.com.br\/index.php\/2023\/01\/04\/eleicoes-em-destaque-quem-sao-os-novos-distritais-e-federais-do-df\/"},"modified":"2023-01-04T10:15:41","modified_gmt":"2023-01-04T13:15:41","slug":"eleicoes-em-destaque-quem-sao-os-novos-distritais-e-federais-do-df","status":"publish","type":"post","link":"https:\/\/aguaslindasnoticias.com.br\/index.php\/2023\/01\/04\/eleicoes-em-destaque-quem-sao-os-novos-distritais-e-federais-do-df\/","title":{"rendered":"Elei\u00e7\u00f5es em destaque: quem s\u00e3o os novos distritais e federais do DF"},"content":{"rendered":"\n<p>Foto: Divulga\u00e7\u00e3o\/TV C\u00e2mara Distrital<\/p>\n\n\n\n<figure class=\"wp-block-image\"><img decoding=\"async\" src=\"https:\/\/www.cl.df.gov.br\/documents\/10162\/25630419\/Giro.jpeg\/a0d7611b-4186-83c1-6477-7021d55cba69?t=1664892899629\" alt=\"\"\/><\/figure>\n\n\n\n<p>Est\u00e1 no ar a&nbsp;<a href=\"https:\/\/www.youtube.com\/watch?v=nTKPELRdMGk&amp;list=PLgjufDVoPk_PLc6Hjzw9DfmNXFAr6kghq&amp;index=2\">42\u00aa edi\u00e7\u00e3o<\/a>&nbsp;do programa Giro Distrital! Confira as novidades e fique por dentro dos principais acontecimentos da esfera pol\u00edtica de Bras\u00edlia!<\/p>\n\n\n\n<p>\u2705&nbsp;<a href=\"https:\/\/www.youtube.com\/watch?v=nTKPELRdMGk&amp;list=PLgjufDVoPk_PLc6Hjzw9DfmNXFAr6kghq&amp;index=2\">Nesta edi\u00e7\u00e3o<\/a>, voc\u00ea confere:&nbsp;<\/p>\n\n\n\n<p><a href=\"https:\/\/www.youtube.com\/watch?v=nTKPELRdMGk&amp;list=PLgjufDVoPk_PLc6Hjzw9DfmNXFAr6kghq&amp;index=1&amp;t=0s\">00:00<\/a>&nbsp;Abertura<br><br><a href=\"https:\/\/www.youtube.com\/watch?v=nTKPELRdMGk&amp;list=PLgjufDVoPk_PLc6Hjzw9DfmNXFAr6kghq&amp;index=1&amp;t=93s\">01:33<\/a>&nbsp;Resumo da semana na C\u00e2mara Legislativa<\/p>\n\n\n\n<p><a href=\"https:\/\/www.youtube.com\/watch?v=nTKPELRdMGk&amp;list=PLgjufDVoPk_PLc6Hjzw9DfmNXFAr6kghq&amp;index=1&amp;t=203s\">03:23<\/a>&nbsp;Elei\u00e7\u00f5es para a C\u00e2mara Legislativa<\/p>\n\n\n\n<p><a href=\"https:\/\/www.youtube.com\/watch?v=nTKPELRdMGk&amp;list=PLgjufDVoPk_PLc6Hjzw9DfmNXFAr6kghq&amp;index=1&amp;t=556s\">09:16<\/a>&nbsp;Elei\u00e7\u00f5es para o Congresso Nacional<\/p>\n\n\n\n<p><a href=\"https:\/\/www.youtube.com\/watch?v=nTKPELRdMGk&amp;list=PLgjufDVoPk_PLc6Hjzw9DfmNXFAr6kghq&amp;index=1&amp;t=784s\">13:04<\/a>&nbsp;Reelei\u00e7\u00e3o do governador do DF<\/p>\n\n\n\n<p><a href=\"https:\/\/www.youtube.com\/watch?v=nTKPELRdMGk&amp;list=PLgjufDVoPk_PLc6Hjzw9DfmNXFAr6kghq&amp;index=1&amp;t=875s\">14:35<\/a>&nbsp;Teste de Integridade das Urnas Eletr\u00f4nicas<\/p>\n\n\n\n<p><a href=\"https:\/\/www.youtube.com\/watch?v=nTKPELRdMGk&amp;list=PLgjufDVoPk_PLc6Hjzw9DfmNXFAr6kghq&amp;index=1&amp;t=1016s\">16:56<\/a>&nbsp;Lan\u00e7amento do livro &#8220;Joaquim Roriz: o segundo construtor de Bras\u00edlia&#8221;<\/p>\n\n\n\n<figure><iframe allowfullscreen=\"\" height=\"315\" src=\"https:\/\/www.youtube.com\/embed\/nTKPELRdMGk?rel=0\" width=\"560\"><\/iframe><\/figure>\n\n\n\n<p>O Giro Distrital, um programa da TV C\u00e2mara Distrital, estreia todo domingo \u00e0s 12h15 no canal 9.3, com reprises ao longo da semana.<\/p>\n\n\n\n<p>\u2705 Acompanhe tamb\u00e9m as nossas redes sociais:<\/p>\n\n\n\n<p><strong>Instagram<\/strong><\/p>\n\n\n\n<figure class=\"wp-block-embed\"><div class=\"wp-block-embed__wrapper\">\nhttps:\/\/www.instagram.com\/tvcamaradistrital\n<\/div><\/figure>\n\n\n\n<p><strong>Facebook<\/strong><\/p>\n\n\n\n<figure class=\"wp-block-embed\"><div class=\"wp-block-embed__wrapper\">\nhttps:\/\/www.facebook.com\/tvcamaradistrital\n<\/div><\/figure>\n\n\n\n<p><strong>Twitter<\/strong><\/p>\n\n\n\n<figure class=\"wp-block-embed-twitter wp-block-embed is-type-rich is-provider-twitter\"><div class=\"wp-block-embed__wrapper\">\n<a class=\"twitter-timeline\" data-width=\"640\" data-height=\"960\" data-dnt=\"true\" href=\"https:\/\/twitter.com\/DistritalTv?ref_src=twsrc%5Etfw\">Tweets by DistritalTv<\/a><script async src=\"https:\/\/platform.twitter.com\/widgets.js\" charset=\"utf-8\"><\/script>\n<\/div><\/figure>\n\n\n\n<p><strong>Ag\u00eancia CLDF<\/strong><\/p>\n","protected":false},"excerpt":{"rendered":"<p>Foto: Divulga\u00e7\u00e3o\/TV C\u00e2mara Distrital Est\u00e1 no ar a&nbsp;42\u00aa edi\u00e7\u00e3o&nbsp;do programa Giro Distrital! Confira as novidades e fique por dentro dos principais acontecimentos da esfera pol\u00edtica de Bras\u00edlia! \u2705&nbsp;Nesta edi\u00e7\u00e3o, voc\u00ea confere:&nbsp; 00:00&nbsp;Abertura 01:33&nbsp;Resumo da semana na C\u00e2mara Legislativa 03:23&nbsp;Elei\u00e7\u00f5es para a C\u00e2mara Legislativa 09:16&nbsp;Elei\u00e7\u00f5es para o Congresso Nacional 13:04&nbsp;Reelei\u00e7\u00e3o do governador do DF 14:35&nbsp;Teste de [&hellip;]<\/p>\n","protected":false},"author":1,"featured_media":0,"comment_status":"open","ping_status":"open","sticky":false,"template":"","format":"standard","meta":{"footnotes":""},"categories":[],"tags":[],"class_list":["post-5840","post","type-post","status-publish","format-standard","hentry"],"_links":{"self":[{"href":"https:\/\/aguaslindasnoticias.com.br\/index.php\/wp-json\/wp\/v2\/posts\/5840","targetHints":{"allow":["GET"]}}],"collection":[{"href":"https:\/\/aguaslindasnoticias.com.br\/index.php\/wp-json\/wp\/v2\/posts"}],"about":[{"href":"https:\/\/aguaslindasnoticias.com.br\/index.php\/wp-json\/wp\/v2\/types\/post"}],"author":[{"embeddable":true,"href":"https:\/\/aguaslindasnoticias.com.br\/index.php\/wp-json\/wp\/v2\/users\/1"}],"replies":[{"embeddable":true,"href":"https:\/\/aguaslindasnoticias.com.br\/index.php\/wp-json\/wp\/v2\/comments?post=5840"}],"version-history":[{"count":0,"href":"https:\/\/aguaslindasnoticias.com.br\/index.php\/wp-json\/wp\/v2\/posts\/5840\/revisions"}],"wp:attachment":[{"href":"https:\/\/aguaslindasnoticias.com.br\/index.php\/wp-json\/wp\/v2\/media?parent=5840"}],"wp:term":[{"taxonomy":"category","embeddable":true,"href":"https:\/\/aguaslindasnoticias.com.br\/index.php\/wp-json\/wp\/v2\/categories?post=5840"},{"taxonomy":"post_tag","embeddable":true,"href":"https:\/\/aguaslindasnoticias.com.br\/index.php\/wp-json\/wp\/v2\/tags?post=5840"}],"curies":[{"name":"wp","href":"https:\/\/api.w.org\/{rel}","templated":true}]}}