{"id":5838,"date":"2023-01-04T10:15:34","date_gmt":"2023-01-04T13:15:34","guid":{"rendered":"https:\/\/aguaslindasnoticias.com.br\/index.php\/2023\/01\/04\/distritais-vao-a-tribuna-comemorar-resultado-das-urnas-e-festa-da-democracia\/"},"modified":"2023-01-04T10:15:34","modified_gmt":"2023-01-04T13:15:34","slug":"distritais-vao-a-tribuna-comemorar-resultado-das-urnas-e-festa-da-democracia","status":"publish","type":"post","link":"https:\/\/aguaslindasnoticias.com.br\/index.php\/2023\/01\/04\/distritais-vao-a-tribuna-comemorar-resultado-das-urnas-e-festa-da-democracia\/","title":{"rendered":"Distritais v\u00e3o \u00e0 tribuna comemorar resultado das urnas e \u201cfesta da democracia\u201d"},"content":{"rendered":"\n<p>Foto: Carlos Gandra\/CLDF<\/p>\n\n\n\n<figure class=\"wp-block-image\"><img decoding=\"async\" src=\"https:\/\/www.cl.df.gov.br\/documents\/10162\/26157098\/2211382CG+%2875%29.jpg\/89b52632-75fe-cd69-b01f-c93a0e9c0d85?t=1664915172793\" alt=\"\"\/><\/figure>\n\n\n\n<p>O presidente da CLDF, deputado Rafael Prudente, deixa a Casa ao final do ano rumo \u00e0 C\u00e2mara dos Deputados<\/p>\n\n\n\n<p>Deputados distritais reeleitos ou eleitos para o cargo de deputado federal ocuparam a tribuna da C\u00e2mara Legislativa, na sess\u00e3o ordin\u00e1ria desta ter\u00e7a-feira (4), para agradecer os votos que os levar\u00e3o a fazer parte do Legislativo a partir de 1\u00ba de janeiro de 2023. Todos referiram-se ao domingo passado, quando o Distrito Federal foi \u00e0s urnas para escolher os seus representantes. Dos atuais 24 parlamentares, a metade continuar\u00e1 ocupando uma cadeira no plen\u00e1rio da CLDF e dois foram eleitos para a C\u00e2mara dos Deputados.<\/p>\n\n\n\n<p>Um deles \u00e9 o atual presidente da Casa, Rafael Prudente (MDB), que, al\u00e9m de agradecer ao partido e aos que o conduziram a deputado federal, lembrou sua trajet\u00f3ria como presidente da CLDF, desde 2019. Para ele, o resultado alcan\u00e7ado \u00e9 um \u201creconhecimento\u201d pelo trabalho desenvolvido. \u201cO nosso partido tamb\u00e9m cumpriu seu objetivo\u201d, acrescentou, saudando os emedebistas que lograram \u00eaxito na vota\u00e7\u00e3o para o Legislativo local.<\/p>\n\n\n\n<p>O outro distrital que ir\u00e1 para a C\u00e2mara Federal \u00e9 o Prof. Reginaldo Veras (PV). O deputado afirmou que a popula\u00e7\u00e3o do DF acreditou na sua \u201cforma diferenciada de fazer pol\u00edtica\u201d. Ele agradeceu aos eleitores e aos candidatos a deputado distrital com os quais fez parceria. Ao reportar-se \u00e0 equipe, frisou que seu mandato \u201csempre foi coletivo\u201d.<\/p>\n\n\n\n<h4 class=\"wp-block-heading\"><br>Reeleitos<\/h4>\n\n\n\n<p><img decoding=\"async\" width=\"446\" src=\"https:\/\/www.cl.df.gov.br\/documents\/10162\/26157098\/2211382CG+%2822%29.jpg\/e57ca029-abfb-ccd2-b8b5-d785585edfd1?t=1664915176433\">Reeleito para o quinto mandato, Chico Vigilante (PT) reafirmou seu compromisso com pautas como a defesa do transporte p\u00fablico e da sa\u00fade de qualidade. \u201cNa \u00faltima elei\u00e7\u00e3o, a oposi\u00e7\u00e3o deu 120 dias de tr\u00e9gua ao governador Ibaneis, agora vamos exigir aten\u00e7\u00e3o a essas e outras \u00e1reas j\u00e1 a partir do primeiro dia do novo mandato\u201d, declarou.<\/p>\n\n\n\n<p>Por sua vez, F\u00e1bio Felix (Psol) creditou a vit\u00f3ria, com recorde de votos, ao envolvimento de movimentos sociais, organiza\u00e7\u00f5es da sociedade civil, militantes e ativistas. \u201cN\u00e3o cederemos na oposi\u00e7\u00e3o. O papel do deputado \u00e9 fiscalizador e n\u00e3o fazer da C\u00e2mara Legislativa CLDF um puxadinho do Pal\u00e1cio do Buriti\u201d, avisou.<\/p>\n\n\n\n<p><img decoding=\"async\" width=\"398\" src=\"https:\/\/www.cl.df.gov.br\/documents\/10162\/26157098\/2211382CG+%2849%29.jpg\/f1762022-368b-cfd6-090f-641ea918680c?t=1664915172105\">Atual l\u00edder do governo Ibaneis na CLDF, Hermeto (MDB) fez um agradecimento especial ao N\u00facleo Bandeirante, seu ber\u00e7o pol\u00edtico. Para ele, na pr\u00f3xima legislatura, \u201co mandato ser\u00e1 mais maduro, com mais experi\u00eancia e, se Deus quiser, mais tranquilo\u201d. Tamb\u00e9m ratificou que defender\u00e1 pautas que forem \u201cimportantes para o Distrito Federal\u201d.<\/p>\n\n\n\n<p>Jorge Vianna (PSD) atribuiu a recondu\u00e7\u00e3o \u00e0 sua fidelidade a princ\u00edpios como a defesa da enfermagem. \u201cA popula\u00e7\u00e3o est\u00e1 acompanhando as coisas certas e erradas\u201d, disse, agradecendo a eleitores, amigos e apoiadores. \u201cSe para alguns a minha reelei\u00e7\u00e3o foi uma surpresa, pra mim n\u00e3o foi, porque o trabalho \u00e9 s\u00e9rio\u201d, pronunciou-se.<\/p>\n\n\n\n<p>Daniel Donizet (PL) agradeceu \u00e0 popula\u00e7\u00e3o do Gama pela vota\u00e7\u00e3o recebida e se comprometeu a continuar levantando a bandeira da prote\u00e7\u00e3o dos animais na C\u00e2mara Legislativa. J\u00e1 o deputado Eduardo Pedrosa (Uni\u00e3o) fez um agradecimento a seus eleitores: &#8220;A popula\u00e7\u00e3o do Distrito Federal me conferiu a oportunidade de continuar lutando pelo que acredito no parlamento&#8221;.<br>&nbsp;<\/p>\n\n\n\n<figure class=\"wp-block-image\"><img decoding=\"async\" src=\"https:\/\/www.cl.df.gov.br\/documents\/10162\/26157098\/2211382CG+%28169%29.jpg\/5e3b2323-cad8-2b11-6a4d-ec39ece794a1?t=1664915175230\" alt=\"\"\/><\/figure>\n\n\n\n<p><br>Iolando (MDB) dedicou a vit\u00f3ria aos seus eleitores, sua fam\u00edlia e pastores evang\u00e9licos. Ele se comprometeu a levar melhorias para Brazl\u00e2ndia e empenhar-se na cria\u00e7\u00e3o de uma Secretaria da Pessoa com Defici\u00eancia. Enquanto Jaqueline Silva (Agir), agradecendo aos que votaram em sua candidatura, reiterou o compromisso com as pol\u00edticas voltadas para crian\u00e7as, mulheres e idosos. &#8220;Vamos continuar lutando para garantir creche para as crian\u00e7as do DF&#8221;, garantiu.<\/p>\n\n\n\n<h4 class=\"wp-block-heading\"><br>Nova fase<\/h4>\n\n\n\n<p>O deputado Agaciel Maia (PL), que ficou na segunda supl\u00eancia do seu partido, ap\u00f3s quase 12 anos na C\u00e2mara Legislativa, tamb\u00e9m manifestou sua gratid\u00e3o pelos mais de 17 mil votos que recebeu. \u201cN\u00e3o estou triste. Vou trabalhar at\u00e9 o ultimo dia deste mandato como se fosse o primeiro. Tenho responsabilidades como relator do Or\u00e7amento e compromissos com emendas para a manuten\u00e7\u00e3o de delegacias, o Programa Jovem Candango e o Hospital da Crian\u00e7a\u201d, ratificou, observando que dar\u00e1 in\u00edcio a \u201cuma nova fase\u201d, sem revelar seus planos.<\/p>\n\n\n\n<p>A deputada Arlete Sampaio (PT), que n\u00e3o concorreu a cargo eletivo no pleito deste ano, parabenizou o colega Leandro Grass (PV) pela campanha ao GDF. &#8220;Quero parabeniz\u00e1-lo por ter nos representado de forma t\u00e3o honrosa. Ele ficou de fora do segundo turno por um triz&#8221;, comentou. A distrital tamb\u00e9m reconheceu a vit\u00f3ria de Ibaneis Rocha (MDB), dizendo esperar que o governador reeleito &#8220;possa, desta vez, governar minimamente para as pessoas mais pobres&#8221;.<\/p>\n\n\n\n<p><strong>Marco T\u00falio Alencar e Eder Wen &#8211; Ag\u00eancia CLDF<\/strong><\/p>\n","protected":false},"excerpt":{"rendered":"<p>Foto: Carlos Gandra\/CLDF O presidente da CLDF, deputado Rafael Prudente, deixa a Casa ao final do ano rumo \u00e0 C\u00e2mara dos Deputados Deputados distritais reeleitos ou eleitos para o cargo de deputado federal ocuparam a tribuna da C\u00e2mara Legislativa, na sess\u00e3o ordin\u00e1ria desta ter\u00e7a-feira (4), para agradecer os votos que os levar\u00e3o a fazer parte [&hellip;]<\/p>\n","protected":false},"author":1,"featured_media":0,"comment_status":"open","ping_status":"open","sticky":false,"template":"","format":"standard","meta":{"footnotes":""},"categories":[],"tags":[],"class_list":["post-5838","post","type-post","status-publish","format-standard","hentry"],"_links":{"self":[{"href":"https:\/\/aguaslindasnoticias.com.br\/index.php\/wp-json\/wp\/v2\/posts\/5838","targetHints":{"allow":["GET"]}}],"collection":[{"href":"https:\/\/aguaslindasnoticias.com.br\/index.php\/wp-json\/wp\/v2\/posts"}],"about":[{"href":"https:\/\/aguaslindasnoticias.com.br\/index.php\/wp-json\/wp\/v2\/types\/post"}],"author":[{"embeddable":true,"href":"https:\/\/aguaslindasnoticias.com.br\/index.php\/wp-json\/wp\/v2\/users\/1"}],"replies":[{"embeddable":true,"href":"https:\/\/aguaslindasnoticias.com.br\/index.php\/wp-json\/wp\/v2\/comments?post=5838"}],"version-history":[{"count":0,"href":"https:\/\/aguaslindasnoticias.com.br\/index.php\/wp-json\/wp\/v2\/posts\/5838\/revisions"}],"wp:attachment":[{"href":"https:\/\/aguaslindasnoticias.com.br\/index.php\/wp-json\/wp\/v2\/media?parent=5838"}],"wp:term":[{"taxonomy":"category","embeddable":true,"href":"https:\/\/aguaslindasnoticias.com.br\/index.php\/wp-json\/wp\/v2\/categories?post=5838"},{"taxonomy":"post_tag","embeddable":true,"href":"https:\/\/aguaslindasnoticias.com.br\/index.php\/wp-json\/wp\/v2\/tags?post=5838"}],"curies":[{"name":"wp","href":"https:\/\/api.w.org\/{rel}","templated":true}]}}