{"id":5836,"date":"2023-01-04T10:15:34","date_gmt":"2023-01-04T13:15:34","guid":{"rendered":"https:\/\/aguaslindasnoticias.com.br\/index.php\/2023\/01\/04\/agora-e-lei-advocacia-dativa-passa-a-ser-remunerada-no-df\/"},"modified":"2023-01-04T10:15:34","modified_gmt":"2023-01-04T13:15:34","slug":"agora-e-lei-advocacia-dativa-passa-a-ser-remunerada-no-df","status":"publish","type":"post","link":"https:\/\/aguaslindasnoticias.com.br\/index.php\/2023\/01\/04\/agora-e-lei-advocacia-dativa-passa-a-ser-remunerada-no-df\/","title":{"rendered":"Agora \u00e9 lei: advocacia dativa passa a ser remunerada no DF"},"content":{"rendered":"\n<p>Aprovado pela CLDF, decreto que regulamenta a legisla\u00e7\u00e3o foi assinado nesta sexta-feira (7) pelo governador Ibaneis Rocha, dando a pelo menos 20 mil advogados em in\u00edcio de carreira a possibilidade de auxiliar a Defensoria P\u00fablica no atendimento \u00e0 popula\u00e7\u00e3o carente e receber do governo por isso<\/p>\n\n\n\n<p>H\u00e9dio Ferreira J\u00fanior, da Ag\u00eancia Bras\u00edlia | Edi\u00e7\u00e3o: Chico Neto&nbsp;A popula\u00e7\u00e3o de baixa renda que precisar de atendimento da Defensoria P\u00fablica j\u00e1 conta com um importante aliado. Advogados em in\u00edcio de carreira que atuam como defensores p\u00fablicos na&nbsp; Defensoria P\u00fablica do Distrito Federal v\u00e3o receber honor\u00e1rios do Governo do Distrito Federal (GDF). A medida faz parte do Decreto n\u00ba 43.821\/2022 que regulamenta a Lei n\u00ba 7157\/2022 e foi assinado nesta sexta-feira (7) pelo governador Ibaneis Rocha, em cerim\u00f4nia no Pal\u00e1cio do Buriti. De autoria do Poder Executivo, e aprovado em julho pela C\u00e2mara Legislativa do Distrito Federal (CLDF),&nbsp;<a href=\"https:\/\/dodf.df.gov.br\/index\/visualizar-arquivo\/?pasta=2022|10_Outubro|DODF%20073%2007-10-2022%20EDICAO%20EXTRA%20A|&amp;arquivo=DODF%20073%2007-10-2022%20EDICAO%20EXTRA%20A.pdf\">o documento foi publicado &nbsp;<\/a>na edi\u00e7\u00e3o extraordin\u00e1ria do&nbsp;<em>Di\u00e1rio Oficial do Distrito Federal<\/em>&nbsp;(DODF).&nbsp;&nbsp;<\/p>\n\n\n\n<p>Pela proposta, pelo menos 20 mil advogados iniciantes \u2013 com at\u00e9 cinco anos de inscri\u00e7\u00e3o na Seccional DF da Ordem dos Advogados do Brasil (OAB) \u2013 estar\u00e3o aptos a auxiliar a Defensoria P\u00fablica no atendimento \u00e0 popula\u00e7\u00e3o de baixa renda e receber do governo por isso.&nbsp;<\/p>\n\n\n\n<figure class=\"wp-block-image\"><img decoding=\"async\" src=\"http:\/\/agenciabrasilia.df.gov.br\/wp-conteudo\/uploads\/2022\/10\/Dentro-1-4-scaled.jpg\" alt=\"\" class=\"wp-image-438473\"\/><figcaption>Decreto foi assinado pelo governador Ibaneis Rocha durante cerim\u00f4nia que reuniu advogados e secret\u00e1rios do GDF | Fotos: Geovana Albuquerque\/Ag\u00eancia Bras\u00edlia<\/figcaption><\/figure>\n\n\n\n<p>Os advogados dativos s\u00e3o aqueles profissionais nomeados pelo juiz para atuar em processos judiciais nas comarcas onde o n\u00famero de defensores p\u00fablicos \u00e9 insuficiente para atender \u00e0s demandas de quem n\u00e3o tem como pagar por algu\u00e9m que atue em seu favor num processo.<\/p>\n\n\n\n<p>\u00c0 Secretaria de Justi\u00e7a e Cidadania (Sejus) caber\u00e1 firmar um termo de acordo e encaminhar ao Tribunal de Justi\u00e7a do Distrito Federal e Territ\u00f3rios (TJDFT) a lista de advogados aptos a serem nomeados pelos ju\u00edzes das circunscri\u00e7\u00f5es judici\u00e1rias nas quais o caso estiver sendo julgado. O GDF ficar\u00e1, ent\u00e3o, respons\u00e1vel pelo pagamento dos honor\u00e1rios arbitrados pelo juiz de acordo com as causas processuais, e n\u00e3o poder\u00e1 ultrapassar o valor de dez sal\u00e1rios m\u00ednimos pago a um mesmo profissional em um per\u00edodo de 12 meses.<\/p>\n\n\n\n<blockquote class=\"wp-block-quote is-layout-flow wp-block-quote-is-layout-flow\"><p>72 milN\u00famero de advogados inscritos na OAB-DF<\/p><\/blockquote>\n\n\n\n<p>\u201cA medida dar\u00e1 suporte \u00e0 defesa p\u00fablica, promovendo a celeridade de processos judiciais atualmente parados por falta de um defensor para atend\u00ea-la\u201d, explica o secret\u00e1rio de Justi\u00e7a e Cidadania, Jaime Santana.<\/p>\n\n\n\n<p>\u201cEssa regulamenta\u00e7\u00e3o traz as normas e regras de como tudo isso vai funcionar, trazendo um grande incentivo ao advogado com pouco tempo de forma\u00e7\u00e3o e iniciante no mercado de trabalho\u201d, refor\u00e7a o secret\u00e1rio da Casa Civil, Gustavo Rocha.<\/p>\n\n\n\n<p><strong>Mercado de atua\u00e7\u00e3o<\/strong><\/p>\n\n\n\n<p>O presidente da Seccional DF da Ordem dos Advogados do Brasil (OAB), D\u00e9lio Lins, lembra que a Defensoria P\u00fablica local era uma das \u00faltimas do pa\u00eds a ainda ter o suporte de profissionais trabalhando voluntariamente como defensores. Atualmente, a OAB-DF re\u00fane 72 mil advogados inscritos, dos quais 46 mil t\u00eam a carteira da entidade e podem advogar. Entre esses, de 20 a 25 mil t\u00eam at\u00e9 seis anos de inscri\u00e7\u00e3o.<\/p>\n\n\n\n<p>\u201cA regulamenta\u00e7\u00e3o da lei abre um novo mercado de atua\u00e7\u00e3o para a advocacia jovem e auxilia a parcela da popula\u00e7\u00e3o que precisa de assist\u00eancia jur\u00eddica e acaba ficando desassistida com a grande demanda processual frente ao quadro de defensores\u201d, afirma Lins.&nbsp;<\/p>\n\n\n\n<p>Para candidatar-se a dativo, o advogado iniciante na carreira precisa estar inscrito e em situa\u00e7\u00e3o regular na OAB-DF, estar domiciliado no DF h\u00e1 pelo menos tr\u00eas anos e n\u00e3o ser servidor ou empregado p\u00fablico da administra\u00e7\u00e3o direta e indireta da Uni\u00e3o, dos Estados, do Distrito Federal e dos munic\u00edpios.\u200b<\/p>\n\n\n\n<figure><iframe src=\"https:\/\/www.youtube.com\/embed\/7q7Yrtwedlg\" width=\"560\" height=\"315\" allowfullscreen=\"allowfullscreen\"><\/iframe><\/figure>\n","protected":false},"excerpt":{"rendered":"<p>Aprovado pela CLDF, decreto que regulamenta a legisla\u00e7\u00e3o foi assinado nesta sexta-feira (7) pelo governador Ibaneis Rocha, dando a pelo menos 20 mil advogados em in\u00edcio de carreira a possibilidade de auxiliar a Defensoria P\u00fablica no atendimento \u00e0 popula\u00e7\u00e3o carente e receber do governo por isso H\u00e9dio Ferreira J\u00fanior, da Ag\u00eancia Bras\u00edlia | Edi\u00e7\u00e3o: Chico [&hellip;]<\/p>\n","protected":false},"author":1,"featured_media":0,"comment_status":"open","ping_status":"open","sticky":false,"template":"","format":"standard","meta":{"footnotes":""},"categories":[],"tags":[],"class_list":["post-5836","post","type-post","status-publish","format-standard","hentry"],"_links":{"self":[{"href":"https:\/\/aguaslindasnoticias.com.br\/index.php\/wp-json\/wp\/v2\/posts\/5836","targetHints":{"allow":["GET"]}}],"collection":[{"href":"https:\/\/aguaslindasnoticias.com.br\/index.php\/wp-json\/wp\/v2\/posts"}],"about":[{"href":"https:\/\/aguaslindasnoticias.com.br\/index.php\/wp-json\/wp\/v2\/types\/post"}],"author":[{"embeddable":true,"href":"https:\/\/aguaslindasnoticias.com.br\/index.php\/wp-json\/wp\/v2\/users\/1"}],"replies":[{"embeddable":true,"href":"https:\/\/aguaslindasnoticias.com.br\/index.php\/wp-json\/wp\/v2\/comments?post=5836"}],"version-history":[{"count":0,"href":"https:\/\/aguaslindasnoticias.com.br\/index.php\/wp-json\/wp\/v2\/posts\/5836\/revisions"}],"wp:attachment":[{"href":"https:\/\/aguaslindasnoticias.com.br\/index.php\/wp-json\/wp\/v2\/media?parent=5836"}],"wp:term":[{"taxonomy":"category","embeddable":true,"href":"https:\/\/aguaslindasnoticias.com.br\/index.php\/wp-json\/wp\/v2\/categories?post=5836"},{"taxonomy":"post_tag","embeddable":true,"href":"https:\/\/aguaslindasnoticias.com.br\/index.php\/wp-json\/wp\/v2\/tags?post=5836"}],"curies":[{"name":"wp","href":"https:\/\/api.w.org\/{rel}","templated":true}]}}