{"id":5834,"date":"2023-01-04T10:15:34","date_gmt":"2023-01-04T13:15:34","guid":{"rendered":"https:\/\/aguaslindasnoticias.com.br\/index.php\/2023\/01\/04\/conheca-a-beleza-dos-mais-variados-templos-e-espacos-religiosos\/"},"modified":"2023-01-04T10:15:34","modified_gmt":"2023-01-04T13:15:34","slug":"conheca-a-beleza-dos-mais-variados-templos-e-espacos-religiosos","status":"publish","type":"post","link":"https:\/\/aguaslindasnoticias.com.br\/index.php\/2023\/01\/04\/conheca-a-beleza-dos-mais-variados-templos-e-espacos-religiosos\/","title":{"rendered":"Conhe\u00e7a a beleza dos mais variados templos e espa\u00e7os religiosos"},"content":{"rendered":"\n<p>Com natureza m\u00edstica, Bras\u00edlia oferece diversidade de locais dedicados \u00e0 f\u00e9<\/p>\n\n\n\n<p>Rafael Secunho, da Ag\u00eancia Bras\u00edlia | Edi\u00e7\u00e3o: Chico Neto&nbsp;A visita a templos e espa\u00e7os religiosos \u00e9 uma boa alternativa aos \u201crol\u00eas\u201d pelos monumentos e parques da capital. Com uma ampla diversidade religiosa no Distrito Federal, h\u00e1 op\u00e7\u00f5es variadas para contemplar os locais e renovar a f\u00e9. Templos de rara beleza, como o budista, na Asa Sul, e uma mesquita na Asa Norte s\u00e3o dicas de proveitosos passeios.<\/p>\n\n\n\n<figure class=\"wp-block-image\"><img decoding=\"async\" src=\"http:\/\/agenciabrasilia.df.gov.br\/wp-conteudo\/uploads\/2022\/08\/DENTRO-LBV-JRO_2883-81-300x199.jpg\" alt=\"\" class=\"wp-image-429019\"\/><figcaption>Templo da Boa Vontade \u00e9 considerado o espa\u00e7o mais ecum\u00eanico da capital federal | Fotos: Joel Rodrigues\/Ag\u00eancia Bras\u00edlia<\/figcaption><\/figure>\n\n\n\n<p>Uma passada pela Prainha dos Orix\u00e1s, no Setor de Clubes Sul, tamb\u00e9m \u00e9 recomendada. O local, muito frequentado pelos fi\u00e9is da umbanda e do candombl\u00e9, fica \u00e0s margens do Lago Parano\u00e1 e abriga 16 esculturas de divindades africanas \u2013 os orix\u00e1s. Oferendas s\u00e3o deixadas diariamente nas est\u00e1tuas, que ficam em local p\u00fablico e de acesso livre.<\/p>\n\n\n\n<p>\u201cTemos aqui monumentos religiosos bel\u00edssimos\u201d, resume o subsecret\u00e1rio de Assuntos Constitucionais, Kildare Meira. \u201cAcredito que \u00e9 uma oportunidade de conhecer culturas diversas, ter uma vis\u00e3o de Deus diferente e estimular nos mais novos esse conceito da toler\u00e2ncia religiosa, do respeito aos outros credos\u201d.<\/p>\n\n\n\n<figure><iframe src=\"https:\/\/www.youtube.com\/embed\/_DM7UvNwl5c?start=2&amp;feature=oembed\" width=\"525\" height=\"295\" allowfullscreen=\"allowfullscreen\"><\/iframe><\/figure>\n\n\n\n<p>O Templo da Boa Vontade (TBV), no final da Asa Sul, \u00e9 o ponto mais ecum\u00eanico da capital. Sua nave, aberta 24 horas por dia, \u00e9 um lugar muito procurado por brasilienses e turistas. Ali dentro, os visitantes fazem uma caminhada em espiral, professam sua f\u00e9 e buscam um momento de energiza\u00e7\u00e3o espiritual. Constru\u00eddo em 1989, conta ainda com espa\u00e7os para medita\u00e7\u00e3o, biblioteca, uma fonte de \u00e1gua natural e imensa variedade de cristais \u00e0 venda. O acesso \u00e9 gratuito.<\/p>\n\n\n\n<figure class=\"wp-block-image\"><img decoding=\"async\" src=\"http:\/\/agenciabrasilia.df.gov.br\/wp-conteudo\/uploads\/2022\/08\/Prainha-dos-Orixas-JRO_2989-15-300x199.jpg\" alt=\"\" class=\"wp-image-429024\"\/><figcaption>Prainha dos Orix\u00e1s<\/figcaption><\/figure>\n\n\n\n<p>\u00c9 um momento de \u201cpura paz\u201d, segundo a pedagoga Danielle do Prado, 56, que levou quatro familiares do Paran\u00e1 para conhecer o monumento em formato de pir\u00e2mide. \u201cPor que n\u00e3o celebrar a f\u00e9 tamb\u00e9m nas f\u00e9rias, n\u00e9?\u201d, afirma. \u201cAcho que s\u00e3o espa\u00e7os muito lindos para se conhecer e rezar. Quero lev\u00e1-los tamb\u00e9m \u00e0 igreja Dom Bosco e a Igrejinha de F\u00e1tima. Independentemente da religi\u00e3o de cada um, s\u00e3o lugares privilegiados aqui em Bras\u00edlia\u201d.&nbsp;<\/p>\n\n\n\n<p><strong>Cidade m\u00edstica<\/strong><\/p>\n\n\n\n<figure class=\"wp-block-image\"><img decoding=\"async\" src=\"http:\/\/agenciabrasilia.df.gov.br\/wp-conteudo\/uploads\/2022\/08\/Mesquita-do-centro-Islamico-JRO_3015-3-300x199.jpg\" alt=\"\" class=\"wp-image-429025\"\/><figcaption>Mesquita do Centro Isl\u00e2mico<\/figcaption><\/figure>\n\n\n\n<p>\u201cBras\u00edlia j\u00e1 nasceu com esse misticismo, com essa religiosidade\u201d, exalta o secret\u00e1rio-executivo de Turismo, Gustavo Assis. \u201cBasta lembrar da missa na Pra\u00e7a do Cruzeiro, celebrada antes da inaugura\u00e7\u00e3o da cidade, em 1957. Ent\u00e3o, n\u00e3o importa se a pessoa \u00e9 cat\u00f3lica, evang\u00e9lica ou budista: a capital tem muitos locais para os fi\u00e9is e atra\u00e7\u00f5es para todos os gostos.\u201d<\/p>\n\n\n\n<figure class=\"wp-block-image\"><img decoding=\"async\" src=\"http:\/\/agenciabrasilia.df.gov.br\/wp-conteudo\/uploads\/2022\/08\/Templo-Budista-JRO_3054-10-300x199.jpg\" alt=\"\" class=\"wp-image-429026\"\/><figcaption>Templo Budista, na Asa Sul<\/figcaption><\/figure>\n\n\n\n<p>No fim da Asa Norte, um belo conjunto de pr\u00e9dios brancos \u00e9 a sede da Mesquita do Centro Isl\u00e2mico do Distrito Federal. A visita \u00e9 uma aula sobre a cultura e a tradi\u00e7\u00e3o mu\u00e7ulmanas. Todas as sextas-feiras, \u00e0s 13h15, \u00e9 feita a ora\u00e7\u00e3o p\u00fablica, aberta a todos os visitantes e com tradu\u00e7\u00e3o para o nosso idioma.<\/p>\n\n\n\n<p>Confira, abaixo, um roteiro de turismo religioso no DF.<\/p>\n\n\n\n<figure class=\"wp-block-image\"><img decoding=\"async\" src=\"http:\/\/agenciabrasilia.df.gov.br\/wp-conteudo\/uploads\/2022\/08\/ARTE-TEMPLOS-RELIGIOSOS.png\" alt=\"\" class=\"wp-image-429011\"\/><figcaption>Arte: Ag\u00eancia Bras\u00edlia<\/figcaption><\/figure>\n","protected":false},"excerpt":{"rendered":"<p>Com natureza m\u00edstica, Bras\u00edlia oferece diversidade de locais dedicados \u00e0 f\u00e9 Rafael Secunho, da Ag\u00eancia Bras\u00edlia | Edi\u00e7\u00e3o: Chico Neto&nbsp;A visita a templos e espa\u00e7os religiosos \u00e9 uma boa alternativa aos \u201crol\u00eas\u201d pelos monumentos e parques da capital. Com uma ampla diversidade religiosa no Distrito Federal, h\u00e1 op\u00e7\u00f5es variadas para contemplar os locais e renovar [&hellip;]<\/p>\n","protected":false},"author":1,"featured_media":0,"comment_status":"open","ping_status":"open","sticky":false,"template":"","format":"standard","meta":{"footnotes":""},"categories":[],"tags":[],"class_list":["post-5834","post","type-post","status-publish","format-standard","hentry"],"_links":{"self":[{"href":"https:\/\/aguaslindasnoticias.com.br\/index.php\/wp-json\/wp\/v2\/posts\/5834","targetHints":{"allow":["GET"]}}],"collection":[{"href":"https:\/\/aguaslindasnoticias.com.br\/index.php\/wp-json\/wp\/v2\/posts"}],"about":[{"href":"https:\/\/aguaslindasnoticias.com.br\/index.php\/wp-json\/wp\/v2\/types\/post"}],"author":[{"embeddable":true,"href":"https:\/\/aguaslindasnoticias.com.br\/index.php\/wp-json\/wp\/v2\/users\/1"}],"replies":[{"embeddable":true,"href":"https:\/\/aguaslindasnoticias.com.br\/index.php\/wp-json\/wp\/v2\/comments?post=5834"}],"version-history":[{"count":0,"href":"https:\/\/aguaslindasnoticias.com.br\/index.php\/wp-json\/wp\/v2\/posts\/5834\/revisions"}],"wp:attachment":[{"href":"https:\/\/aguaslindasnoticias.com.br\/index.php\/wp-json\/wp\/v2\/media?parent=5834"}],"wp:term":[{"taxonomy":"category","embeddable":true,"href":"https:\/\/aguaslindasnoticias.com.br\/index.php\/wp-json\/wp\/v2\/categories?post=5834"},{"taxonomy":"post_tag","embeddable":true,"href":"https:\/\/aguaslindasnoticias.com.br\/index.php\/wp-json\/wp\/v2\/tags?post=5834"}],"curies":[{"name":"wp","href":"https:\/\/api.w.org\/{rel}","templated":true}]}}