{"id":5830,"date":"2023-01-04T10:15:34","date_gmt":"2023-01-04T13:15:34","guid":{"rendered":"https:\/\/aguaslindasnoticias.com.br\/index.php\/2023\/01\/04\/visite-uma-das-24-bibliotecas-publicas-do-df\/"},"modified":"2023-01-04T10:15:34","modified_gmt":"2023-01-04T13:15:34","slug":"visite-uma-das-24-bibliotecas-publicas-do-df","status":"publish","type":"post","link":"https:\/\/aguaslindasnoticias.com.br\/index.php\/2023\/01\/04\/visite-uma-das-24-bibliotecas-publicas-do-df\/","title":{"rendered":"Visite uma das 24 bibliotecas p\u00fablicas do DF"},"content":{"rendered":"\n<p>Al\u00e9m de rico acervo e espa\u00e7os de leitura, unidades oferecem programa\u00e7\u00e3o cultural e acesso a computadores com internet<\/p>\n\n\n\n<p>Catarina Loiola, da Ag\u00eancia Bras\u00edlia | Edi\u00e7\u00e3o: Claudio Fernandes<\/p>\n\n\n\n<p>Seja para um momento de estudos silencioso, seja para participar de eventos culturais, visitar uma biblioteca \u00e9 sempre uma boa op\u00e7\u00e3o. No Distrito Federal, h\u00e1 24 unidades p\u00fablicas, que oferecem um acervo de livros riqu\u00edssimo em variedade, exposi\u00e7\u00f5es art\u00edsticas e acesso a computadores com internet.<\/p>\n\n\n\n<blockquote class=\"wp-block-quote is-layout-flow wp-block-quote-is-layout-flow\"><p>\u201cToda biblioteca \u00e9 um espa\u00e7o de cultura, de incentivo \u00e0 leitura, ao pensamento cr\u00edtico, com a miss\u00e3o de desenvolver produtos sustent\u00e1veis que abranjam todas as pessoas, sem distin\u00e7\u00e3o\u201dElisa Quelemes, diretora da Biblioteca Nacional de Bras\u00edlia<\/p><\/blockquote>\n\n\n\n<p>As unidades ficam em \u00c1guas Claras, Ceil\u00e2ndia, Candangol\u00e2ndia, Cruzeiro, Estrutural, Gama, Guar\u00e1, N\u00facleo Bandeirante, Parano\u00e1, Plano Piloto, Recanto das Emas, Riacho Fundo, Santa Maria, S\u00e3o Sebasti\u00e3o, Sobradinho, Sobradinho 2, Samambaia, Taguatinga e Vicente Pires. A Secretaria de Cultura e Economia Criativa (Secec)&nbsp;<a href=\"https:\/\/www.cultura.df.gov.br\/rede-de-bibliotecas-publicas-do-distrito-federal\/\">mant\u00e9m uma lista com informa\u00e7\u00f5es completas<\/a>&nbsp;sobre as bibliotecas p\u00fablicas para facilitar o acesso da popula\u00e7\u00e3o.<\/p>\n\n\n\n<p>As unidades s\u00e3o coordenadas pela Biblioteca Nacional de Bras\u00edlia (BNB). As atribui\u00e7\u00f5es, definidas pelo Decreto n\u00ba 17.684 de 18 de setembro de 1996, incluem oferecer suporte t\u00e9cnico e operacional \u00e0s bibliotecas p\u00fablicas, compartilhar o planejamento de atividades e administrar o programa de extens\u00e3o bibliotec\u00e1ria Mala do Livro.<\/p>\n\n\n\n<figure class=\"wp-block-image\"><img decoding=\"async\" src=\"http:\/\/agenciabrasilia.df.gov.br\/wp-conteudo\/uploads\/2022\/08\/RNA1181-scaled.jpg\" alt=\"\" class=\"wp-image-427702\"\/><figcaption>Fundada na d\u00e9cada de 1990, a biblioteca do Guar\u00e1 re\u00fane acervo liter\u00e1rio com mais de 8 mil exemplares, expostos em duas salas | Fotos: Renato Ara\u00fajo \/ Ag\u00eancia Bras\u00edlia<\/figcaption><\/figure>\n\n\n\n<p>Assuntos como funcionamento, or\u00e7amento predial e patrimonial, expediente, atendimento ao p\u00fablico, empr\u00e9stimos de livros, entre outros, s\u00e3o de responsabilidade da regi\u00e3o administrativa em que a unidade est\u00e1 localizada.<\/p>\n\n\n\n<p>De acordo com a diretora da BNB, Elisa Quelemes, as bibliotecas p\u00fablicas t\u00eam caracter\u00edsticas pr\u00f3prias, como a preocupa\u00e7\u00e3o em mobilizar a comunidade para representar e atingir os interesses regionais. Com isso, o acervo e os servi\u00e7os oferecidos pela unidade respeitam as singularidades da popula\u00e7\u00e3o.<\/p>\n\n\n\n<p>\u201cQuando as bibliotecas p\u00fablicas conseguem se formar como rede, ganham fortalecimento das comunidades e podem replicar metodologias que funcionam, como produtos e servi\u00e7os\u201d, afirma a diretora. \u201cToda biblioteca \u00e9 um espa\u00e7o de cultura, de incentivo \u00e0 leitura, ao pensamento cr\u00edtico, com a miss\u00e3o de desenvolver produtos sustent\u00e1veis que abranjam todas as pessoas, sem distin\u00e7\u00e3o\u201d, completa.<\/p>\n\n\n\n<figure class=\"wp-block-image\"><img decoding=\"async\" src=\"http:\/\/agenciabrasilia.df.gov.br\/wp-conteudo\/uploads\/2022\/08\/Tiago-Barros-scaled.jpg\" alt=\"\" class=\"wp-image-427691\"\/><figcaption>Frequentador ass\u00edduo de bibliotecas, o aut\u00f4nomo Tiago Barros estuda para concurso na unidade do Guar\u00e1<\/figcaption><\/figure>\n\n\n\n<p>O aut\u00f4nomo Tiago Barros, 29 anos, \u00e9 um frequentador ass\u00edduo de bibliotecas. Ele, que estuda para concurso na unidade do Guar\u00e1, aproveita o espa\u00e7o silencioso para mergulhar nos livros. \u201cJ\u00e1 tem uns dez anos que venho para c\u00e1 para ler, escrever, estudar coisas da faculdade, e tamb\u00e9m para aproveitar o ambiente, mais calmo e tranquilo\u201d, afirma. \u201cAntes da pandemia, at\u00e9 comentava: \u2018Se quiser me achar, estou na biblioteca\u2019\u201d, brinca o concurseiro.<\/p>\n\n\n\n<p>Fundada na d\u00e9cada de 1990, a biblioteca do Guar\u00e1 re\u00fane acervo liter\u00e1rio com mais de 8 mil exemplares, expostos em duas salas. A terceira \u00e9 dedicada aos espa\u00e7os de leitura, com a disponibiliza\u00e7\u00e3o de mesas e cadeiras e seis computadores com internet.<\/p>\n\n\n\n<figure class=\"wp-block-image\"><img decoding=\"async\" src=\"http:\/\/agenciabrasilia.df.gov.br\/wp-conteudo\/uploads\/2022\/08\/Dentro-Biblioteca-do-Guara-scaled.jpg\" alt=\"\" class=\"wp-image-427685\"\/><figcaption>Exposi\u00e7\u00e3o \u2018Bras\u00edlia: um ateli\u00ea ao ar livre\u2019, com obras do artista pl\u00e1stico Otoniel Fernandes, na Biblioteca do Guar\u00e1: quadros a \u00f3leo retratam paisagens brasilienses<\/figcaption><\/figure>\n\n\n\n<p>O diretor de Cultura da administra\u00e7\u00e3o do Guar\u00e1, Julimar Pereira dos Santos, afirma que a ideia \u00e9 atender a todos os p\u00fablicos. \u201cQueremos trazer a popula\u00e7\u00e3o para mais perto porque, depois da pandemia, teve esse distanciamento e queda no movimento\u201d, diz ele.<\/p>\n\n\n\n<p>A administradora regional do Guar\u00e1, Luciane Quintana, destaca a import\u00e2ncia do equipamento p\u00fablico para o bem-estar da popula\u00e7\u00e3o. \u201cA biblioteca p\u00fablica \u00e9 um importante e acess\u00edvel instrumento de compartilhamento do conhecimento, oferecendo romances, poesias e cr\u00f4nicas, al\u00e9m de livros para quem se prepara para concursos e vestibulares\u201d, salienta.<\/p>\n\n\n\n<p><strong>Leitura: sin\u00f4nimo de divers\u00e3o<\/strong><\/p>\n\n\n\n<p>No Sudoeste\/Octogonal, o papel de levar cultura \u00e0 popula\u00e7\u00e3o ficou a cargo de uma biblioteca comunit\u00e1ria localizada no Parque Bosque do Sudoeste. O espa\u00e7o, que existe desde 2013, \u00e9 de responsabilidade da administra\u00e7\u00e3o da cidade e oferece centenas de livros para empr\u00e9stimo gratuito.<\/p>\n\n\n\n<p>\u201cA biblioteca \u00e9 fundamental para o desenvolvimento intelectual dos moradores, at\u00e9 para trazer mais intera\u00e7\u00e3o entre a comunidade\u201d, sintetiza o administrador regional, Junior Vieira.<\/p>\n\n\n\n<figure class=\"wp-block-image\"><img decoding=\"async\" src=\"http:\/\/agenciabrasilia.df.gov.br\/wp-conteudo\/uploads\/2022\/08\/Henrique-Behr-scaled.jpg\" alt=\"\" class=\"wp-image-427693\"\/><figcaption>Diretor de Cultura da administra\u00e7\u00e3o do Sudoeste\/Octogonal, Henrique Behr explica que, na biblioteca comunit\u00e1ria, o prazo para devolu\u00e7\u00e3o dos livros \u00e9 indefinido porque \u201ca leitura deve ser feita com prazer\u201d<\/figcaption><\/figure>\n\n\n\n<p>Os exemplares, com t\u00edtulos contempor\u00e2neos e cl\u00e1ssicos, foram doados pela popula\u00e7\u00e3o, assim como arm\u00e1rios, prateleiras e poltronas. Para pegar um livro emprestado, \u00e9 simples: basta ir at\u00e9 o local, escolher o livro, informar nome e sobrenome e telefone para contato. Cada cidad\u00e3o pode pegar tr\u00eas t\u00edtulos de uma vez e n\u00e3o h\u00e1 data para devolu\u00e7\u00e3o.<\/p>\n\n\n\n<p>\u201cO prazo \u00e9 indefinido porque, particularmente, acho que a leitura deve ser feita com prazer e n\u00e3o com a pressa de devolver o livro. O melhor \u00e9 relaxar, sem nenhuma tens\u00e3o na leitura\u201d, comenta o diretor de Cultura da administra\u00e7\u00e3o regional, Henrique Behr.<\/p>\n\n\n\n<figure class=\"wp-block-image\"><img decoding=\"async\" src=\"http:\/\/agenciabrasilia.df.gov.br\/wp-conteudo\/uploads\/2022\/08\/Lucca-Almeida-scaled.jpg\" alt=\"\" class=\"wp-image-427695\"\/><figcaption>Morador do Cruzeiro Velho, Lucca Almeida, 7 anos, vai com a m\u00e3e \u00e0 biblioteca comunit\u00e1ria no Parque Bosque do Sudoeste; suas leituras preferidas s\u00e3o os mang\u00e1s e gibis<\/figcaption><\/figure>\n\n\n\n<p>O pequeno Lucca Almeida, 7 anos, que aprendeu a ler recentemente, adora os livros infantis da biblioteca comunit\u00e1ria e j\u00e1 levou v\u00e1rios para casa. \u201cMeus preferidos s\u00e3o os mang\u00e1s e gibis\u201d, diz o morador do Cruzeiro Velho, que vai ao local com a m\u00e3e, V\u00e2nia Almeida, 46 anos. Ela \u00e9 servidora p\u00fablica e trabalha pr\u00f3ximo ao local.<\/p>\n\n\n\n<p>\u201cUltimamente, n\u00e3o se v\u00ea mais as crian\u00e7as lendo. E acho que, para os pais, \u00e9 importante insistir nisso, porque l\u00e1 atr\u00e1s foi assim. Era tudo com os livros, hoje em dia \u00e9 tudo digital. Pelo menos uma vez na semana, a gente estava dentro de uma biblioteca\u201d, afirma V\u00e2nia.<\/p>\n","protected":false},"excerpt":{"rendered":"<p>Al\u00e9m de rico acervo e espa\u00e7os de leitura, unidades oferecem programa\u00e7\u00e3o cultural e acesso a computadores com internet Catarina Loiola, da Ag\u00eancia Bras\u00edlia | Edi\u00e7\u00e3o: Claudio Fernandes Seja para um momento de estudos silencioso, seja para participar de eventos culturais, visitar uma biblioteca \u00e9 sempre uma boa op\u00e7\u00e3o. No Distrito Federal, h\u00e1 24 unidades p\u00fablicas, [&hellip;]<\/p>\n","protected":false},"author":1,"featured_media":0,"comment_status":"open","ping_status":"open","sticky":false,"template":"","format":"standard","meta":{"footnotes":""},"categories":[],"tags":[],"class_list":["post-5830","post","type-post","status-publish","format-standard","hentry"],"_links":{"self":[{"href":"https:\/\/aguaslindasnoticias.com.br\/index.php\/wp-json\/wp\/v2\/posts\/5830","targetHints":{"allow":["GET"]}}],"collection":[{"href":"https:\/\/aguaslindasnoticias.com.br\/index.php\/wp-json\/wp\/v2\/posts"}],"about":[{"href":"https:\/\/aguaslindasnoticias.com.br\/index.php\/wp-json\/wp\/v2\/types\/post"}],"author":[{"embeddable":true,"href":"https:\/\/aguaslindasnoticias.com.br\/index.php\/wp-json\/wp\/v2\/users\/1"}],"replies":[{"embeddable":true,"href":"https:\/\/aguaslindasnoticias.com.br\/index.php\/wp-json\/wp\/v2\/comments?post=5830"}],"version-history":[{"count":0,"href":"https:\/\/aguaslindasnoticias.com.br\/index.php\/wp-json\/wp\/v2\/posts\/5830\/revisions"}],"wp:attachment":[{"href":"https:\/\/aguaslindasnoticias.com.br\/index.php\/wp-json\/wp\/v2\/media?parent=5830"}],"wp:term":[{"taxonomy":"category","embeddable":true,"href":"https:\/\/aguaslindasnoticias.com.br\/index.php\/wp-json\/wp\/v2\/categories?post=5830"},{"taxonomy":"post_tag","embeddable":true,"href":"https:\/\/aguaslindasnoticias.com.br\/index.php\/wp-json\/wp\/v2\/tags?post=5830"}],"curies":[{"name":"wp","href":"https:\/\/api.w.org\/{rel}","templated":true}]}}