{"id":5829,"date":"2023-01-04T10:15:34","date_gmt":"2023-01-04T13:15:34","guid":{"rendered":"https:\/\/aguaslindasnoticias.com.br\/index.php\/2023\/01\/04\/populacao-convidada-a-discutir-parcelamento-da-fazenda-sobradinho\/"},"modified":"2023-01-04T10:15:34","modified_gmt":"2023-01-04T13:15:34","slug":"populacao-convidada-a-discutir-parcelamento-da-fazenda-sobradinho","status":"publish","type":"post","link":"https:\/\/aguaslindasnoticias.com.br\/index.php\/2023\/01\/04\/populacao-convidada-a-discutir-parcelamento-da-fazenda-sobradinho\/","title":{"rendered":"Popula\u00e7\u00e3o convidada a discutir parcelamento da Fazenda Sobradinho"},"content":{"rendered":"\n<p>Relat\u00f3rio ser\u00e1 apresentado na quinta-feira (13), no canal do Bras\u00edlia Ambiental no YouTube<\/p>\n\n\n\n<p>Ag\u00eancia Bras\u00edlia* | Edi\u00e7\u00e3o: Chico Neto&nbsp;O Instituto Bras\u00edlia Ambiental, por meio da Superintend\u00eancia de Licenciamento (Sulam), promove, na pr\u00f3xima quinta-feira (13), a audi\u00eancia p\u00fablica virtual de apresenta\u00e7\u00e3o e discuss\u00e3o do Relat\u00f3rio de Impacto de Vizinhan\u00e7a (Rivi) para parcelamento de solo urbano referente ao licenciamento ambiental da Fazenda Sobradinho, localizada no entroncamento da DF-420 com a DF-150,na Regi\u00e3o Administrativa de Sobradinho II.<\/p>\n\n\n\n<figure class=\"wp-block-image\"><img decoding=\"async\" src=\"http:\/\/agenciabrasilia.df.gov.br\/wp-conteudo\/uploads\/2022\/10\/10.10.-Foto-Divulgacao-Brasilia-Ambiental.png\" alt=\"\" class=\"wp-image-438968\"\/><figcaption>\u00c1rea sobre a qual ser\u00e1 discutido o parcelamento de solo | Foto: Divulga\u00e7\u00e3o\/Bras\u00edlia Ambiental<\/figcaption><\/figure>\n\n\n\n<p>O encontro ser\u00e1 transmitido ao vivo no&nbsp;<a href=\"https:\/\/docs.google.com\/document\/u\/0\/\" target=\"_blank\" rel=\"noreferrer noopener\">canal do Bras\u00edlia Ambiental no YouTube<\/a>, das 19h \u00e0s 21h45, com a exposi\u00e7\u00e3o t\u00e9cnica do projeto e um espa\u00e7o aberto para a participa\u00e7\u00e3o de interessados. Confira&nbsp;<a href=\"https:\/\/www.brasiliaambiental.df.gov.br\/wp-content\/uploads\/2022\/09\/INSTRUCOES-DE-ACESSO-_-Setor-Habitacional-Joquei-Clube.pdf\" target=\"_blank\" rel=\"noreferrer noopener\">aqui<\/a>&nbsp;as&nbsp;instru\u00e7\u00f5es e procedimentos.&nbsp;&nbsp;<\/p>\n\n\n\n<p>*<em>Com informa\u00e7\u00f5es do Bras\u00edlia Ambiental<\/em><\/p>\n","protected":false},"excerpt":{"rendered":"<p>Relat\u00f3rio ser\u00e1 apresentado na quinta-feira (13), no canal do Bras\u00edlia Ambiental no YouTube Ag\u00eancia Bras\u00edlia* | Edi\u00e7\u00e3o: Chico Neto&nbsp;O Instituto Bras\u00edlia Ambiental, por meio da Superintend\u00eancia de Licenciamento (Sulam), promove, na pr\u00f3xima quinta-feira (13), a audi\u00eancia p\u00fablica virtual de apresenta\u00e7\u00e3o e discuss\u00e3o do Relat\u00f3rio de Impacto de Vizinhan\u00e7a (Rivi) para parcelamento de solo urbano referente [&hellip;]<\/p>\n","protected":false},"author":1,"featured_media":0,"comment_status":"open","ping_status":"open","sticky":false,"template":"","format":"standard","meta":{"footnotes":""},"categories":[],"tags":[],"class_list":["post-5829","post","type-post","status-publish","format-standard","hentry"],"_links":{"self":[{"href":"https:\/\/aguaslindasnoticias.com.br\/index.php\/wp-json\/wp\/v2\/posts\/5829","targetHints":{"allow":["GET"]}}],"collection":[{"href":"https:\/\/aguaslindasnoticias.com.br\/index.php\/wp-json\/wp\/v2\/posts"}],"about":[{"href":"https:\/\/aguaslindasnoticias.com.br\/index.php\/wp-json\/wp\/v2\/types\/post"}],"author":[{"embeddable":true,"href":"https:\/\/aguaslindasnoticias.com.br\/index.php\/wp-json\/wp\/v2\/users\/1"}],"replies":[{"embeddable":true,"href":"https:\/\/aguaslindasnoticias.com.br\/index.php\/wp-json\/wp\/v2\/comments?post=5829"}],"version-history":[{"count":0,"href":"https:\/\/aguaslindasnoticias.com.br\/index.php\/wp-json\/wp\/v2\/posts\/5829\/revisions"}],"wp:attachment":[{"href":"https:\/\/aguaslindasnoticias.com.br\/index.php\/wp-json\/wp\/v2\/media?parent=5829"}],"wp:term":[{"taxonomy":"category","embeddable":true,"href":"https:\/\/aguaslindasnoticias.com.br\/index.php\/wp-json\/wp\/v2\/categories?post=5829"},{"taxonomy":"post_tag","embeddable":true,"href":"https:\/\/aguaslindasnoticias.com.br\/index.php\/wp-json\/wp\/v2\/tags?post=5829"}],"curies":[{"name":"wp","href":"https:\/\/api.w.org\/{rel}","templated":true}]}}