{"id":5828,"date":"2023-01-04T10:15:34","date_gmt":"2023-01-04T13:15:34","guid":{"rendered":"https:\/\/aguaslindasnoticias.com.br\/index.php\/2023\/01\/04\/servicos-disponiveis-para-o-cidadao-nas-administracoes-regionais\/"},"modified":"2023-01-04T10:15:34","modified_gmt":"2023-01-04T13:15:34","slug":"servicos-disponiveis-para-o-cidadao-nas-administracoes-regionais","status":"publish","type":"post","link":"https:\/\/aguaslindasnoticias.com.br\/index.php\/2023\/01\/04\/servicos-disponiveis-para-o-cidadao-nas-administracoes-regionais\/","title":{"rendered":"Servi\u00e7os dispon\u00edveis para o cidad\u00e3o nas administra\u00e7\u00f5es regionais"},"content":{"rendered":"\n<p>O \u00f3rg\u00e3o atende desde pedidos de concess\u00e3o de alvar\u00e1s at\u00e9 demandas de infraestrutura. Tamb\u00e9m \u00e9 poss\u00edvel solicitar servi\u00e7os 24 horas pela internet<\/p>\n\n\n\n<p>Adriana Izel, da Ag\u00eancia Bras\u00edlia | Edi\u00e7\u00e3o: Claudio Fernandes&nbsp;Para cada regi\u00e3o administrativa do Distrito Federal, h\u00e1 uma administra\u00e7\u00e3o regional. O objetivo \u00e9 ser um canal entre a popula\u00e7\u00e3o e o governo para garantir a presta\u00e7\u00e3o de diferentes servi\u00e7os, como demandas de infraestrutura e concess\u00e3o de autoriza\u00e7\u00f5es.<\/p>\n\n\n\n<p>As solicita\u00e7\u00f5es dos moradores podem ser feitas tanto presencialmente, no hor\u00e1rio de funcionamento das administra\u00e7\u00f5es quanto no formato digital, por meio do programa&nbsp;<a href=\"http:\/\/adm24h.df.gov.br\/#servicos\">Administra\u00e7\u00e3o Regional Digital 24 horas<\/a>.<\/p>\n\n\n\n<figure class=\"wp-block-image\"><img decoding=\"async\" src=\"http:\/\/agenciabrasilia.df.gov.br\/wp-conteudo\/uploads\/2022\/08\/Dentro-6-scaled.jpg\" alt=\"\" class=\"wp-image-427742\"\/><figcaption>As administra\u00e7\u00f5es regionais contam com uma variada carta de servi\u00e7os, que pode ser conferida no site oficial de cada uma delas | Fotos: Renato Ara\u00fajo \/ Ag\u00eancia Bras\u00edlia<\/figcaption><\/figure>\n\n\n\n<p>\u201cO nosso papel como administra\u00e7\u00e3o \u00e9 servir, facilitar a execu\u00e7\u00e3o das demandas solicitadas pelo morador e, principalmente, compartilhar o que precisa ser feito\u201d, define a administradora do Guar\u00e1, Luciane Quintana. \u201cQuando recebemos e atendemos as demandas, deixamos a administra\u00e7\u00e3o mais pr\u00f3xima do morador\u201d, completa.<\/p>\n\n\n\n<p>As 33 administra\u00e7\u00f5es regionais contam com uma variada carta de servi\u00e7os \u2013 que pode ser conferida no site oficial de cada uma delas. Na al\u00e7ada das reparti\u00e7\u00f5es est\u00e3o concess\u00e3o de alvar\u00e1s e carta de Habite-se; autoriza\u00e7\u00e3o de funcionamento e para realiza\u00e7\u00e3o de eventos; levantamento de topografia; licen\u00e7a relacionada a quest\u00f5es em \u00e1rea p\u00fablica; informa\u00e7\u00e3o e aprova\u00e7\u00e3o de projeto de arquitetura; emiss\u00e3o de documento de arrecada\u00e7\u00e3o para taxa de ocupa\u00e7\u00e3o de \u00e1rea p\u00fablica, al\u00e9m de servi\u00e7os de obras e manuten\u00e7\u00e3o nas cidades.<\/p>\n\n\n\n<figure class=\"wp-block-image\"><img decoding=\"async\" src=\"http:\/\/agenciabrasilia.df.gov.br\/wp-conteudo\/uploads\/2022\/08\/RNA1750-scaled.jpg\" alt=\"\" class=\"wp-image-427744\"\/><figcaption>Algumas administra\u00e7\u00f5es tamb\u00e9m t\u00eam unidades de outros \u00f3rg\u00e3os do GDF em suas sedes, como o Procon<\/figcaption><\/figure>\n\n\n\n<p>\u201cAs portas da administra\u00e7\u00e3o ficam abertas para a comunidade. A administra\u00e7\u00e3o fornece o trabalho de Ouvidoria. A pessoa pode vir aqui e fazer sua reclama\u00e7\u00e3o ou solicitar algum trabalho de manuten\u00e7\u00e3o, de licenciamento, de autoriza\u00e7\u00e3o. Tudo isso \u00e9 feito no Protocolo\u201d, explica o chefe de gabinete da Administra\u00e7\u00e3o Regional de Ceil\u00e2ndia, Marcondes Bezerra de Sousa.<\/p>\n\n\n\n<p>A vers\u00e3o digital 24 horas tem como foco os servi\u00e7os de infraestrutura. Pelo site, \u00e9 poss\u00edvel solicitar visita ao endere\u00e7o de acumuladores; execu\u00e7\u00e3o de servi\u00e7os de bueiro e boca de lobo; constru\u00e7\u00e3o, manuten\u00e7\u00e3o e reforma em ciclovia ou ciclofaixa em rodovia; verifica\u00e7\u00e3o de focos do mosquito da dengue; constru\u00e7\u00e3o e reforma de cal\u00e7ada, meio-fio e rampa; solicita\u00e7\u00e3o ou reforma de faixa pedestre; fiscaliza\u00e7\u00e3o em lote vazio; reconstru\u00e7\u00e3o e reforma de galeria de \u00e1guas pluviais; manuten\u00e7\u00e3o, amplia\u00e7\u00e3o e implanta\u00e7\u00e3o de ilumina\u00e7\u00e3o p\u00fablica; cria\u00e7\u00e3o de linhas de \u00f4nibus; manuten\u00e7\u00e3o de estradas e rodovias; limpeza e reparo de parada de \u00f4nibus, pista de skate, parquinho e ponto de encontro comunit\u00e1rio (PEC); implanta\u00e7\u00e3o de sinaliza\u00e7\u00e3o; poda de \u00e1rvore; ro\u00e7agem; orienta\u00e7\u00e3o para instala\u00e7\u00e3o de cont\u00eainer e conserto de buracos em vias p\u00fablicas.<\/p>\n\n\n\n<p><strong>Outros servi\u00e7os<\/strong><\/p>\n\n\n\n<p>Algumas administra\u00e7\u00f5es tamb\u00e9m contam com unidades de outros \u00f3rg\u00e3os do GDF em suas sedes com o objetivo de facilitar a presta\u00e7\u00e3o de servi\u00e7os. Dependendo da regi\u00e3o, \u00e9 poss\u00edvel encontrar sedes de Na Hora, Procon, Junta Militar, Sala do Empreendedor, Neoenergia, Espa\u00e7o Mulher Pr\u00f3-V\u00edtima, DF Legal, Codhab, Servi\u00e7o Nacional de Aprendizagem Comercial (Senac) e Secretaria de Ci\u00eancia e Tecnologia.<\/p>\n\n\n\n<figure class=\"wp-block-image\"><img decoding=\"async\" src=\"http:\/\/agenciabrasilia.df.gov.br\/wp-conteudo\/uploads\/2022\/08\/Marcelo-Penna-feirante-scaled.jpg\" alt=\"\" class=\"wp-image-427745\"\/><figcaption>O feirante Marcelo Penna, 49 anos, foi at\u00e9 a Administra\u00e7\u00e3o Regional do Guar\u00e1 para fazer o recadastramento da loja em que vende tiaras e la\u00e7os<\/figcaption><\/figure>\n\n\n\n<p>\u00c9 o caso da Administra\u00e7\u00e3o Regional de Ceil\u00e2ndia, que conta com Junta Militar, DF Legal e Sala do Empreendedor. O servidor p\u00fablico Rog\u00e9rio Santos Gon\u00e7alves, 38 anos, foi at\u00e9 o local para resolver uma quest\u00e3o na sede do DF Legal em rela\u00e7\u00e3o a multas que recebeu, mesmo ap\u00f3s a regulariza\u00e7\u00e3o da casa em que vive. Apesar do inc\u00f4modo da situa\u00e7\u00e3o, ele define o atendimento como \u201cr\u00e1pido, cordial e preciso\u201d.<\/p>\n\n\n\n<p>J\u00e1 Lurdes Sousa, 53, foi at\u00e9 a administra\u00e7\u00e3o da cidade em busca da renova\u00e7\u00e3o do alvar\u00e1 do centro de conviv\u00eancia de idosos em que ela trabalha como assistente social. \u201cT\u00ednhamos um alvar\u00e1 que venceu. Ent\u00e3o, vim ao protocolo para solicitar um novo alvar\u00e1\u201d, explica.<\/p>\n\n\n\n<figure class=\"wp-block-image\"><img decoding=\"async\" src=\"http:\/\/agenciabrasilia.df.gov.br\/wp-conteudo\/uploads\/2022\/08\/Tonijackson-Fernandes-comerciante-scaled.jpg\" alt=\"\" class=\"wp-image-427746\"\/><figcaption>Dono de um centro automotivo no SOF Sul, Tonijackson Fernandes, 43 anos, foi regularizar a loja na administra\u00e7\u00e3o do Guar\u00e1<\/figcaption><\/figure>\n\n\n\n<p>Feirante na Feira do Guar\u00e1, Marcelo Penna, 49, foi at\u00e9 a administra\u00e7\u00e3o da regi\u00e3o administrativa para fazer o recadastramento da loja em que vende tiaras e la\u00e7os. \u201cJ\u00e1 vim outras vezes e sempre sou bem atendido. Vim trazer certid\u00f5es para o recadastramento e deixar tudo em dia\u201d, define.<\/p>\n\n\n\n<figure class=\"wp-block-image\"><img decoding=\"async\" src=\"http:\/\/agenciabrasilia.df.gov.br\/wp-conteudo\/uploads\/2022\/08\/RNA1823-scaled.jpg\" alt=\"\" class=\"wp-image-427747\"\/><figcaption>O servidor p\u00fablico Jos\u00e9 Andrade, 58 anos, costuma ir \u00e0 sede da administra\u00e7\u00e3o para descartar itens de vidro<\/figcaption><\/figure>\n\n\n\n<p>Dono de um centro automotivo no SOF Sul, Tonijackson Fernandes, 43, foi regularizar a loja na administra\u00e7\u00e3o do Guar\u00e1. \u201cVim resolver uma quest\u00e3o da cobertura da minha loja, que estava fora do padr\u00e3o. O atendimento foi muito bom, foi tudo muito r\u00e1pido. N\u00e3o tive que ficar esperando\u201d, classifica.<\/p>\n\n\n\n<p>De tempos em tempos, o servidor p\u00fablico Jos\u00e9 Andrade, 58, vai at\u00e9 a administra\u00e7\u00e3o do Guar\u00e1 com o objetivo de descartar itens de vidro. \u201cEu vou levando os vidros que acumulo em casa. Acho \u00f3timo, um servi\u00e7o p\u00fablico de destaque\u201d, avalia.<\/p>\n","protected":false},"excerpt":{"rendered":"<p>O \u00f3rg\u00e3o atende desde pedidos de concess\u00e3o de alvar\u00e1s at\u00e9 demandas de infraestrutura. Tamb\u00e9m \u00e9 poss\u00edvel solicitar servi\u00e7os 24 horas pela internet Adriana Izel, da Ag\u00eancia Bras\u00edlia | Edi\u00e7\u00e3o: Claudio Fernandes&nbsp;Para cada regi\u00e3o administrativa do Distrito Federal, h\u00e1 uma administra\u00e7\u00e3o regional. O objetivo \u00e9 ser um canal entre a popula\u00e7\u00e3o e o governo para garantir [&hellip;]<\/p>\n","protected":false},"author":1,"featured_media":0,"comment_status":"open","ping_status":"open","sticky":false,"template":"","format":"standard","meta":{"footnotes":""},"categories":[],"tags":[],"class_list":["post-5828","post","type-post","status-publish","format-standard","hentry"],"_links":{"self":[{"href":"https:\/\/aguaslindasnoticias.com.br\/index.php\/wp-json\/wp\/v2\/posts\/5828","targetHints":{"allow":["GET"]}}],"collection":[{"href":"https:\/\/aguaslindasnoticias.com.br\/index.php\/wp-json\/wp\/v2\/posts"}],"about":[{"href":"https:\/\/aguaslindasnoticias.com.br\/index.php\/wp-json\/wp\/v2\/types\/post"}],"author":[{"embeddable":true,"href":"https:\/\/aguaslindasnoticias.com.br\/index.php\/wp-json\/wp\/v2\/users\/1"}],"replies":[{"embeddable":true,"href":"https:\/\/aguaslindasnoticias.com.br\/index.php\/wp-json\/wp\/v2\/comments?post=5828"}],"version-history":[{"count":0,"href":"https:\/\/aguaslindasnoticias.com.br\/index.php\/wp-json\/wp\/v2\/posts\/5828\/revisions"}],"wp:attachment":[{"href":"https:\/\/aguaslindasnoticias.com.br\/index.php\/wp-json\/wp\/v2\/media?parent=5828"}],"wp:term":[{"taxonomy":"category","embeddable":true,"href":"https:\/\/aguaslindasnoticias.com.br\/index.php\/wp-json\/wp\/v2\/categories?post=5828"},{"taxonomy":"post_tag","embeddable":true,"href":"https:\/\/aguaslindasnoticias.com.br\/index.php\/wp-json\/wp\/v2\/tags?post=5828"}],"curies":[{"name":"wp","href":"https:\/\/api.w.org\/{rel}","templated":true}]}}