{"id":5827,"date":"2023-01-04T10:15:34","date_gmt":"2023-01-04T13:15:34","guid":{"rendered":"https:\/\/aguaslindasnoticias.com.br\/index.php\/2023\/01\/04\/mais-de-57-mil-pessoas-no-df-usam-o-cartao-de-transporte-especial\/"},"modified":"2023-01-04T10:15:34","modified_gmt":"2023-01-04T13:15:34","slug":"mais-de-57-mil-pessoas-no-df-usam-o-cartao-de-transporte-especial","status":"publish","type":"post","link":"https:\/\/aguaslindasnoticias.com.br\/index.php\/2023\/01\/04\/mais-de-57-mil-pessoas-no-df-usam-o-cartao-de-transporte-especial\/","title":{"rendered":"Mais de 57 mil pessoas no DF usam o cart\u00e3o de transporte especial"},"content":{"rendered":"\n<p>Gratuidade permite deslocamento de pessoas com defici\u00eancia por todas as regi\u00f5es administrativas; cadastro \u00e9 feito pela internet<\/p>\n\n\n\n<p>Catarina Loiola, da Ag\u00eancia Bras\u00edlia I Edi\u00e7\u00e3o: D\u00e9bora Cronemberger<\/p>\n\n\n\n<p>O Distrito Federal oferece diversos modelos de cart\u00f5es de transporte para a popula\u00e7\u00e3o, a fim de facilitar o deslocamento entre as regi\u00f5es administrativas. Um deles \u00e9 o cart\u00e3o especial, destinado a pessoas com defici\u00eancia (PcDs) residentes do DF que n\u00e3o tenham condi\u00e7\u00f5es de custear as passagens de \u00f4nibus e metr\u00f4. Atualmente, h\u00e1 57.331 cart\u00f5es ativos.<\/p>\n\n\n\n<figure class=\"wp-block-image\"><img decoding=\"async\" src=\"http:\/\/agenciabrasilia.df.gov.br\/wp-conteudo\/uploads\/2022\/08\/WhatsApp-Image-2022-08-02-at-12.17.23-1-680x1024.jpeg\" alt=\"\" class=\"wp-image-427208\"\/><figcaption>Com o cart\u00e3o, o usu\u00e1rio pode viajar gratuitamente por todas as 33 regi\u00f5es administrativas, de \u00f4nibus e metr\u00f4 |&nbsp;Foto: L\u00facio Bernardo Jr\/Ag\u00eancia Bras\u00edlia<\/figcaption><\/figure>\n\n\n\n<blockquote class=\"wp-block-quote is-layout-flow wp-block-quote-is-layout-flow\"><p>A primeira via do cart\u00e3o \u00e9 gratuita. O usu\u00e1rio precisa se cadastrar no site e fornecer laudo m\u00e9dico, RG e CPF, comprovante de renda e de resid\u00eancia e uma foto 3&#215;4<\/p><\/blockquote>\n\n\n\n<p>A gratuidade \u00e9 para uso exclusivo do titular, de car\u00e1ter pessoal e intransfer\u00edvel, indicada ao p\u00fablico com renda per capita de at\u00e9 tr\u00eas sal\u00e1rios m\u00ednimos que tenha insufici\u00eancia renal e card\u00edaca cr\u00f4nica ou seja portador de c\u00e2ncer, v\u00edrus HIV e anemias cong\u00eanitas (falciforme e talassemia) e coagulat\u00f3rias cong\u00eanitas (hemofilia), al\u00e9m de pessoas com defici\u00eancia f\u00edsica, sensorial ou mental, nas condi\u00e7\u00f5es relacionadas em legisla\u00e7\u00e3o espec\u00edfica.<\/p>\n\n\n\n<p>A primeira via do cart\u00e3o \u00e9 gratuita. O usu\u00e1rio precisa se cadastrar no site e fornecer laudo m\u00e9dico, RG e CPF, comprovante de renda e de resid\u00eancia e uma foto 3\u00d74. Deve-se aguardar o t\u00e9rmino da an\u00e1lise da documenta\u00e7\u00e3o para a concess\u00e3o da gratuidade. Pelo perfil, \u00e9 poss\u00edvel acompanhar a situa\u00e7\u00e3o do cart\u00e3o e realizar mudan\u00e7as e atualiza\u00e7\u00f5es nas informa\u00e7\u00f5es.<\/p>\n\n\n\n<p>Em caso de perda, furto, danifica\u00e7\u00e3o ou mau funcionamento, o usu\u00e1rio pode solicitar a segunda via mediante bloqueio do cart\u00e3o&nbsp;<a href=\"https:\/\/mobilidade.brb.com.br\/GestaoSBA\/solicitarBloqueioCartao\" target=\"_blank\" rel=\"noreferrer noopener\">(acesse aqui)&nbsp;<\/a>ou pela central de atendimento no n\u00famero (61) 3120-9500. Em seguida, deve pagar a taxa de R$ 5,40 \u2013 a mesma para todas as categorias de cart\u00e3o de transporte \u2013 por dep\u00f3sito identificado com o CPF do titular, em qualquer conveni\u00eancia ou ag\u00eancia do BRB.<\/p>\n\n\n\n<blockquote class=\"wp-block-quote is-layout-flow wp-block-quote-is-layout-flow\"><p>O cart\u00e3o \u00e9 entregue no posto BRB Mobilidade da esta\u00e7\u00e3o do Metr\u00f4 112 Sul. \u00c9 preciso apresentar comprovante de pagamento, documento oficial original com foto e boletim de ocorr\u00eancia, no caso de extravio por perda ou furto<\/p><\/blockquote>\n\n\n\n<p>O cart\u00e3o \u00e9 entregue no posto BRB Mobilidade da esta\u00e7\u00e3o do Metr\u00f4 112 Sul. \u00c9 preciso apresentar comprovante de pagamento, documento oficial original com foto e boletim de ocorr\u00eancia, no caso de extravio por perda ou furto.<\/p>\n\n\n\n<p>O benef\u00edcio pode ser cancelado nas seguintes situa\u00e7\u00f5es: falecimento do benefici\u00e1rio, aumento de renda familiar para mais de tr\u00eas sal\u00e1rios m\u00ednimos, altera\u00e7\u00e3o do diagn\u00f3stico m\u00e9dico e altera\u00e7\u00e3o de endere\u00e7o para fora do DF. O cart\u00e3o tamb\u00e9m pode ser bloqueado se houver recadastramento pendente e uso indevido.<\/p>\n\n\n\n<p><strong>Acessos<\/strong><\/p>\n\n\n\n<p>Com o cart\u00e3o, o usu\u00e1rio pode viajar por todas as 33 regi\u00f5es administrativas, de \u00f4nibus e metr\u00f4. S\u00e3o concedidos oito acessos di\u00e1rios ao usu\u00e1rio. Se houver acompanhante, o total de acessos sobe para 16 por dia, sendo oito para o titular do benef\u00edcio e oito para a companhia. Assim, ao embarcar no coletivo, o cart\u00e3o deve ser passado duas vezes no validador, sendo uma para cada pessoa.<\/p>\n\n\n\n<p>O acompanhante deve ter mais de 18 anos e ser cadastrado no BRB Mobilidade. O cart\u00e3o especial tamb\u00e9m s\u00f3 pode ser utilizado na presen\u00e7a do titular.&nbsp;Para mais informa\u00e7\u00f5es,&nbsp;<a href=\"https:\/\/campanhas.brb.com.br\/mobilidade\/cartao-especial.html\" target=\"_blank\" rel=\"noreferrer noopener\">acesse o site<\/a>.<\/p>\n","protected":false},"excerpt":{"rendered":"<p>Gratuidade permite deslocamento de pessoas com defici\u00eancia por todas as regi\u00f5es administrativas; cadastro \u00e9 feito pela internet Catarina Loiola, da Ag\u00eancia Bras\u00edlia I Edi\u00e7\u00e3o: D\u00e9bora Cronemberger O Distrito Federal oferece diversos modelos de cart\u00f5es de transporte para a popula\u00e7\u00e3o, a fim de facilitar o deslocamento entre as regi\u00f5es administrativas. Um deles \u00e9 o cart\u00e3o especial, [&hellip;]<\/p>\n","protected":false},"author":1,"featured_media":0,"comment_status":"open","ping_status":"open","sticky":false,"template":"","format":"standard","meta":{"footnotes":""},"categories":[],"tags":[],"class_list":["post-5827","post","type-post","status-publish","format-standard","hentry"],"_links":{"self":[{"href":"https:\/\/aguaslindasnoticias.com.br\/index.php\/wp-json\/wp\/v2\/posts\/5827","targetHints":{"allow":["GET"]}}],"collection":[{"href":"https:\/\/aguaslindasnoticias.com.br\/index.php\/wp-json\/wp\/v2\/posts"}],"about":[{"href":"https:\/\/aguaslindasnoticias.com.br\/index.php\/wp-json\/wp\/v2\/types\/post"}],"author":[{"embeddable":true,"href":"https:\/\/aguaslindasnoticias.com.br\/index.php\/wp-json\/wp\/v2\/users\/1"}],"replies":[{"embeddable":true,"href":"https:\/\/aguaslindasnoticias.com.br\/index.php\/wp-json\/wp\/v2\/comments?post=5827"}],"version-history":[{"count":0,"href":"https:\/\/aguaslindasnoticias.com.br\/index.php\/wp-json\/wp\/v2\/posts\/5827\/revisions"}],"wp:attachment":[{"href":"https:\/\/aguaslindasnoticias.com.br\/index.php\/wp-json\/wp\/v2\/media?parent=5827"}],"wp:term":[{"taxonomy":"category","embeddable":true,"href":"https:\/\/aguaslindasnoticias.com.br\/index.php\/wp-json\/wp\/v2\/categories?post=5827"},{"taxonomy":"post_tag","embeddable":true,"href":"https:\/\/aguaslindasnoticias.com.br\/index.php\/wp-json\/wp\/v2\/tags?post=5827"}],"curies":[{"name":"wp","href":"https:\/\/api.w.org\/{rel}","templated":true}]}}