{"id":5824,"date":"2023-01-04T10:15:34","date_gmt":"2023-01-04T13:15:34","guid":{"rendered":"https:\/\/aguaslindasnoticias.com.br\/index.php\/2023\/01\/04\/sesc-df-celebra-outubro-prateado-com-programacao-especial-voltada-para-publico-idoso\/"},"modified":"2023-01-04T10:15:34","modified_gmt":"2023-01-04T13:15:34","slug":"sesc-df-celebra-outubro-prateado-com-programacao-especial-voltada-para-publico-idoso","status":"publish","type":"post","link":"https:\/\/aguaslindasnoticias.com.br\/index.php\/2023\/01\/04\/sesc-df-celebra-outubro-prateado-com-programacao-especial-voltada-para-publico-idoso\/","title":{"rendered":"Sesc-DF celebra Outubro Prateado com programa\u00e7\u00e3o especial voltada para p\u00fablico idoso"},"content":{"rendered":"\n<figure class=\"wp-block-image size-large\"><img decoding=\"async\" src=\"http:\/\/claricegulyas.com.br\/wp-content\/uploads\/2022\/10\/52401931042_fd4d740790_c.jpg\" alt=\"\" class=\"wp-image-10865\"\/><\/figure>\n\n\n\n<p>\u200b\u200b\u200b\u200bMais de 400 idosos do Grupo dos Mais Vividos (GMV), do Sesc-DF, participaram da abertura do projeto Outubro Prateado, nesta segunda-feira (3) no Sesc de Ceil\u00e2ndia. A inciativa ocorrer\u00e1 durante todo o m\u00eas e tem como finalidade oferecer acolhimento aos idosos com pr\u00e1ticas f\u00edsicas, culturais, manuais e educativas, al\u00e9m de sensibilizar a sociedade para as quest\u00f5es do envelhecimento, incentivando o di\u00e1logo sobre a import\u00e2ncia de proteger, cuidar e garantir a autonomia da popula\u00e7\u00e3o idosa. Tudo isso para lan\u00e7ar um olhar voltado ao envelhecimento ativo e saud\u00e1vel, al\u00e9m de propor debate sobre intergeracionalidade e preven\u00e7\u00e3o ao idadismo.\u00a0<\/p>\n\n\n\n<p>O Outubro Prateado \u00e9 resultado de parceria entre Sesc-DF, Universidade de Bras\u00edlia (UnB) e Defensoria P\u00fablica. \u00a0O pontap\u00e9 inicial da campanha contou com intensa programa\u00e7\u00e3o e diversas atividades. Ainda no primeiro dia, os idosos participaram de palestra com o tema \u201cN\u00e3o Caia em Golpe&#8221; e assistiram a apresenta\u00e7\u00e3o do Coral do GMV de Ceil\u00e2ndia. Depois de um delicioso almo\u00e7o teve muita divers\u00e3o com apresenta\u00e7\u00e3o musical ao som de sucessos da m\u00fasica popular brasileira, seguido de bingo e da tarde dan\u00e7ante.\u00a0<\/p>\n\n\n\n<p>O presidente do Sistema Fecom\u00e9rcio-DF, Jos\u00e9 Aparecido Freire, participou da solenidade de abertura do projeto e ressaltou a import\u00e2ncia do trabalho com pessoas idosas realizado pelo Sesc-DF. \u201cO Sesc-DF promove, h\u00e1 cerca de 20 anos, v\u00e1rias iniciativas como o Outubro Prateado, evento dedicado a homenagear e cuidar das pessoas idosas. Fazemos isso com o intuito de valorizar os mais vividos. Neste ano, os encontros s\u00e3o mais que especiais, pois acontecem depois de dois anos de pandemia. Agora nosso p\u00fablico tem a oportunidade de se reunirem presencialmente&#8221;, disse o presidente.\u00a0<\/p>\n\n\n\n<p>H\u00e1 quase 20 anos, o Sesc-DF disse sim para acolher pessoas chegando na velhice, refor\u00e7ando seus direitos e estimulando as potencialidades dos participantes. A institui\u00e7\u00e3o \u00e9 refer\u00eancia no Brasil com seu trabalho voltado para o p\u00fablico da pessoa idosa. Em 2023, ser\u00e3o 60 anos de atua\u00e7\u00e3o em todo o Pa\u00eds, acumulando depoimentos emocionantes de quem encontrou no Sesc motivos para sorrir e, ate mesmo, para se recuperar de diversas doen\u00e7as e comorbidades.\u00a0A coordenadora de Assist\u00eancia Social do Sesc-DF, Adriana Costa, comemorou a oportunidade de, ap\u00f3s a pandemia, promover presencialmente a comemora\u00e7\u00e3o ao dia Internacional da Pessoa Idosa, celebrado em 1\u00ba de outubro. <\/p>\n\n\n\n<p>Adriana explica que o projeto traz uma reflex\u00e3o sobre envelhecer com dignidade. \u201cAntes as pessoas n\u00e3o chegavam a 50 anos de idade e hoje a m\u00e9dia do Pa\u00eds \u00e9 de 78 anos. O Pa\u00eds envelhece e as pol\u00edticas p\u00fablicas voltadas para este p\u00fablico n\u00e3o acompanham o processo. \u00c9 por isso que o Sesc tamb\u00e9m atua junto as pessoas idosas. \u00c9 com o cora\u00e7\u00e3o cheio de gratid\u00e3o que agradecemos a participa\u00e7\u00e3o de todos os GMV espalhados nas unidades do Sesc. A institui\u00e7\u00e3o \u00e9 protagonista em reliza\u00e7\u00f5es de atividades junto a pessoa idosa e continuar\u00e1 trabalhando incansavelmente pela qualidade de vida dessas pessoas&#8221;, disse Adriana.\u00a0<\/p>\n\n\n\n<p>A coordena\u00e7\u00e3o de assist\u00eancia social do Sesc-DF desenvolve diversas a\u00e7\u00f5es nas unidades operacionais com o intuito de ampliar a rede de suporte social ao p\u00fablico de pessoas idosas. E refor\u00e7a que estes aspectos s\u00e3o important\u00edssimos para a preserva\u00e7\u00e3o da autonomia e independ\u00eancia de quem envelhece. \u00a0\u00a0\u200bLair Moreno do Nascimento, professora aposentada e participante do GMV na unidade de Taguatinga Sul, decidiu ingressar no projeto ap\u00f3s encerrar sua carreira profissional com mais de 26 anos de dedica\u00e7\u00e3o. Segundo ela, naquela \u00e9poca era preciso estabelecer novas prioridades para sua vida. Foi a\u00ed que entrou o Grupo dos Mais Vividos. \u201cPercebi que o tempo j\u00e1 n\u00e3o me impedia mais de realizar meus sonhos. Quando cheguei ao Distrito Federal estava me recuperando de uma depress\u00e3o e recebi indica\u00e7\u00e3o m\u00e9dica que precisava de atividades f\u00edsicas com \u00e1gua. <\/p>\n\n\n\n<p>O Sesc-DF entrou na minha vida e causou uma verdadeira revolu\u00e7\u00e3o. Ao me permitir participar de atividades pensadas e planejadas que objetivam o crescimento social e pessoal de pessoas idosas. Isso permitiu que eu me tornasse uma pessoa melhor, com maior consci\u00eancia coletiva e construtora de outras rela\u00e7\u00f5es que hoje oportunizam a integra\u00e7\u00e3o com outras idades&#8221;, disse dona Lair.\u00a0<strong>Sobre o Grupo dos Mais Vividos<\/strong>\u00a0<\/p>\n\n\n\n<p>O Grupo dos Mais Vividos &#8211; GMV \u00e9 um projeto da Coordena\u00e7\u00e3o de Assist\u00eancia do Sesc DF direcionado para pessoas acima de 60 anos com o objetivo de promover qualidade de vida e estimula\u200br a autonomia, o protagonismo e o empoderamento da pessoa idosa, atrav\u00e9s de atividades socioeducativas, l\u00fadicas e interativas.\u00a0Este grupo consiste na realiza\u00e7\u00e3o de atividades que possibilitem a articula\u00e7\u00e3o das dimens\u00f5es individuais e sociais, tornando a velhice uma fase significativa e produtiva da vida dos participantes com a\u00e7\u00f5es voltadas para o exerc\u00edcio da cidadania, enfrentamento do age\u00edsmo e fortalecimento do idoso enquanto protagonista.<\/p>\n\n\n\n<p>As atividades acontecem nas Unidades do Sesc DF: 504 Sul, 913 Sul, Ceil\u00e2ndia, Gama, Guar\u00e1, Taguatinga Norte e Taguatinga Sul e tamb\u00e9m de modo virtual para projetos espec\u00edficos.\u00a0S\u00e3o realizadas atividades diversas, tais como: Oficina de Artes e Artesanato, Exerc\u00edcios cognitivos, Cidadania, Gerontotecnologia, Atividades F\u00edsicas e Recreativas, Preven\u00e7\u00e3o de Quedas, Palestras Educativas e Informativas, Campanhas e Semin\u00e1rios.<\/p>\n\n\n\n<p>Para fazer parte do Grupo dos Mais Vividos &#8211; GMV \u00e9 necess\u00e1rio ter acima de 60 anos, credencial do Sesc, RG e CPF. Com os documentos em m\u00e3os basta se dirigir diretamente nas unidades. \u200b<\/p>\n","protected":false},"excerpt":{"rendered":"<p>\u200b\u200b\u200b\u200bMais de 400 idosos do Grupo dos Mais Vividos (GMV), do Sesc-DF, participaram da abertura do projeto Outubro Prateado, nesta segunda-feira (3) no Sesc de Ceil\u00e2ndia. A inciativa ocorrer\u00e1 durante todo o m\u00eas e tem como finalidade oferecer acolhimento aos idosos com pr\u00e1ticas f\u00edsicas, culturais, manuais e educativas, al\u00e9m de sensibilizar a sociedade para as [&hellip;]<\/p>\n","protected":false},"author":1,"featured_media":0,"comment_status":"open","ping_status":"open","sticky":false,"template":"","format":"standard","meta":{"footnotes":""},"categories":[],"tags":[],"class_list":["post-5824","post","type-post","status-publish","format-standard","hentry"],"_links":{"self":[{"href":"https:\/\/aguaslindasnoticias.com.br\/index.php\/wp-json\/wp\/v2\/posts\/5824","targetHints":{"allow":["GET"]}}],"collection":[{"href":"https:\/\/aguaslindasnoticias.com.br\/index.php\/wp-json\/wp\/v2\/posts"}],"about":[{"href":"https:\/\/aguaslindasnoticias.com.br\/index.php\/wp-json\/wp\/v2\/types\/post"}],"author":[{"embeddable":true,"href":"https:\/\/aguaslindasnoticias.com.br\/index.php\/wp-json\/wp\/v2\/users\/1"}],"replies":[{"embeddable":true,"href":"https:\/\/aguaslindasnoticias.com.br\/index.php\/wp-json\/wp\/v2\/comments?post=5824"}],"version-history":[{"count":0,"href":"https:\/\/aguaslindasnoticias.com.br\/index.php\/wp-json\/wp\/v2\/posts\/5824\/revisions"}],"wp:attachment":[{"href":"https:\/\/aguaslindasnoticias.com.br\/index.php\/wp-json\/wp\/v2\/media?parent=5824"}],"wp:term":[{"taxonomy":"category","embeddable":true,"href":"https:\/\/aguaslindasnoticias.com.br\/index.php\/wp-json\/wp\/v2\/categories?post=5824"},{"taxonomy":"post_tag","embeddable":true,"href":"https:\/\/aguaslindasnoticias.com.br\/index.php\/wp-json\/wp\/v2\/tags?post=5824"}],"curies":[{"name":"wp","href":"https:\/\/api.w.org\/{rel}","templated":true}]}}