{"id":5821,"date":"2023-01-04T10:15:34","date_gmt":"2023-01-04T13:15:34","guid":{"rendered":"https:\/\/aguaslindasnoticias.com.br\/index.php\/2023\/01\/04\/porteiro-e-vigilante-rogerio-morro-da-cruz-e-eleito-deputado-distrital\/"},"modified":"2023-01-04T10:15:34","modified_gmt":"2023-01-04T13:15:34","slug":"porteiro-e-vigilante-rogerio-morro-da-cruz-e-eleito-deputado-distrital","status":"publish","type":"post","link":"https:\/\/aguaslindasnoticias.com.br\/index.php\/2023\/01\/04\/porteiro-e-vigilante-rogerio-morro-da-cruz-e-eleito-deputado-distrital\/","title":{"rendered":"Porteiro e vigilante, Rog\u00e9rio Morro da Cruz \u00e9 eleito deputado distrital"},"content":{"rendered":"\n<figure class=\"wp-block-image size-large\"><img decoding=\"async\" src=\"http:\/\/claricegulyas.com.br\/wp-content\/uploads\/2022\/10\/rogerio-morro-da-cruz-eleito-1024x683.jpg\" alt=\"\" class=\"wp-image-10853\"\/><\/figure>\n\n\n\n<p><em>Lideran\u00e7a de S\u00e3o Sebasti\u00e3o chegou a ser preso em 2018 para evitar derrubadas na regi\u00e3o<\/em><\/p>\n\n\n\n<p>Com 18.207 votos, <strong>Rog\u00e9rio Morro da Cru<\/strong>z acaba de ser eleito deputado distrital pelo partido PMN. Atual suplente de distrital e ativista pol\u00edtico de S\u00e3o Sebasti\u00e3o liderava todas as pesquisas para a C\u00e2mara Legislativa. Deputado trabalhou como vigilante e porteiro em condom\u00ednios residenciais do Distrito Federal. Nas elei\u00e7\u00f5es passadas, quando concorreu pela primeira vez \u00e0s elei\u00e7\u00f5es, Rog\u00e9rio obteve 5.718 votos.<\/p>\n\n\n\n<p>&#8220;Sou eternamente grato a todos 18.207 eleitores de S\u00e3o Sebasti\u00e3o e todo DF que votaram em mim. Foram voc\u00eas que acreditam no meu projeto e que acabaram de abrir as portas de todo o DF para que os que ainda n\u00e3o acreditam possam ver com os seus pr\u00f3prios olhos que a minha luta e trabalho sempre foram e ser\u00e3o em prol de todos os que est\u00e3o cansados da forma &#8216;convencional&#8217; de se fazer pol\u00edtica. Nosso projeto \u00e9 para todos. Contem comigo e podem ter certeza eu vim para mudar! Eu sou Rog\u00e9rio Morro da Cruz, o seu empregado! Obrigado a Deus e todo DF!&#8221;, agradeceu Rog\u00e9rio Morro da Cruz em suas m\u00eddias digitais.<\/p>\n\n\n\n<p><strong>Defensor da moradia<\/strong><\/p>\n\n\n\n<p>Atuante e participativo, Rog\u00e9rio Morro da Cruz \u00e9 conhecido por realizar e apoiar a\u00e7\u00f5es sociais que beneficiam centenas de fam\u00edlias que moram em S\u00e3o Sebasti\u00e3o, seja por meio de bingos, rifas ou diversas outras iniciativas que contam com o apoio de comerciantes e moradores. Morador do Morro da Cruz, conhece de perto os problemas da cidade, principalmente, em \u00e1reas, como Cap\u00e3o Comprido, Expans\u00e3o do Bela Vista, Itaip\u00fa, S\u00e3o Gabriel, Vila do Boa, Bora Mansa, Vila Vit\u00f3ria e Vila Green.<\/p>\n\n\n\n<p>\u201cDefendo o direito sagrado \u00e0 moradia e a melhoria das infraestruturas dessas regi\u00f5es. Estou ciente que n\u00e3o cabe aos deputados distritais as prerrogativas do Executivo, no entanto, sei da import\u00e2ncia que tem um distrital para o desenvolvimento de uma regi\u00e3o, seja atrav\u00e9s de emendas parlamentares e ou parcerias com as secretarias e autarquias do governo do DF\u201d, diz.<\/p>\n\n\n\n<p>Voz do sofrimento e do desespero de tantos brasileiros jogados \u00e0 pr\u00f3pria sorte diante da m\u00e1 vontade pol\u00edtica, Rog\u00e9rio Morro da Cruz, 41 anos, j\u00e1 foi at\u00e9 mesmo preso por protestar contra derrubadas e abandono dos governos anteriores. O reconhecimento de um trabalho bem feito e tamb\u00e9m \u00e0 frente da Associa\u00e7\u00e3o dos Moradores do Morro da Cruz veio atrav\u00e9s das urnas nas elei\u00e7\u00f5es de 2018, quando obteve 5.718 votos ao disputar uma cadeira na C\u00e2mara Legislativa pelo partido Avante.<\/p>\n","protected":false},"excerpt":{"rendered":"<p>Lideran\u00e7a de S\u00e3o Sebasti\u00e3o chegou a ser preso em 2018 para evitar derrubadas na regi\u00e3o Com 18.207 votos, Rog\u00e9rio Morro da Cruz acaba de ser eleito deputado distrital pelo partido PMN. Atual suplente de distrital e ativista pol\u00edtico de S\u00e3o Sebasti\u00e3o liderava todas as pesquisas para a C\u00e2mara Legislativa. Deputado trabalhou como vigilante e porteiro [&hellip;]<\/p>\n","protected":false},"author":1,"featured_media":0,"comment_status":"open","ping_status":"open","sticky":false,"template":"","format":"standard","meta":{"footnotes":""},"categories":[],"tags":[],"class_list":["post-5821","post","type-post","status-publish","format-standard","hentry"],"_links":{"self":[{"href":"https:\/\/aguaslindasnoticias.com.br\/index.php\/wp-json\/wp\/v2\/posts\/5821","targetHints":{"allow":["GET"]}}],"collection":[{"href":"https:\/\/aguaslindasnoticias.com.br\/index.php\/wp-json\/wp\/v2\/posts"}],"about":[{"href":"https:\/\/aguaslindasnoticias.com.br\/index.php\/wp-json\/wp\/v2\/types\/post"}],"author":[{"embeddable":true,"href":"https:\/\/aguaslindasnoticias.com.br\/index.php\/wp-json\/wp\/v2\/users\/1"}],"replies":[{"embeddable":true,"href":"https:\/\/aguaslindasnoticias.com.br\/index.php\/wp-json\/wp\/v2\/comments?post=5821"}],"version-history":[{"count":0,"href":"https:\/\/aguaslindasnoticias.com.br\/index.php\/wp-json\/wp\/v2\/posts\/5821\/revisions"}],"wp:attachment":[{"href":"https:\/\/aguaslindasnoticias.com.br\/index.php\/wp-json\/wp\/v2\/media?parent=5821"}],"wp:term":[{"taxonomy":"category","embeddable":true,"href":"https:\/\/aguaslindasnoticias.com.br\/index.php\/wp-json\/wp\/v2\/categories?post=5821"},{"taxonomy":"post_tag","embeddable":true,"href":"https:\/\/aguaslindasnoticias.com.br\/index.php\/wp-json\/wp\/v2\/tags?post=5821"}],"curies":[{"name":"wp","href":"https:\/\/api.w.org\/{rel}","templated":true}]}}