{"id":5819,"date":"2023-01-04T10:15:34","date_gmt":"2023-01-04T13:15:34","guid":{"rendered":"https:\/\/aguaslindasnoticias.com.br\/index.php\/2023\/01\/04\/festival-de-natacao-do-sesc-gama-sera-realizado-no-dia-12-de-outubro\/"},"modified":"2023-01-04T10:15:34","modified_gmt":"2023-01-04T13:15:34","slug":"festival-de-natacao-do-sesc-gama-sera-realizado-no-dia-12-de-outubro","status":"publish","type":"post","link":"https:\/\/aguaslindasnoticias.com.br\/index.php\/2023\/01\/04\/festival-de-natacao-do-sesc-gama-sera-realizado-no-dia-12-de-outubro\/","title":{"rendered":"Festival de Nata\u00e7\u00e3o do SESC Gama ser\u00e1 realizado no dia 12 de outubro"},"content":{"rendered":"\n<figure class=\"wp-block-image size-large\"><img decoding=\"async\" src=\"http:\/\/claricegulyas.com.br\/wp-content\/uploads\/2022\/09\/natacao-1024x663.png\" alt=\"\" class=\"wp-image-10845\"\/><\/figure>\n\n\n\n<p>O Servi\u00e7o Social do Com\u00e9rcio\u00a0 (SESC-DF), realiza no dia 12 de outubro, das 9h \u00e0s 13h o seu tradicional Festival de Nata\u00e7\u00e3o. O evento \u00e9 voltado a alunos matriculados no SESC, na unidade do Gama, na modalidade de nata\u00e7\u00e3o. Crian\u00e7as e adolescentes de 6 meses a 14 anos poder\u00e3o participar do evento, que ter\u00e1 at\u00e9 200 vagas. <br><br>Os interessados podem se dirigir \u00e0 unidade do SESC, localizada no Setor Leste Industrial, QI 1 Lotes 620, 640, 660 e 680 Gama \u2013\u00a0DF,\u00a0para fazer a sua inscri\u00e7\u00e3o, sob a taxa de R$ 15,00, diretamente com um educador f\u00edsico da unidade.\u00a0Para o diretor regional do SESC-DF, Valcides Ara\u00fajo a nata\u00e7\u00e3o infantil proporciona a constru\u00e7\u00e3o da autoconfian\u00e7a nos pequenos.<\/p>\n\n\n\n<p> \u201cA pr\u00e1tica esportiva auxilia no desenvolvimento das crian\u00e7as, estimulando habilidades de aprendizado, al\u00e9m de permitir que as crian\u00e7as se desenvolvam melhor em diversos aspectos, principalmente no que tange \u00e0\u00a0 socializa\u00e7\u00e3o, gerando benef\u00edcios para toda a vida, mesmo que as atividades se iniciem nos primeiros anos de vida\u201d. \u201cPara elas \u00e9 como aprender brincando\u201d, ressalta.\u00a0\u00a0<br><br>A programa\u00e7\u00e3o para o Festival ser\u00e1 composta por apresenta\u00e7\u00e3o cultural, com a presen\u00e7a do DJ Jean Carlos, apresenta\u00e7\u00e3o de Teatro de Bonecos do grupo Fuzu\u00ea Mamulengo, al\u00e9m de brinquedos infl\u00e1veis e presen\u00e7a de personagens infantis para alegrar a crian\u00e7ada. <br><br>Na ocasi\u00e3o tamb\u00e9m haver\u00e1 a distribui\u00e7\u00e3o de picol\u00e9s e kit nutricional.\u00a0Para o coordenador de Esporte e Lazer do Sesc-DF, Gustavo Schmarczek Beier, a nata\u00e7\u00e3o \u00e9 uma \u00f3tima escolha para o desenvolvimento infantil. <br><br>\u201cA nata\u00e7\u00e3o \u00e9 considerada uma das atividades f\u00edsicas mais completas, atua diretamente na aptid\u00e3o cardiorrespirat\u00f3ria, melhorando o condicionamento f\u00edsicos, o fortalecimento muscular e a qualidade do sono, fundamental nessa fase de crescimento. Al\u00e9m de ben\u00e9ficos para o corpo e sa\u00fade, aprender a nadar \u00e9 essencial para a seguran\u00e7a dos pequeninos, principalmente em viagens e passeios para locais como clubes e praias&#8221;.\u00a0<\/p>\n\n\n\n<p><strong>Mais sobre o SESC Gama<\/strong>\u00a0A unidade do SESC localizada no Gama atende cerca de 3.500\u00a0 pessoas, que buscam os mais diversos atendimentos, tais como: m\u00e9dico, odontologia, turismo social, educa\u00e7\u00e3o infantil, atividades esportivas e lazer.\u00a0Em 21 de abril de 2010, a unidade passou a ser chamada de Centro de Atividades Sesc Gama. O empreendimento conta com instala\u00e7\u00f5es amplas e modernas. Com quase 11 mil metros quadrados, o que possibilita o acesso de milhares de pessoas a servi\u00e7os de alta qualidade, nas \u00e1reas de Educa\u00e7\u00e3o, Sa\u00fade, Alimenta\u00e7\u00e3o, Esporte e Lazer, Cultura, A\u00e7\u00e3o Social e Turismo.\u00a0<\/p>\n\n\n\n<p><strong>Servi\u00e7o<\/strong><br><strong>Festival de Nata\u00e7\u00e3o do SESC-Gama<\/strong><br>Hor\u00e1rio: 9h \u00e0s 13h.<br>P\u00fablico: 200 crian\u00e7as.<br>Faixa et\u00e1ria: 6 meses a 14 anos<br>Taxa de inscri\u00e7\u00e3o: R$ 15,00 (pagamento no Caixa da Unidade)<br><br>\u200b<strong>Fotos: Felipe Menezes\/ SESC-DFTexto: Daniela Uejo\/SESC-DF<\/strong><\/p>\n\n\n\n<p><\/p>\n","protected":false},"excerpt":{"rendered":"<p>O Servi\u00e7o Social do Com\u00e9rcio\u00a0 (SESC-DF), realiza no dia 12 de outubro, das 9h \u00e0s 13h o seu tradicional Festival de Nata\u00e7\u00e3o. O evento \u00e9 voltado a alunos matriculados no SESC, na unidade do Gama, na modalidade de nata\u00e7\u00e3o. Crian\u00e7as e adolescentes de 6 meses a 14 anos poder\u00e3o participar do evento, que ter\u00e1 at\u00e9 [&hellip;]<\/p>\n","protected":false},"author":1,"featured_media":0,"comment_status":"open","ping_status":"open","sticky":false,"template":"","format":"standard","meta":{"footnotes":""},"categories":[],"tags":[],"class_list":["post-5819","post","type-post","status-publish","format-standard","hentry"],"_links":{"self":[{"href":"https:\/\/aguaslindasnoticias.com.br\/index.php\/wp-json\/wp\/v2\/posts\/5819","targetHints":{"allow":["GET"]}}],"collection":[{"href":"https:\/\/aguaslindasnoticias.com.br\/index.php\/wp-json\/wp\/v2\/posts"}],"about":[{"href":"https:\/\/aguaslindasnoticias.com.br\/index.php\/wp-json\/wp\/v2\/types\/post"}],"author":[{"embeddable":true,"href":"https:\/\/aguaslindasnoticias.com.br\/index.php\/wp-json\/wp\/v2\/users\/1"}],"replies":[{"embeddable":true,"href":"https:\/\/aguaslindasnoticias.com.br\/index.php\/wp-json\/wp\/v2\/comments?post=5819"}],"version-history":[{"count":0,"href":"https:\/\/aguaslindasnoticias.com.br\/index.php\/wp-json\/wp\/v2\/posts\/5819\/revisions"}],"wp:attachment":[{"href":"https:\/\/aguaslindasnoticias.com.br\/index.php\/wp-json\/wp\/v2\/media?parent=5819"}],"wp:term":[{"taxonomy":"category","embeddable":true,"href":"https:\/\/aguaslindasnoticias.com.br\/index.php\/wp-json\/wp\/v2\/categories?post=5819"},{"taxonomy":"post_tag","embeddable":true,"href":"https:\/\/aguaslindasnoticias.com.br\/index.php\/wp-json\/wp\/v2\/tags?post=5819"}],"curies":[{"name":"wp","href":"https:\/\/api.w.org\/{rel}","templated":true}]}}