{"id":5818,"date":"2023-01-04T10:15:26","date_gmt":"2023-01-04T13:15:26","guid":{"rendered":"https:\/\/aguaslindasnoticias.com.br\/index.php\/2023\/01\/04\/banda-cadibode-faz-show-na-infinu-29-9-antes-de-seguir-para-europa\/"},"modified":"2023-01-04T10:15:26","modified_gmt":"2023-01-04T13:15:26","slug":"banda-cadibode-faz-show-na-infinu-29-9-antes-de-seguir-para-europa","status":"publish","type":"post","link":"https:\/\/aguaslindasnoticias.com.br\/index.php\/2023\/01\/04\/banda-cadibode-faz-show-na-infinu-29-9-antes-de-seguir-para-europa\/","title":{"rendered":"Banda Cadib\u00f3dE faz show na Infinu (29\/9) antes de seguir para Europa"},"content":{"rendered":"\n<figure class=\"wp-block-image size-large\"><img decoding=\"async\" src=\"http:\/\/claricegulyas.com.br\/wp-content\/uploads\/2022\/09\/rock-1024x574.jpg\" alt=\"\" class=\"wp-image-10842\"\/><\/figure>\n\n\n\n<p><em>Quinteto apresenta a pol\u00eamica &#8220;Minions&#8221; em evento na pr\u00f3xima quinta-feira (29\/9), a partir das 19h, na Infinu Comunidade Criativa (506 Sul). Durante o m\u00eas de outubro far\u00e1 turn\u00ea com 24 datas por 12 pa\u00edses do Velho Continente<br><br><\/em>R\u00e1pida, pesada, experimental, irreverente. Assim \u00e9 a banda brasiliense&nbsp;<strong>Cadib\u00f3dE<\/strong>, que desde 2021 \u00e9 formada por&nbsp;<strong>Bolh\u00e3o (voz), Pedro Ben e Cacaes (guitarras), Gui &#8220;Bill&#8221; (baixo) e Costela (bateria)<\/strong>. Na&nbsp;<strong>pr\u00f3xima quinta-feira (29\/9)<\/strong>&nbsp;o quinteto far\u00e1 o lan\u00e7amento nas plataformas digitais do<strong>&nbsp;single &#8220;Minions&#8221;<\/strong>, em letra de forte cr\u00edtica pol\u00edtica e social, com&nbsp;<strong>show a partir das 19h na Infinu Comunidade Criativa (506 Sul)<\/strong>&nbsp;ao lado das conterr\u00e2neas&nbsp;<strong>Imortal Joe, Mofo e Evil Breath<\/strong><em>(leia servi\u00e7o mais abaixo)<\/em>. Na semana seguinte&nbsp;<strong>o grupo estar\u00e1 na Europa para uma s\u00e9rie de 24 shows viajando por 12 pa\u00edses<\/strong>&nbsp;&#8211; Alemanha, B\u00e9lgica, Holanda, Fran\u00e7a, Espanha, Portugal, Su\u00ed\u00e7a, It\u00e1lia, Eslov\u00eania, Hungria, \u00c1ustria e Rep\u00fablica Tcheca &#8211; at\u00e9 o dia 29 de outubro. &nbsp; &nbsp;<\/p>\n\n\n\n<p>Na estrada desde 2011, o&nbsp;<strong>Cadib\u00f3dE<\/strong>&nbsp;promove uma mistura de hardcore e elementos do stoner, thrash metal e m\u00fasica regional brasileira com letras que falam do cotidiano, amor, raiva, pol\u00edtica e controle social e performances ao vivo cheias de paix\u00e3o e energia. Em 2012 estreou fonograficamente com o&nbsp;<strong>EP &#8220;Cadib\u00f3dE&#8221;<\/strong>, gravado no Est\u00fadio Madruga (Bras\u00edlia) e produzido por Rafael Maranh\u00e3o. Em 2016 foi a vez do&nbsp;<strong>\u00e1lbum &#8220;Ficar Doido \u00e9 Fei&#8221;<\/strong>, registrado na Casa do Lampadinha (S\u00e3o Paulo), com produ\u00e7\u00e3o de Lampadinha, ganhador de 10 Grammys Latinos. Em 2018 saiu o&nbsp;<strong>split &#8220;Josh!&#8221;<\/strong>&nbsp;ao lado da tamb\u00e9m&nbsp;banda brasiliense&nbsp;<strong>Agressivo Pau P\u00f4di<\/strong>, gravado no 1234 Studio (Bras\u00edlia) sob a batuta de Pedro Tavares. At\u00e9 o fim de 2022, a banda promete soltar novo trabalho. Como &#8220;aperitivos&#8221; est\u00e3o dispon\u00edveis dois novos singles:&nbsp;<strong>&#8220;Cheiracolagem&#8221;<\/strong>&nbsp;(lan\u00e7ado em agosto) e, agora,&nbsp;<strong>&#8220;Minions&#8221;<\/strong>.<\/p>\n\n\n\n<p>Excursionar, por sinal, virou especialidade do&nbsp;<strong>Cadib\u00f3dE<\/strong>, que j\u00e1 tocou nas principais casas de shows do Distrito Federal e em festivais como<strong>&nbsp;&#8220;Sai da Lata&#8221;<\/strong>&nbsp;(2012),&nbsp;<strong>&#8220;Por\u00e3o do Rock&#8221;<\/strong>&nbsp;(2013 e 2018),&nbsp;<strong>&#8220;Tr\u00fa Festival&#8221;<\/strong>&nbsp;(2018) e&nbsp;<strong>&#8220;Garage Sounds&#8221;&nbsp;<\/strong>(Fortaleza, 2018). Em 2016, em esquema &#8220;fa\u00e7a voc\u00ea mesmo&#8221;, fez&nbsp;<strong>turn\u00ea com mais de 40 datas pelo Brasil<\/strong>. Em 2018 percorreu o Sudeste com a galera do Agressivo Pau P\u00f4di, com&nbsp;<strong>10 shows em 10 dias<\/strong>. No ano seguinte repetiu a parceria pelo Nordeste, viajando por oito estados, com&nbsp;<strong>17 shows em 18 dias<\/strong>, numa viagem de 7 mil km!<\/p>\n\n\n\n<p><strong>SERVI\u00c7O<\/strong><br><strong>Cadib\u00f3dE Vai Pra Europa!<\/strong><br><strong>Dia<\/strong>: 29\/9 (quinta-feira)<br><strong>Local<\/strong>: Infinu Comunidade Criativa (CRS 506, Bloco A, Loja 67)<br><strong>Hor\u00e1rio<\/strong>: 19h<br><strong>Bandas<\/strong>: Cadib\u00f3dE, Imortal Joe, Mofo e Evil Breath<br><strong>Ingressos<\/strong>:<br>Antecipados&nbsp;&#8211; R$ 20,00 \u00e0 venda pelo Sympla:&nbsp;<a href=\"http:\/\/www.sympla.com.br\/evento\/cadibode-vai-para-europa\/1729275\" target=\"_blank\" rel=\"noreferrer noopener\">www.sympla.com.br\/evento\/cadibode-vai-para-europa\/1729275<\/a><br>Na hora&nbsp;&#8211; R$ 30,00<br><strong>Mais informa\u00e7\u00f5es<\/strong>:&nbsp;<a href=\"http:\/\/www.facebook.com\/events\/486818896636376\" target=\"_blank\" rel=\"noreferrer noopener\">www.facebook.com\/events\/486818896636376<\/a><br><strong>Realiza\u00e7\u00e3o<\/strong>: Casa da Val, Infinu e Converg\u00eancia Social<\/p>\n","protected":false},"excerpt":{"rendered":"<p>Quinteto apresenta a pol\u00eamica &#8220;Minions&#8221; em evento na pr\u00f3xima quinta-feira (29\/9), a partir das 19h, na Infinu Comunidade Criativa (506 Sul). Durante o m\u00eas de outubro far\u00e1 turn\u00ea com 24 datas por 12 pa\u00edses do Velho Continente R\u00e1pida, pesada, experimental, irreverente. Assim \u00e9 a banda brasiliense&nbsp;Cadib\u00f3dE, que desde 2021 \u00e9 formada por&nbsp;Bolh\u00e3o (voz), Pedro Ben [&hellip;]<\/p>\n","protected":false},"author":1,"featured_media":0,"comment_status":"open","ping_status":"open","sticky":false,"template":"","format":"standard","meta":{"footnotes":""},"categories":[],"tags":[],"class_list":["post-5818","post","type-post","status-publish","format-standard","hentry"],"_links":{"self":[{"href":"https:\/\/aguaslindasnoticias.com.br\/index.php\/wp-json\/wp\/v2\/posts\/5818","targetHints":{"allow":["GET"]}}],"collection":[{"href":"https:\/\/aguaslindasnoticias.com.br\/index.php\/wp-json\/wp\/v2\/posts"}],"about":[{"href":"https:\/\/aguaslindasnoticias.com.br\/index.php\/wp-json\/wp\/v2\/types\/post"}],"author":[{"embeddable":true,"href":"https:\/\/aguaslindasnoticias.com.br\/index.php\/wp-json\/wp\/v2\/users\/1"}],"replies":[{"embeddable":true,"href":"https:\/\/aguaslindasnoticias.com.br\/index.php\/wp-json\/wp\/v2\/comments?post=5818"}],"version-history":[{"count":0,"href":"https:\/\/aguaslindasnoticias.com.br\/index.php\/wp-json\/wp\/v2\/posts\/5818\/revisions"}],"wp:attachment":[{"href":"https:\/\/aguaslindasnoticias.com.br\/index.php\/wp-json\/wp\/v2\/media?parent=5818"}],"wp:term":[{"taxonomy":"category","embeddable":true,"href":"https:\/\/aguaslindasnoticias.com.br\/index.php\/wp-json\/wp\/v2\/categories?post=5818"},{"taxonomy":"post_tag","embeddable":true,"href":"https:\/\/aguaslindasnoticias.com.br\/index.php\/wp-json\/wp\/v2\/tags?post=5818"}],"curies":[{"name":"wp","href":"https:\/\/api.w.org\/{rel}","templated":true}]}}