{"id":5815,"date":"2023-01-04T10:15:26","date_gmt":"2023-01-04T13:15:26","guid":{"rendered":"https:\/\/aguaslindasnoticias.com.br\/index.php\/2023\/01\/04\/subsecretaria-de-atividade-psicossocial-e-nucleo-de-direitos-humanos-da-dpdf-promovem-atividade-cultural\/"},"modified":"2023-01-04T10:15:26","modified_gmt":"2023-01-04T13:15:26","slug":"subsecretaria-de-atividade-psicossocial-e-nucleo-de-direitos-humanos-da-dpdf-promovem-atividade-cultural","status":"publish","type":"post","link":"https:\/\/aguaslindasnoticias.com.br\/index.php\/2023\/01\/04\/subsecretaria-de-atividade-psicossocial-e-nucleo-de-direitos-humanos-da-dpdf-promovem-atividade-cultural\/","title":{"rendered":"Subsecretaria de Atividade Psicossocial e N\u00facleo de Direitos Humanos da DPDF promovem atividade cultural"},"content":{"rendered":"\n<figure class=\"wp-block-image size-large\"><img decoding=\"async\" src=\"http:\/\/claricegulyas.com.br\/wp-content\/uploads\/2022\/09\/defensoria-publcia-df-1024x768.jpeg\" alt=\"\" class=\"wp-image-10832\"\/><\/figure>\n\n\n\n<p><em>Pessoas em situa\u00e7\u00e3o de vulnerabilidade, que est\u00e3o em algum acolhimento institucional, tiveram a oportunidade de assistir ao espet\u00e1culo circense gratuitamente<\/em><\/p>\n\n\n\n<p>A <strong>Subsecretaria de Atividade Psicossocial (SUAP)<\/strong> e o <strong>N\u00facleo de Direitos Humanos da Defensoria P\u00fablica do Distrito Federal (NDH\/DPDF)<\/strong> promoveram uma a\u00e7\u00e3o que forneceu ingressos para pessoas em situa\u00e7\u00e3o de vulnerabilidade e servidores da institui\u00e7\u00e3o. Em parceria com o Instituto Inclus\u00e3o, a Casa de Ismael e a Institui\u00e7\u00e3o C\u00e1ritas, foram mobilizados transporte e servidores para acompanhar as crian\u00e7as e adultos. A <strong>Associa\u00e7\u00e3o das Defensoras e Defensores P\u00fablicos (ADEP\/DF)<\/strong> tamb\u00e9m foi parceira da a\u00e7\u00e3o e sensibilizou defensores(as) p\u00fablicos (as) para prestigiarem o espet\u00e1culo.<\/p>\n\n\n\n<p>Na noite da \u00faltima quinta-feira (22\/9), cerca de 250 pessoas em situa\u00e7\u00e3o de vulnerabilidade assistiram ao espet\u00e1culo circense do Circo Maximus&nbsp;. A a\u00e7\u00e3o levou cultura, lazer, entretenimento e direitos sociais para os convidados, alcan\u00e7ando tamb\u00e9m a sa\u00fade mental dos usu\u00e1rios e servidores da Casa.<\/p>\n\n\n\n<p>Comunidades ind\u00edgenas, crian\u00e7as, mulheres, pessoas em situa\u00e7\u00e3o de rua e outros grupos que est\u00e3o em situa\u00e7\u00e3o de vulnerabilidade e em acolhimentos institucionais foram beneficiados pelo evento.&nbsp; De acordo com a Subsecret\u00e1ria da SUAP, Roberta de \u00c1vila, <em>\u201cesse momento \u00e9 hist\u00f3rico para a Defensoria, uma oportunidade inclusive para o servidor que atende o usu\u00e1rio vivenciar essa frui\u00e7\u00e3o e intera\u00e7\u00e3o cultural , da import\u00e2ncia da arte e lazer tamb\u00e9m como garantia de direitos, e ainda nos apropriar da magia do circo permitindo sonhos e esperan\u00e7a!<\/em>\u201d<\/p>\n\n\n\n<p>Com sorrisos radiantes, crian\u00e7as e adultos esperaram ansiosos pela noite envolvidos na magia do circo. Na fila de entrada, uma mulher em situa\u00e7\u00e3o de abrigamento relatou que aquela havia sido a primeira vez que foi ao circo.&nbsp;<\/p>\n\n\n\n<p>Envolta pelo universo l\u00fadico do circo, a assistida relatou que a experi\u00eancia proporcionada foi maravilhosa. <em>\u201cTem muito tempo que eu n\u00e3o venho ao circo, ent\u00e3o estou me sentindo crian\u00e7a de novo&#8221;<\/em>, contou emocionada.<\/p>\n\n\n\n<p>Na a\u00e7\u00e3o, um morador de uma casa abrigo contou que aquela era a primeira vez que levava seu filho, de apenas um ano e dois meses, para conhecer o circo. <em>&#8220;Estar aqui \u00e9 bom para a gente se distrair um pouco e ver pessoas diferentes&#8221;<\/em>, relata. Para ele, a atra\u00e7\u00e3o mais esperada \u00e9 ver a apresenta\u00e7\u00e3o da perna de pau.<\/p>\n\n\n\n<p>Mais uma assistida, que foi ao circo acompanhada da fam\u00edlia e de muitos colegas moradores do mesmo abrigo, descreveu o momento como de extrema alegria n\u00e3o s\u00f3 pelo espet\u00e1culo, mas tamb\u00e9m por estar comemorando uma nova etapa da vida:&nbsp; o aluguel de uma nova casa.<\/p>\n\n\n\n<p>&#8220;<em>Se eu estivesse na rua eu n\u00e3o ia conseguir isso. Eu ia estar triste pelos cantos, a\u00ed o abrigo ajudou a gente para se divertir um pouco e n\u00e3o pensar s\u00f3 em tristeza<\/em>&#8220;, relatou.<\/p>\n\n\n\n<p><em>Thamiris Feitosa<br><\/em><em>Larissa Mota Calixto<br><\/em><em>Assessoria de Comunica\u00e7\u00e3o<\/em><\/p>\n","protected":false},"excerpt":{"rendered":"<p>Pessoas em situa\u00e7\u00e3o de vulnerabilidade, que est\u00e3o em algum acolhimento institucional, tiveram a oportunidade de assistir ao espet\u00e1culo circense gratuitamente A Subsecretaria de Atividade Psicossocial (SUAP) e o N\u00facleo de Direitos Humanos da Defensoria P\u00fablica do Distrito Federal (NDH\/DPDF) promoveram uma a\u00e7\u00e3o que forneceu ingressos para pessoas em situa\u00e7\u00e3o de vulnerabilidade e servidores da institui\u00e7\u00e3o. [&hellip;]<\/p>\n","protected":false},"author":1,"featured_media":0,"comment_status":"open","ping_status":"open","sticky":false,"template":"","format":"standard","meta":{"footnotes":""},"categories":[],"tags":[],"class_list":["post-5815","post","type-post","status-publish","format-standard","hentry"],"_links":{"self":[{"href":"https:\/\/aguaslindasnoticias.com.br\/index.php\/wp-json\/wp\/v2\/posts\/5815","targetHints":{"allow":["GET"]}}],"collection":[{"href":"https:\/\/aguaslindasnoticias.com.br\/index.php\/wp-json\/wp\/v2\/posts"}],"about":[{"href":"https:\/\/aguaslindasnoticias.com.br\/index.php\/wp-json\/wp\/v2\/types\/post"}],"author":[{"embeddable":true,"href":"https:\/\/aguaslindasnoticias.com.br\/index.php\/wp-json\/wp\/v2\/users\/1"}],"replies":[{"embeddable":true,"href":"https:\/\/aguaslindasnoticias.com.br\/index.php\/wp-json\/wp\/v2\/comments?post=5815"}],"version-history":[{"count":0,"href":"https:\/\/aguaslindasnoticias.com.br\/index.php\/wp-json\/wp\/v2\/posts\/5815\/revisions"}],"wp:attachment":[{"href":"https:\/\/aguaslindasnoticias.com.br\/index.php\/wp-json\/wp\/v2\/media?parent=5815"}],"wp:term":[{"taxonomy":"category","embeddable":true,"href":"https:\/\/aguaslindasnoticias.com.br\/index.php\/wp-json\/wp\/v2\/categories?post=5815"},{"taxonomy":"post_tag","embeddable":true,"href":"https:\/\/aguaslindasnoticias.com.br\/index.php\/wp-json\/wp\/v2\/tags?post=5815"}],"curies":[{"name":"wp","href":"https:\/\/api.w.org\/{rel}","templated":true}]}}